{"id":46636,"date":"2020-01-16T15:50:15","date_gmt":"2020-01-16T14:50:15","guid":{"rendered":"https:\/\/www.area-press.eu\/comunicatistampa\/?p=46636"},"modified":"2020-08-09T23:35:32","modified_gmt":"2020-08-09T21:35:32","slug":"berlino84-sotto-la-pioggia-e-il-singolo-indie-pop-del-cantautore-avellinese-nato-a-basilea","status":"publish","type":"post","link":"https:\/\/www.area-press.eu\/comunicatistampa\/2020\/01\/16\/berlino84-sotto-la-pioggia-e-il-singolo-indie-pop-del-cantautore-avellinese-nato-a-basilea\/","title":{"rendered":"Berlino84 \u201cSotto la pioggia\u201d \u00e8 il singolo indie-pop del cantautore avellinese nato a basilea"},"content":{"rendered":"<p><img decoding=\"async\" src=\"https:\/\/www.earone.it\/newsimages\/berlino84_sotto_la_pioggia.jpg___th_320_0.jpg\" alt=\"\" \/><\/p>\n<p><i><span style=\"font-weight: 400\">Nel brano si colgono influenze indie\/pop del momento, sfumature del passato condensate in suoni acustici e synth analogici ad effetto retr\u00f2.\u00a0<\/span><\/i><\/p>\n<p><i><span style=\"font-weight: 400\">\u00abHO SUONATO IN UN CESSO, SU DI UN PALCO, NEI LOCALI, AL CENTRO COMMERCIALE, IN STAZIONE, IN AEREOPORTO, ALLA CENA AZIENDALE, NELLE RADIO LOCALI, IN MACCHINA E IN QUALSIASI ALTRO POSTO DOVE HO TROVATO UN PIANOFORTE O UNA CHITARRA.<\/span><\/i><\/p>\n<p><i><span style=\"font-weight: 400\">CREDO SIA GIUNTO IL MOMENTO DI ANDARE ALL-IN.<\/span><\/i><\/p>\n<p><i><span style=\"font-weight: 400\">MI \u00c8 RIMASTA L\u2019ULTIMA FICHE&#8230;.<\/span><\/i><\/p>\n<p><i><span style=\"font-weight: 400\">CHISSA&#8217; CHE NON CI SIA UN ALTRO GIRO DI RUOTA!!!\u00bb\u00a0<\/span><\/i><\/p>\n<p><iframe loading=\"lazy\" title=\"Berlino84 - Sotto la pioggia\" width=\"500\" height=\"281\" src=\"https:\/\/www.youtube.com\/embed\/kIkS9HSAR1c?feature=oembed\" frameborder=\"0\" allow=\"accelerometer; autoplay; clipboard-write; encrypted-media; gyroscope; picture-in-picture; web-share\" referrerpolicy=\"strict-origin-when-cross-origin\" allowfullscreen><\/iframe><\/p>\n<p><span style=\"font-weight: 400\">Sotto la pioggia nasce a Verona e parla della voglia di due ragazzi che vivono lontani dalla propria casa d\u2019origine ma che condividono lo stesso &#8211; nuovo &#8211; tetto. Solo assieme trovano la forza di affrontare i problemi e ogni ostacolo viene ridimensionato, perch\u00e9 quando si \u00e8 lontani non ci si pu\u00f2 appoggiare a nessuno se non a chi ci \u00e8 accanto.\u00a0<\/span><\/p>\n<p><b>Etichetta:<\/b> <b>MeltinaRecords<\/b><\/p>\n<p><b>BIO<\/b><\/p>\n<p><b>Fabio Gaetano Picciocchi in arte BERLINO84<\/b><span style=\"font-weight: 400\"> nasce a Basilea da genitori emigranti nel 16\/11\/1984. Fin da bambino, eclettico e iperattivo, ascolta i grandi cantautori italiani sottolineando parole e ricantichhiando le melodie. Visto il suo gusto musicale gi\u00e0 maturo, decide di avvicinarsi alla musica dopo che la madre lo iscrive ad un corso di pianoforte all\u2019 et\u00e0 di 7 anni. Ad 11 anni inizia a frequentare il conservatorio di musica dove studier\u00e0 fino ai 17, per poi abbandonarlo e immergersi nel genere pop. All\u2019 et\u00e0 di 18 anni avvia l \u2018approccio alla scrittura, ideando un brano la cui ispirazione nasce dalla morte di un caro amico, a cui lo dedica. Sempre a 18 anni inizia a prendere in mano la chitarra per sentirsi musicalmente pi\u00f9 completo, ed \u00e8 proprio durante questo periodo che si avvicina ed inizia ad amare il periodo musicale berlinese di <\/span><b>David Bowie<\/b><span style=\"font-weight: 400\">. Ora nasce il nome di Berlino84. Oltre David Bowie, nello stesso periodo comincia a riascoltare il cantautorato italiano, e pi\u00f9 precisamente, <\/span><b>Dalla e De Andr\u00e8<\/b><span style=\"font-weight: 400\">, di cui riarranger\u00e0 alcuni brani che suoner\u00e0 live con la sua band.<\/span><\/p>\n<p><span style=\"font-weight: 400\">Poco dopo, a giugno 2019, l\u2019incontro col produttore <\/span><b>Alessandro Cecconi della MeltinaRecords<\/b><span style=\"font-weight: 400\"> che intuisce che in lui ci fosse un artista completo dalla forte personalit\u00e0 e una capacit\u00e0 di scrittura molto originale. Decidono cos\u00ec di mettersi in gioco dando vita al <\/span><b>primo singolo ufficiale SOTTO LA PIOGGIA<\/b><span style=\"font-weight: 400\"> che viene proposto anche a <\/span><b>Musicultura 2020<\/b><span style=\"font-weight: 400\"> dove \u00e8 tuttora in gara. \u201cSotto la pioggia\u201d apre le porte anche alla <\/span><b>Notte Bianca di Napoli<\/b><span style=\"font-weight: 400\"> avvenuta il 5 Gennaio difronte a 10.000 persone. Tra i progetti di questo 2020 c\u2019\u00e8 quello di <\/span><b>dar vita ad un album<\/b><span style=\"font-weight: 400\"> di 8\/9 tracce che lo sappia rappresentare a pieno.<\/span><\/p>\n<p>&nbsp;<\/p>\n<p><b>Contatti e social<\/b><\/p>\n<p><b>Fb <\/b><a href=\"http:\/\/www.facebook.com\/berlino84\/\"><b>www.facebook.com\/berlino84\/<\/b><\/a><\/p>\n<p><b>Ig: berlino84<\/b><\/p>\n<p><b>Canale YT<\/b><a href=\"blank\"><b> www.youtube.com\/channel\/UCuL2bhTH82MX7nBtBo4Ixbw<\/b><\/a><\/p>\n","protected":false},"excerpt":{"rendered":"<p>Nel brano si colgono influenze indie\/pop del momento, sfumature del passato condensate in suoni acustici e synth analogici ad effetto retr\u00f2.\u00a0 \u00abHO SUONATO IN UN CESSO, SU DI UN PALCO, NEI LOCALI, AL CENTRO COMMERCIALE, IN STAZIONE, IN AEREOPORTO, ALLA CENA AZIENDALE, NELLE RADIO LOCALI, IN MACCHINA E IN QUALSIASI ALTRO POSTO DOVE HO TROVATO [&hellip;]<\/p>\n","protected":false},"author":4383,"featured_media":0,"comment_status":"open","ping_status":"open","sticky":false,"template":"","format":"standard","meta":{"footnotes":""},"categories":[12],"tags":[25954,17458,2365],"class_list":["post-46636","post","type-post","status-publish","format-standard","hentry","category-musica","tag-berlino84","tag-indie-pop","tag-singolo"],"_links":{"self":[{"href":"https:\/\/www.area-press.eu\/comunicatistampa\/wp-json\/wp\/v2\/posts\/46636","targetHints":{"allow":["GET"]}}],"collection":[{"href":"https:\/\/www.area-press.eu\/comunicatistampa\/wp-json\/wp\/v2\/posts"}],"about":[{"href":"https:\/\/www.area-press.eu\/comunicatistampa\/wp-json\/wp\/v2\/types\/post"}],"author":[{"embeddable":true,"href":"https:\/\/www.area-press.eu\/comunicatistampa\/wp-json\/wp\/v2\/users\/4383"}],"replies":[{"embeddable":true,"href":"https:\/\/www.area-press.eu\/comunicatistampa\/wp-json\/wp\/v2\/comments?post=46636"}],"version-history":[{"count":3,"href":"https:\/\/www.area-press.eu\/comunicatistampa\/wp-json\/wp\/v2\/posts\/46636\/revisions"}],"predecessor-version":[{"id":46641,"href":"https:\/\/www.area-press.eu\/comunicatistampa\/wp-json\/wp\/v2\/posts\/46636\/revisions\/46641"}],"wp:attachment":[{"href":"https:\/\/www.area-press.eu\/comunicatistampa\/wp-json\/wp\/v2\/media?parent=46636"}],"wp:term":[{"taxonomy":"category","embeddable":true,"href":"https:\/\/www.area-press.eu\/comunicatistampa\/wp-json\/wp\/v2\/categories?post=46636"},{"taxonomy":"post_tag","embeddable":true,"href":"https:\/\/www.area-press.eu\/comunicatistampa\/wp-json\/wp\/v2\/tags?post=46636"}],"curies":[{"name":"wp","href":"https:\/\/api.w.org\/{rel}","templated":true}]}}