{"id":46209,"date":"2019-12-23T16:34:48","date_gmt":"2019-12-23T15:34:48","guid":{"rendered":"https:\/\/www.area-press.eu\/comunicatistampa\/?p=46209"},"modified":"2020-08-09T23:35:33","modified_gmt":"2020-08-09T21:35:33","slug":"marco-augusto-milano-e-il-nuovo-singolo-del-cantautore-italo-tedesco-che-omaggia-la-sua-citta-dorigine","status":"publish","type":"post","link":"https:\/\/www.area-press.eu\/comunicatistampa\/2019\/12\/23\/marco-augusto-milano-e-il-nuovo-singolo-del-cantautore-italo-tedesco-che-omaggia-la-sua-citta-dorigine\/","title":{"rendered":"MARCO AUGUSTO \u201cMILANO\u201d \u00e8 il nuovo singolo del cantautore italo-tedesco che omaggia la sua citt\u00e0 d\u2019origine"},"content":{"rendered":"<p><img loading=\"lazy\" decoding=\"async\" class=\"alignnone size-medium wp-image-454971\" src=\"https:\/\/diffusionimusicali.altervista.org\/wp-content\/uploads\/2019\/12\/marco_augusto_milano.jpg___th_320_0-285x285.jpg\" alt=\"\" width=\"285\" height=\"285\" \/><\/p>\n<p><i><span style=\"font-weight: 400\">Una dichiarazione d\u2019amore eterna alle proprie radici, ai ricordi, ad un passato che ha forgiato indelebilmente l\u2019identit\u00e0 dell\u2019artista.\u00a0<\/span><\/i><\/p>\n<p><i><span style=\"font-weight: 400\">\u00abSono nato a Milano ma mi sono trasferito in Germania poco dopo. Nonostante questo non ho mai smesso di portarla nel mio cuore con le sue immagini, i suoni e i suoi profumi. Cos\u00ec mi sono messo sulla via del seguire i miei ricordi, alla ricerca dei posti, delle scene vissute da bambino\u00bb. <\/span><\/i><b>Marco Augusto\u00a0<\/b><\/p>\n<p><b>\u201cMilano\u201d \u00e8 una dichiarazione d\u2019amore<\/b><span style=\"font-weight: 400\"> alla citt\u00e0 che ha dato la luce a Marco Augusto.<\/span><\/p>\n<p><span style=\"font-weight: 400\">La produzione del video, proprio per esaltare il concetto di ritrovo dell\u2019intimit\u00e0, \u00e8 stata realizzata col supporto dei familiari dell\u2019autore. Prima su tutti del fratello Claudio Kunzani, che in Germania lavora nel campo televisivo alla \u201cHR Hessischer Rundfunk\u201d.\u00a0<\/span><\/p>\n<p><i><span style=\"font-weight: 400\">\u00abQuando compongo le mie idee, gli accordi, i testi, lascio uscire quello che viene, non ci penso troppo. Le parole escono ogni tanto in tedesco e molto pi\u00f9 spesso nella mia lingua madre italiana. Sar\u00e0 cos\u00ec, perch\u00e9 mi sento molto italiano, anche se vivo la gran parte della mia vita in Germania. Come un albero ho esteso i miei rami, ma la radice \u00e8 rimasta salda a Milano\u00bb. <\/span><\/i><b>Marco Augusto<\/b><\/p>\n<p>&nbsp;<\/p>\n<p><b>Guarda il video su YouTube<\/b><\/p>\n<p><iframe loading=\"lazy\" title=\"Marco Augusto - Milano (official video) - Milano posti da visitare\" width=\"500\" height=\"281\" src=\"https:\/\/www.youtube.com\/embed\/qa9k-6_Vtw4?feature=oembed\" frameborder=\"0\" allow=\"accelerometer; autoplay; clipboard-write; encrypted-media; gyroscope; picture-in-picture; web-share\" referrerpolicy=\"strict-origin-when-cross-origin\" allowfullscreen><\/iframe><\/p>\n<p>&nbsp;<\/p>\n<p><span style=\"font-weight: 400\">Partito con la <\/span><b>musica classica<\/b><span style=\"font-weight: 400\"> e poi, presto, attivo nel <\/span><b>mondo rock<\/b><span style=\"font-weight: 400\">, Marco Augusto compone canzoni che mescolano armonie raffinate ad influssi classici e ad un sound pieno e corposo sorretto da chitarre imponenti.<\/span><\/p>\n<p>&nbsp;<\/p>\n<p><b>Etichetta: Halligalli Records\u00a0<\/b><\/p>\n<p><b>Radio date: 27 settembre 2019<\/b><\/p>\n<p>&nbsp;<\/p>\n<p><b>BIO<\/b><\/p>\n<p><span style=\"font-weight: 400\">Nato nel 1969 a Milano, si trasferisce in Germania poco tempo dopo. A 7 anni inizia a studiare pianoforte classico, ma presto diventa anche attivo sul campo rock\/pop.\u00a0<\/span><\/p>\n<p><span style=\"font-weight: 400\">Dagli anni \u00b490 in poi suona in diverse bande rock\/pop e intensifica la sua attivit\u00e0 di songwriting in lingua tedesca e soprattutto in italiano. Nel\u00b498\/\u00b499 durante un anno di soggiorno a Firenze partecipa alla f<\/span><span style=\"font-weight: 400\">inale del Festival di Viareggio, di \u201cBig del domani\u201d e \u201cCastrocaro Terme\u201d. Dal 2000 in poi pubblica diversi album, singoli e music video in Germania. Nel 2012 decide di lasciare il suo mestiere e di dedicarsi completamente alla musica. Nel 2019 arriva il singolo <\/span><b>\u201cMilano\u201d<\/b><span style=\"font-weight: 400\"> pubblicato per <\/span><span style=\"font-weight: 400\">Halligalli Records.<\/span><b>\u00a0<\/b><\/p>\n<p>&nbsp;<\/p>\n<p><b>Contatti e social<\/b><\/p>\n<p><a href=\"https:\/\/marcoaugustokunz.com\/\"><b>https:\/\/marcoaugustokunz.com\/<\/b><\/a><\/p>\n<p><a href=\"https:\/\/www.facebook.com\/marcoaugusto.official\/\"><b>https:\/\/www.facebook.com\/marcoaugusto.official\/<\/b><\/a><\/p>\n<p><a href=\"https:\/\/www.youtube.com\/MarcoKunz\"><b>https:\/\/www.youtube.com\/MarcoKunz<\/b><\/a><\/p>\n","protected":false},"excerpt":{"rendered":"<p>Una dichiarazione d\u2019amore eterna alle proprie radici, ai ricordi, ad un passato che ha forgiato indelebilmente l\u2019identit\u00e0 dell\u2019artista.\u00a0 \u00abSono nato a Milano ma mi sono trasferito in Germania poco dopo. Nonostante questo non ho mai smesso di portarla nel mio cuore con le sue immagini, i suoni e i suoi profumi. Cos\u00ec mi sono messo [&hellip;]<\/p>\n","protected":false},"author":4383,"featured_media":0,"comment_status":"open","ping_status":"open","sticky":false,"template":"","format":"standard","meta":{"footnotes":""},"categories":[12],"tags":[],"class_list":["post-46209","post","type-post","status-publish","format-standard","hentry","category-musica"],"_links":{"self":[{"href":"https:\/\/www.area-press.eu\/comunicatistampa\/wp-json\/wp\/v2\/posts\/46209","targetHints":{"allow":["GET"]}}],"collection":[{"href":"https:\/\/www.area-press.eu\/comunicatistampa\/wp-json\/wp\/v2\/posts"}],"about":[{"href":"https:\/\/www.area-press.eu\/comunicatistampa\/wp-json\/wp\/v2\/types\/post"}],"author":[{"embeddable":true,"href":"https:\/\/www.area-press.eu\/comunicatistampa\/wp-json\/wp\/v2\/users\/4383"}],"replies":[{"embeddable":true,"href":"https:\/\/www.area-press.eu\/comunicatistampa\/wp-json\/wp\/v2\/comments?post=46209"}],"version-history":[{"count":1,"href":"https:\/\/www.area-press.eu\/comunicatistampa\/wp-json\/wp\/v2\/posts\/46209\/revisions"}],"predecessor-version":[{"id":46211,"href":"https:\/\/www.area-press.eu\/comunicatistampa\/wp-json\/wp\/v2\/posts\/46209\/revisions\/46211"}],"wp:attachment":[{"href":"https:\/\/www.area-press.eu\/comunicatistampa\/wp-json\/wp\/v2\/media?parent=46209"}],"wp:term":[{"taxonomy":"category","embeddable":true,"href":"https:\/\/www.area-press.eu\/comunicatistampa\/wp-json\/wp\/v2\/categories?post=46209"},{"taxonomy":"post_tag","embeddable":true,"href":"https:\/\/www.area-press.eu\/comunicatistampa\/wp-json\/wp\/v2\/tags?post=46209"}],"curies":[{"name":"wp","href":"https:\/\/api.w.org\/{rel}","templated":true}]}}