{"id":46205,"date":"2019-12-23T16:34:48","date_gmt":"2019-12-23T15:34:48","guid":{"rendered":"https:\/\/www.area-press.eu\/comunicatistampa\/?p=46205"},"modified":"2019-12-23T16:34:48","modified_gmt":"2019-12-23T15:34:48","slug":"il-barcelo-maya-riviera-aperto-da-domenica-15-dicembre","status":"publish","type":"post","link":"https:\/\/www.area-press.eu\/comunicatistampa\/2019\/12\/23\/il-barcelo-maya-riviera-aperto-da-domenica-15-dicembre\/","title":{"rendered":"IL BARCEL\u00d3 MAYA RIVIERA APERTO DA\u00a0DOMENICA 15 DICEMBRE"},"content":{"rendered":"<div><em><strong>Con questa struttura di 850 camere, dedicata agli\u00a0adulti, Barcel\u00f3 Hotel Group realizza un sogno iniziato 20 anni fa: fare del Barcel\u00f3 Maya Grand Resort il complesso con la pi\u00f9 grande offerta di svago\u00a0della Riviera Maya.<\/strong><\/em><\/div>\n<p><em><strong>Per il segmento dei congressi, convention e incentive, l&#8217;hotel offrir\u00e0 la Barcel\u00f3 Maya Arena, il pi\u00f9 grande e moderno centro congressi della Riviera Maya, con una capacit\u00e0 di 8.000 persone.<\/strong><\/em><\/p>\n<p><strong>I clienti della Riviera di Barcel\u00f3 Maya saranno gli unici che potranno godere di tutte le strutture e i servizi del Barcel\u00f3 Maya Grand Resort, il complesso con la pi\u00f9 grande offerta di svago e divertimento della Riviera Maya.<\/strong><\/p>\n<p>Domenica prossima, 15 dicembre, 20 anni dopo l\u2019arrivo\u00a0di\u00a0<a href=\"https:\/\/us18.mailchimp.com\/mctx\/clicks?url=https%3A%2F%2Fwww.barcelo.com%2Fit%2F&amp;h=de0f46bb834875e972816d6d9c468c2aeb6efe4d4c8772ffcf8559414340b53f&amp;v=1&amp;xid=2bf7766ef2&amp;uid=95079805&amp;pool=&amp;subject=\" target=\"_blank\" rel=\"noopener noreferrer\"><strong>Barcel\u00f3 Hotel Group<\/strong><\/a>\u00a0nell\u2019allora poco conosciuta Riviera Maya in Messico, il gruppo maiorchino ha visto realizzarsi il sogno di fare del\u00a0<strong>Barcel\u00f3 Maya Grand Resort<\/strong>\u00a0il complesso con la pi\u00f9 grande offerta di svago e divertimento della zona. L&#8217;hotel che ha dato il tocco finale a questo spettacolare progetto \u00e8 il\u00a0<a href=\"https:\/\/us18.mailchimp.com\/mctx\/clicks?url=https%3A%2F%2Fwww.barcelo.com%2Fit%2Fbarcelo-hotels%2Falberghi%2Fmessico%2Friviera-maya%2Fbarcelo-maya-riviera%2F&amp;h=8968b377622e44a1aab66cdfafbc480fe94a3c741b4ecbcd10568b1b0295f9db&amp;v=1&amp;xid=2bf7766ef2&amp;uid=95079805&amp;pool=&amp;subject=\" target=\"_blank\" rel=\"noopener noreferrer\"><strong>Barcel\u00f3 Maya Riviera<\/strong><\/a>, che aggiunger\u00e0 le sue 850 camere a quelle degli altri 5 hotel esistenti (Barcel\u00f3 Maya Caribe e Barcel\u00f3 Maya Beach, inaugurati nel 1999; e Barcel\u00f3 Maya Colonial, Barcel\u00f3 Maya Tropical e Barcel\u00f3 Maya Palace, aperti rispettivamente nel 2005, 2006 e 2007), fino a raggiungere un totale di 6 stabilimenti e 3.610 camere, distribuiti di fronte a una delle pi\u00f9 belle spiagge della Riviera Maya.<\/p>\n<p>Il <strong>Barcel\u00f3 Maya Riviera<\/strong>, la cui costruzione ha comportato un investimento di oltre 250 milioni di dollari, nasce con alcune particolarit\u00e0 che lo posizionano come l&#8217;hotel pi\u00f9 premium del complesso: \u00e8 l&#8217;unico destinato al segmento solo per adulti; pi\u00f9 di 500 delle sue 850 camere offrono una vista spettacolare sul Mar dei Caraibi; dispone della Barcel\u00f3 Maya Arena, il pi\u00f9 grande e moderno centro congressi della Riviera Maya.<\/p>\n<p>Il Barcel\u00f3 Maya Riviera sar\u00e0 l&#8217;unico che permetter\u00e0 ai suoi clienti di utilizzare tutte le strutture dell\u2019intero complesso del Barcel\u00f3 Maya Grand Resort. In questo modo, i clienti potranno\u00a0\u00a0usufruire di tutti i servizi e le strutture del resort, per un totale di 25 ristoranti, 20 bar, 14 piscine, un parco acquatico con una barca dei pirati, una piscina per il surf, una spettacolare U-Spa con palestra e una bellissima Kids spa, una pista da bowling, una pista di pattinaggio e hockey, un centro commerciale, una discoteca, un teatro e l&#8217;accesso diretto a un impressionante parco avventura, tra gli altri.<\/p>\n<p><em>Camera doppia all inclusive\u00a0a partire da 296 dollari a notte.<\/em><\/p>\n<p>Per maggiori informazioni e prenotazioni:<br \/>\n<a href=\"https:\/\/us18.mailchimp.com\/mctx\/clicks?url=https%3A%2F%2Fwww.barcelo.com%2Fes%2Fbarcelo-+hotels%2Fhotels%2Fmexico%2Friviera-maya%2Fbarcelo-maya-riviera%2F&amp;h=dffc74ccf438b29d8f209d0d33074e5dffaac091e2026e07a112b7ad95ffbcee&amp;v=1&amp;xid=2bf7766ef2&amp;uid=95079805&amp;pool=&amp;subject=\" target=\"_blank\" rel=\"noopener noreferrer\">https:\/\/www.barcelo.com\/es\/barcelo- hotels\/hotels\/mexico\/riviera-maya\/barcelo-maya-riviera\/<\/a><\/p>\n","protected":false},"excerpt":{"rendered":"<p>Con questa struttura di 850 camere, dedicata agli\u00a0adulti, Barcel\u00f3 Hotel Group realizza un sogno iniziato 20 anni fa: fare del Barcel\u00f3 Maya Grand Resort il complesso con la pi\u00f9 grande offerta di svago\u00a0della Riviera Maya. Per il segmento dei congressi, convention e incentive, l&#8217;hotel offrir\u00e0 la Barcel\u00f3 Maya Arena, il pi\u00f9 grande e moderno centro [&hellip;]<\/p>\n","protected":false},"author":4629,"featured_media":0,"comment_status":"open","ping_status":"open","sticky":false,"template":"","format":"standard","meta":{"footnotes":""},"categories":[29],"tags":[],"class_list":["post-46205","post","type-post","status-publish","format-standard","hentry","category-comunicati"],"_links":{"self":[{"href":"https:\/\/www.area-press.eu\/comunicatistampa\/wp-json\/wp\/v2\/posts\/46205","targetHints":{"allow":["GET"]}}],"collection":[{"href":"https:\/\/www.area-press.eu\/comunicatistampa\/wp-json\/wp\/v2\/posts"}],"about":[{"href":"https:\/\/www.area-press.eu\/comunicatistampa\/wp-json\/wp\/v2\/types\/post"}],"author":[{"embeddable":true,"href":"https:\/\/www.area-press.eu\/comunicatistampa\/wp-json\/wp\/v2\/users\/4629"}],"replies":[{"embeddable":true,"href":"https:\/\/www.area-press.eu\/comunicatistampa\/wp-json\/wp\/v2\/comments?post=46205"}],"version-history":[{"count":2,"href":"https:\/\/www.area-press.eu\/comunicatistampa\/wp-json\/wp\/v2\/posts\/46205\/revisions"}],"predecessor-version":[{"id":46207,"href":"https:\/\/www.area-press.eu\/comunicatistampa\/wp-json\/wp\/v2\/posts\/46205\/revisions\/46207"}],"wp:attachment":[{"href":"https:\/\/www.area-press.eu\/comunicatistampa\/wp-json\/wp\/v2\/media?parent=46205"}],"wp:term":[{"taxonomy":"category","embeddable":true,"href":"https:\/\/www.area-press.eu\/comunicatistampa\/wp-json\/wp\/v2\/categories?post=46205"},{"taxonomy":"post_tag","embeddable":true,"href":"https:\/\/www.area-press.eu\/comunicatistampa\/wp-json\/wp\/v2\/tags?post=46205"}],"curies":[{"name":"wp","href":"https:\/\/api.w.org\/{rel}","templated":true}]}}