{"id":46075,"date":"2019-12-15T09:25:37","date_gmt":"2019-12-15T08:25:37","guid":{"rendered":"https:\/\/www.area-press.eu\/comunicatistampa\/?p=46075"},"modified":"2019-12-15T09:25:37","modified_gmt":"2019-12-15T08:25:37","slug":"la-dizione-come-specchio-di-se","status":"publish","type":"post","link":"https:\/\/www.area-press.eu\/comunicatistampa\/2019\/12\/15\/la-dizione-come-specchio-di-se\/","title":{"rendered":"La dizione come specchio di s\u00e9"},"content":{"rendered":"<p><span style=\"font-weight: 400\">La voce \u00e8 il mezzo mediante il quale ognuno di noi si presenta al mondo.\u00a0<\/span><\/p>\n<p><span style=\"font-weight: 400\">La buona pronuncia non \u00e8 una prerogativa importante esclusivamente nell\u2019ambito professionale ma in qualsiasi settore in cui la comunicazione abbia un\u2019importanza fondamentale. Pensando, quindi, alla comunicazione, si pu\u00f2 affermare che qualsiasi ambito artistico, dalla musica, al teatro, al cinema, alla lettura, necessita di uno studio sulla pronuncia italiana sebbene l\u2019aspetto della comunicazione diretta in pubblico non sia, in alcuni casi, quello centrale. Se pensiamo a un musicista, ad esempio, l\u2019attivit\u00e0 che gli viene attribuita direttamente \u00e8 suonare uno strumento o cantare. Riflettendoci pi\u00f9 attentamente per\u00f2, gli studi musicali non comprendono esclusivamente lo studio sullo strumento ma anche studi teorici complementari, per i quali \u00e8 quindi necessario comunicare. Per quanto riguarda i settori del cinema e, soprattutto del teatro, lo studio della corretta dizione italiana \u00e8 fondamentale nonch\u00e9 requisito necessario per la partecipazione a concorsi, bandi e spettacoli.<\/span><\/p>\n<p><span style=\"font-weight: 400\">Le regole di dizione sono oggetto dei<\/span><b> laboratori di dizione<\/b><span style=\"font-weight: 400\"> e vengono messe in pratica attraverso le simulazioni contestuali.<\/span><\/p>\n<p><span style=\"font-weight: 400\">Ma un<\/span><a href=\"https:\/\/www.artistifuoriposto.com\/corsi\/laboratorio-di-lettura-espressiva-e-dizione-cagliari\/\"><b> laboratorio di dizione<\/b><\/a><span style=\"font-weight: 400\"> prevede anche l\u2019acquisizione di conoscenze e abilit\u00e0 che sembrano slegate dalla dizione: lo studio sulla respirazione, la presa di coscienza sulla durata dell\u2019estensione del fiato, l\u2019esplorazione del proprio timbro ottimale e delle voci nascoste nel proprio apparato fonatorio e la sillabazione.<\/span><\/p>\n<p><span style=\"font-weight: 400\">Perch\u00e9, dunque \u00e8 importante frequentare<\/span><b> corsi di dizione<\/b><span style=\"font-weight: 400\">?<\/span><\/p>\n<p><span style=\"font-weight: 400\">Come gi\u00e0 accennato in precedenza, non si tratta soltanto di un requisito richiesto a livello professionale, ma di una necessit\u00e0 personale. <\/span><span style=\"font-weight: 400\">\u00c8<\/span><span style=\"font-weight: 400\"> il bisogno a presentarsi in un certo modo che spinge a correggere i propri difetti di pronuncia legati al luogo di origine, agli usi comuni (errati) della lingua italiana e alle influenze derivanti dall\u2019insegnamento durante l\u2019et\u00e0 infantile.<\/span><\/p>\n<p><span style=\"font-weight: 400\">All\u2019inizio pu\u00f2 essere difficile far accettare, soprattutto, alla famiglia e agli amici stretti, un nuovo modo di porsi. Infatti, cambiando la propria pronuncia cambia completamente il modo in cui ci si pone nei confronti di se stessi e degli altri.<\/span><\/p>\n","protected":false},"excerpt":{"rendered":"<p>La voce \u00e8 il mezzo mediante il quale ognuno di noi si presenta al mondo.\u00a0 La buona pronuncia non \u00e8 una prerogativa importante esclusivamente nell\u2019ambito professionale ma in qualsiasi settore in cui la comunicazione abbia un\u2019importanza fondamentale. Pensando, quindi, alla comunicazione, si pu\u00f2 affermare che qualsiasi ambito artistico, dalla musica, al teatro, al cinema, alla [&hellip;]<\/p>\n","protected":false},"author":5961,"featured_media":0,"comment_status":"open","ping_status":"open","sticky":false,"template":"","format":"standard","meta":{"footnotes":""},"categories":[3],"tags":[7416,25663,25661,25665,25659,25662,25660,25664,25648,25654,25652,25650,25658,25656,25647,25653,25651,25649,25657,25655],"class_list":["post-46075","post","type-post","status-publish","format-standard","hentry","category-arte-e-cultura","tag-corsi-di-dizione","tag-corsi-di-dizione-a-cagliari","tag-corsi-di-dizione-cagliari","tag-corsi-dizione","tag-corso-di-dizione","tag-corso-di-dizione-a-cagliari","tag-corso-di-dizione-cagliari","tag-corso-dizione","tag-laboratori-di-dizione","tag-laboratori-di-dizione-a-cagliari","tag-laboratori-di-dizione-cagliari","tag-laboratori-dizione","tag-laboratori-dizione-a-cagliari","tag-laboratori-dizione-cagliari","tag-laboratorio-di-dizione","tag-laboratorio-di-dizione-a-cagliari","tag-laboratorio-di-dizione-cagliari","tag-laboratorio-dizione","tag-laboratorio-dizione-a-cagliari","tag-laboratorio-dizione-cagliari"],"_links":{"self":[{"href":"https:\/\/www.area-press.eu\/comunicatistampa\/wp-json\/wp\/v2\/posts\/46075","targetHints":{"allow":["GET"]}}],"collection":[{"href":"https:\/\/www.area-press.eu\/comunicatistampa\/wp-json\/wp\/v2\/posts"}],"about":[{"href":"https:\/\/www.area-press.eu\/comunicatistampa\/wp-json\/wp\/v2\/types\/post"}],"author":[{"embeddable":true,"href":"https:\/\/www.area-press.eu\/comunicatistampa\/wp-json\/wp\/v2\/users\/5961"}],"replies":[{"embeddable":true,"href":"https:\/\/www.area-press.eu\/comunicatistampa\/wp-json\/wp\/v2\/comments?post=46075"}],"version-history":[{"count":1,"href":"https:\/\/www.area-press.eu\/comunicatistampa\/wp-json\/wp\/v2\/posts\/46075\/revisions"}],"predecessor-version":[{"id":46076,"href":"https:\/\/www.area-press.eu\/comunicatistampa\/wp-json\/wp\/v2\/posts\/46075\/revisions\/46076"}],"wp:attachment":[{"href":"https:\/\/www.area-press.eu\/comunicatistampa\/wp-json\/wp\/v2\/media?parent=46075"}],"wp:term":[{"taxonomy":"category","embeddable":true,"href":"https:\/\/www.area-press.eu\/comunicatistampa\/wp-json\/wp\/v2\/categories?post=46075"},{"taxonomy":"post_tag","embeddable":true,"href":"https:\/\/www.area-press.eu\/comunicatistampa\/wp-json\/wp\/v2\/tags?post=46075"}],"curies":[{"name":"wp","href":"https:\/\/api.w.org\/{rel}","templated":true}]}}