{"id":45993,"date":"2019-12-11T10:04:20","date_gmt":"2019-12-11T09:04:20","guid":{"rendered":"https:\/\/www.area-press.eu\/comunicatistampa\/?p=45993"},"modified":"2019-12-11T10:04:20","modified_gmt":"2019-12-11T09:04:20","slug":"occhiali-da-sole-il-colore-delle-lenti","status":"publish","type":"post","link":"https:\/\/www.area-press.eu\/comunicatistampa\/2019\/12\/11\/occhiali-da-sole-il-colore-delle-lenti\/","title":{"rendered":"Occhiali da sole: il colore delle lenti"},"content":{"rendered":"<p><span style=\"font-weight: 400\">Entrando in un negozio di ottica per scegliere un nuovo paio di occhiali, ci si sofferma soprattutto sulla montatura, sulla forma e sulla loro capacit\u00e0 di adattarsi al proprio viso. Tuttavia, spesso, non si considera un fattore importante, il <\/span><b>colore delle lenti<\/b><span style=\"font-weight: 400\">. Esso, infatti, \u00e8 in grado di <\/span><b>influenzare la nostra vista<\/b><span style=\"font-weight: 400\">: vediamo insieme in che modo.<\/span><\/p>\n<p><span style=\"font-weight: 400\">Nella <\/span><b>scelta della colorazione<\/b><span style=\"font-weight: 400\"> bisogna tenere conto di <\/span><b>tre parametri<\/b><span style=\"font-weight: 400\">:\u00a0<\/span><\/p>\n<ul>\n<li style=\"font-weight: 400\"><span style=\"font-weight: 400\">livello di luminosit\u00e0<\/span><\/li>\n<li style=\"font-weight: 400\"><span style=\"font-weight: 400\">tipo di ambiente<\/span><\/li>\n<li style=\"font-weight: 400\"><span style=\"font-weight: 400\">attivit\u00e0 da svolgere<\/span><\/li>\n<\/ul>\n<h2><span style=\"font-weight: 400\">Lenti grigie<\/span><\/h2>\n<p><span style=\"font-weight: 400\">Lenti di questo colore garantiscono una <\/span><b>visione naturale dei colori <\/b><span style=\"font-weight: 400\">a prescindere dalle condizioni atmosferiche: sono particolarmente indicate qualora ci si trovi vicini all\u2019<\/span><b>acqua<\/b><span style=\"font-weight: 400\">, grazie alla loro capacit\u00e0 di respingere anche le radiazioni solari pi\u00f9 forti.<\/span><\/p>\n<h2><span style=\"font-weight: 400\">Lenti verde scuro<\/span><\/h2>\n<p><span style=\"font-weight: 400\">Perfetto per un <\/span><b>uso quotidiano<\/b><span style=\"font-weight: 400\"> e per praticare <\/span><b>sport all\u2019aria aperta<\/b><span style=\"font-weight: 400\">, una colorazione in questi toni riflette la luce pi\u00f9 intensa e schiarisce le ombre.<\/span><\/p>\n<h2><span style=\"font-weight: 400\">Lenti marroni<\/span><\/h2>\n<p><span style=\"font-weight: 400\">Lenti con questa gradazione rendono <\/span><b>pi\u00f9 caldi<\/b><span style=\"font-weight: 400\"> i colori e aumentano la percezione della <\/span><b>profondit\u00e0<\/b><span style=\"font-weight: 400\">, rendendo gli occhiali sui quali sono montate adatti per lo <\/span><b>sport<\/b><span style=\"font-weight: 400\">.<\/span><\/p>\n<p><img loading=\"lazy\" decoding=\"async\" class=\"aligncenter\" src=\"https:\/\/cdn.pixabay.com\/photo\/2016\/11\/23\/17\/25\/beach-1853939_960_720.jpg\" alt=\"optilook ottica reggio emilia parma fidenza occhiali da sole vista lenti a contatto\" width=\"960\" height=\"640\" \/><\/p>\n<h2><span style=\"font-weight: 400\">Lenti blu<\/span><\/h2>\n<p><span style=\"font-weight: 400\">Grazie alla loro elevata capacit\u00e0 di <\/span><b>ridurre il bagliore causato dalla luce bianca<\/b><span style=\"font-weight: 400\"> (riflessa dall\u2019acqua o dalla neve), queste lenti sono perfette per gli <\/span><b>sport invernali<\/b><span style=\"font-weight: 400\">.<\/span><\/p>\n<h2><span style=\"font-weight: 400\">Lenti gialle<\/span><\/h2>\n<p><span style=\"font-weight: 400\">Queste lenti <\/span><b>aumentano il contrasto<\/b><span style=\"font-weight: 400\"> in situazioni di scarsa luminosit\u00e0 o nebbia e sono perfette per le <\/span><b>giornate nuvolose<\/b><span style=\"font-weight: 400\"> e per la <\/span><b>guida<\/b><span style=\"font-weight: 400\">; inoltre, possono essere indossate <\/span><b>a fine giornata<\/b><span style=\"font-weight: 400\"> grazie alla loro capacit\u00e0 di rischiarare le aree pi\u00f9 buie.<\/span><\/p>\n<h2><span style=\"font-weight: 400\">Lenti rosse<\/span><\/h2>\n<p><span style=\"font-weight: 400\">Occhiali con lenti di questa tipologia hanno una <\/span><b>profondit\u00e0 visiva migliore<\/b><span style=\"font-weight: 400\"> e <\/span><b>riposano gli occhi<\/b><span style=\"font-weight: 400\">, grazie alla loro capacit\u00e0 di bloccare i <\/span><b>raggi UV<\/b><span style=\"font-weight: 400\">: sono perfette per chi trascorre molto tempo <\/span><b>al<\/b> <b>volante<\/b><span style=\"font-weight: 400\">.<\/span><\/p>\n<h2><span style=\"font-weight: 400\">Consigli utili<\/span><\/h2>\n<p><span style=\"font-weight: 400\">Il parere di un esperto \u00e8 fondamentale quando si parla di vista: un professionista sar\u00e0 in grado di consigliarti e guidarti nella scelta della soluzione pi\u00f9 adatta alle tue esigenze. Optilook \u00e8 un\u2019<\/span><a href=\"http:\/\/optilook.it\/\"><b>ottica a Reggio Emilia<\/b><\/a><span style=\"font-weight: 400\">, con punti vendita anche a Parma e Fidenza: il nostro personale altamente qualificato ti aspetta!<\/span><\/p>\n","protected":false},"excerpt":{"rendered":"<p>Entrando in un negozio di ottica per scegliere un nuovo paio di occhiali, ci si sofferma soprattutto sulla montatura, sulla forma e sulla loro capacit\u00e0 di adattarsi al proprio viso. Tuttavia, spesso, non si considera un fattore importante, il colore delle lenti. Esso, infatti, \u00e8 in grado di influenzare la nostra vista: vediamo insieme in [&hellip;]<\/p>\n","protected":false},"author":6012,"featured_media":0,"comment_status":"open","ping_status":"open","sticky":false,"template":"","format":"standard","meta":{"footnotes":""},"categories":[29],"tags":[],"class_list":["post-45993","post","type-post","status-publish","format-standard","hentry","category-comunicati"],"_links":{"self":[{"href":"https:\/\/www.area-press.eu\/comunicatistampa\/wp-json\/wp\/v2\/posts\/45993","targetHints":{"allow":["GET"]}}],"collection":[{"href":"https:\/\/www.area-press.eu\/comunicatistampa\/wp-json\/wp\/v2\/posts"}],"about":[{"href":"https:\/\/www.area-press.eu\/comunicatistampa\/wp-json\/wp\/v2\/types\/post"}],"author":[{"embeddable":true,"href":"https:\/\/www.area-press.eu\/comunicatistampa\/wp-json\/wp\/v2\/users\/6012"}],"replies":[{"embeddable":true,"href":"https:\/\/www.area-press.eu\/comunicatistampa\/wp-json\/wp\/v2\/comments?post=45993"}],"version-history":[{"count":1,"href":"https:\/\/www.area-press.eu\/comunicatistampa\/wp-json\/wp\/v2\/posts\/45993\/revisions"}],"predecessor-version":[{"id":45994,"href":"https:\/\/www.area-press.eu\/comunicatistampa\/wp-json\/wp\/v2\/posts\/45993\/revisions\/45994"}],"wp:attachment":[{"href":"https:\/\/www.area-press.eu\/comunicatistampa\/wp-json\/wp\/v2\/media?parent=45993"}],"wp:term":[{"taxonomy":"category","embeddable":true,"href":"https:\/\/www.area-press.eu\/comunicatistampa\/wp-json\/wp\/v2\/categories?post=45993"},{"taxonomy":"post_tag","embeddable":true,"href":"https:\/\/www.area-press.eu\/comunicatistampa\/wp-json\/wp\/v2\/tags?post=45993"}],"curies":[{"name":"wp","href":"https:\/\/api.w.org\/{rel}","templated":true}]}}