{"id":45737,"date":"2019-12-02T19:33:17","date_gmt":"2019-12-02T18:33:17","guid":{"rendered":"https:\/\/www.area-press.eu\/comunicatistampa\/?p=45737"},"modified":"2019-12-02T19:33:17","modified_gmt":"2019-12-02T18:33:17","slug":"la-grande-serata-di-stelle-dincanto-per-unicef-bergamo-concerto-in-favore-dei-bambini-della-siria","status":"publish","type":"post","link":"https:\/\/www.area-press.eu\/comunicatistampa\/2019\/12\/02\/la-grande-serata-di-stelle-dincanto-per-unicef-bergamo-concerto-in-favore-dei-bambini-della-siria\/","title":{"rendered":"La grande serata di &#8220;Stelle d&#8217;Incanto&#8221; per UNICEF Bergamo: concerto in favore dei bambini della Siria"},"content":{"rendered":"<p><img class=\"alignleft\" \/><img decoding=\"async\" src=\"https:\/\/i.ibb.co\/sbZcW0R\/marchetti-e-paganessi-pres-Unicef-bg.jpg\" alt=\"marchetti-e-paganessi-pres-Unicef-bg\" border=\"0\" \/><\/p>\n<p>Grande successo per la terza edizione di \u201cStelle d\u2019Incanto\u201d, il concerto di beneficenza organizzato da Claudia Marchetti, direttrice della CharmEEvents music&amp;academy che questo anno ha devoluto il ricavato dell\u2019evento ad UNICEF Comitato di Bergamo per il \u201cProgetto Siria\u201d in favore dei bambini.<br \/>\nL\u2019evento, Patrocinato dalla Provincia di Bergamo e dalla Citt\u00e0 di Seriate, si \u00e8 tenuto lo scorso venerd\u00ec 29 Novembre presso il Cineteatro Gavazzeni di Seriate (BG): una serata di arte, tra musica e danza, all\u2019insegna delle emozioni che i musicisti professionisti che fanno parte dell&#8217;agenzia CharmEEventS hanno regalato con le loro performance, accompagnando la voce di Claudia Marchetti in brani italiani riarrangiati ed i maggiori successi del natale. Ospiti del concerto gli artisti di \u201cDanzarea\u201d in uno spettacolo entusiasmante tra musica, luci e coreografie.<\/p>\n<p>Diversi i momenti di emozione e riflessione, che hanno visto sul palco il Presidente di UNICEF Bergamo Elisabetta Paganessi, il Consigliere della Provincia di Bergamo Romina Russo (Delegata a Cultura, Politiche sociali, Pari opportunit\u00e0 e Associazionismo) ed il Sindaco di Bergamo Cristian Vezzoli &#8211; che proprio in una giornata di grande consumismo quale il venerd\u00ec del Black Friday hanno sostenuto l\u2019iniziativa di beneficenza a nome della Citt\u00e0 di Seriate e della Provincia di Bergamo e sottolineato quanto sia necessario ed importante non perdere di vista gli obiettivi ed i valori veri e fondamentali di solidariet\u00e0 e soccorso per il prossimo, non solo nella propria nazione ma ovunque ve ne sia bisogno.<\/p>\n<p><a href=\"https:\/\/ibb.co\/BN4RL66\"><img decoding=\"async\" src=\"https:\/\/i.ibb.co\/q50wBgg\/sindaco-Vezzoli-e-consigliere-Russo.jpg\" alt=\"sindaco-Vezzoli-e-consigliere-Russo\" border=\"0\" \/><\/a><\/p>\n<p>\u201cSiamo onorati\u00a0di aver partecipato al concerto Stelle d\u2019Incanto, che\u00a0 quest\u2019anno devolver\u00e0 il ricavato al Comitato UNICEF di BERGAMO a sostegno del progetto per i Bambini della Siria.<\/p>\n<p><em>La raccolta fondi sar\u00e0 destinata ai\u00a0 bambini siriani,\u00a0 vittime innocenti di un conflitto senza fine, sia in Patria che nei campi profughi,\u00a0 dove UNICEF li protegge e lavora giorno dopo giorno affinch\u00e9 i loro diritti vengano rispettati, come sancito dalla Convenzione sui diritti dell\u2019Infanzia e dell\u2019Adolescenza \u00a0di cui quest\u2019anno ricorre il 30\u00b0 anniversario dalla sua stipula, evento celebrato in tutto il mondo.<\/em><\/p>\n<p><em>In modo particolare quanto raccolto verr\u00e0 destinato ad un programma didattico per i bambini siriani rifugiati, affinch\u00e9 il loro diritto fondamentale all\u2019istruzione venga garantito e offrire loro un futuro migliore.<\/em><\/p>\n<p><em>Un ringraziamento particolare a Claudia Marchetti per la sua sensibilit\u00e0 e impegno nell\u2019organizzare questo evento a sostegno del nostro progetto\u201d.<\/em>\u00a0Queste le parole di Elisabetta Paganessi Presidente del Comitato UNICEF di Bergamo.<img decoding=\"async\" src=\"\/\/it.imgbb.com\/'&gt;image sharing&lt;\/a&gt;&lt;br \/&gt;\" alt=\"\" \/><\/p>\n<p><a href=\"https:\/\/ibb.co\/bbSxrLN\"><img decoding=\"async\" src=\"https:\/\/i.ibb.co\/hYPkKH2\/claudia-marchetti.jpg\" alt=\"claudia-marchetti\" border=\"0\" \/><\/a><\/p>\n","protected":false},"excerpt":{"rendered":"<p>Grande successo per la terza edizione di \u201cStelle d\u2019Incanto\u201d, il concerto di beneficenza organizzato da Claudia Marchetti, direttrice della CharmEEvents music&amp;academy che questo anno ha devoluto il ricavato dell\u2019evento ad UNICEF Comitato di Bergamo per il \u201cProgetto Siria\u201d in favore dei bambini. L\u2019evento, Patrocinato dalla Provincia di Bergamo e dalla Citt\u00e0 di Seriate, si \u00e8 [&hellip;]<\/p>\n","protected":false},"author":6063,"featured_media":0,"comment_status":"open","ping_status":"open","sticky":false,"template":"","format":"standard","meta":{"footnotes":""},"categories":[3,4,29,8],"tags":[20708,8019,25488,3582,25489,25490,25486,3271,25487],"class_list":["post-45737","post","type-post","status-publish","format-standard","hentry","category-arte-e-cultura","category-attualita-e-societa","category-comunicati","category-eventi","tag-unicef","tag-bergamo","tag-claudia-marchetti","tag-concerto","tag-cristian-vezzoli-sindaco","tag-romina-russo-consigliere","tag-seriate","tag-siria","tag-stelle-dincanto"],"_links":{"self":[{"href":"https:\/\/www.area-press.eu\/comunicatistampa\/wp-json\/wp\/v2\/posts\/45737","targetHints":{"allow":["GET"]}}],"collection":[{"href":"https:\/\/www.area-press.eu\/comunicatistampa\/wp-json\/wp\/v2\/posts"}],"about":[{"href":"https:\/\/www.area-press.eu\/comunicatistampa\/wp-json\/wp\/v2\/types\/post"}],"author":[{"embeddable":true,"href":"https:\/\/www.area-press.eu\/comunicatistampa\/wp-json\/wp\/v2\/users\/6063"}],"replies":[{"embeddable":true,"href":"https:\/\/www.area-press.eu\/comunicatistampa\/wp-json\/wp\/v2\/comments?post=45737"}],"version-history":[{"count":6,"href":"https:\/\/www.area-press.eu\/comunicatistampa\/wp-json\/wp\/v2\/posts\/45737\/revisions"}],"predecessor-version":[{"id":45748,"href":"https:\/\/www.area-press.eu\/comunicatistampa\/wp-json\/wp\/v2\/posts\/45737\/revisions\/45748"}],"wp:attachment":[{"href":"https:\/\/www.area-press.eu\/comunicatistampa\/wp-json\/wp\/v2\/media?parent=45737"}],"wp:term":[{"taxonomy":"category","embeddable":true,"href":"https:\/\/www.area-press.eu\/comunicatistampa\/wp-json\/wp\/v2\/categories?post=45737"},{"taxonomy":"post_tag","embeddable":true,"href":"https:\/\/www.area-press.eu\/comunicatistampa\/wp-json\/wp\/v2\/tags?post=45737"}],"curies":[{"name":"wp","href":"https:\/\/api.w.org\/{rel}","templated":true}]}}