{"id":45680,"date":"2019-11-29T15:16:27","date_gmt":"2019-11-29T14:16:27","guid":{"rendered":"https:\/\/www.area-press.eu\/comunicatistampa\/?p=45680"},"modified":"2019-11-29T15:16:27","modified_gmt":"2019-11-29T14:16:27","slug":"il-sistema-costituzionale-della-magistratura-nicolo-zanon-presenta-il-suo-nuovo-manuale","status":"publish","type":"post","link":"https:\/\/www.area-press.eu\/comunicatistampa\/2019\/11\/29\/il-sistema-costituzionale-della-magistratura-nicolo-zanon-presenta-il-suo-nuovo-manuale\/","title":{"rendered":"\u201cIl sistema costituzionale della magistratura\u201d: Nicol\u00f2 Zanon presenta il suo nuovo manuale"},"content":{"rendered":"<p><em><strong>Venerd\u00ec 8 novembre, presso l&#8217;Universit\u00e0 degli Studi di Milano, il giudice della Corte Costituzionale <a title=\"Nicol\u00f2 Zanon: Treccani\" href=\"http:\/\/www.treccani.it\/enciclopedia\/nicolo-zanon\/\">Nicol\u00f2 Zanon<\/a> ha presentato &#8220;Il sistema costituzionale della magistratura&#8221;, il nuovo manuale scritto a quattro mani con Francesca Biondi ed edito da Zanichelli. <\/strong><\/em><\/p>\n<p><a title=\"Nicol\u00f2 Zanon - Treccani\" href=\"http:\/\/www.treccani.it\/enciclopedia\/nicolo-zanon\/\"><img loading=\"lazy\" decoding=\"async\" src=\"http:\/\/www.h2biz.net\/images\/Plats\/20180823153145.png\" alt=\"Nicol\u00f2 Zanon\" width=\"151\" height=\"99\" \/><\/a><\/p>\n<h2>Presentato a Milano l&#8217;ultimo manuale di Nicol\u00f2 Zanon<\/h2>\n<p><strong>Nicol\u00f2 Zanon<\/strong> \u00e8 intervenuto durante un seminario dal titolo &#8220;L&#8217;indipendenza della magistratura oggi&#8221;: promosso dall&#8217;Universit\u00e0 degli Studi di Milano, l&#8217;incontro \u00e8 stato organizzato per presentare il nuovo manuale del Giudice della Corte Costituzionale, &#8220;Il sistema costituzionale della magistratura&#8221;, scritto con Francesca Biondi ed edito da Zanichelli. L&#8217;obiettivo del testo dei due autori \u00e8 quello di inquadrare principi costituzionali e regole legislative relativi alla magistratura in un sistema che analizzi sia la magistratura stessa come istituzione, sia la giurisdizione intesa come funzione: nel volume, dunque, <strong>Nicol\u00f2 Zanon<\/strong> e Francesca Biondi approfondiscono il tema dell&#8217;organizzazione e del funzionamento dell&#8217;ordine giudiziario, descrivendo in particolare l&#8217;influenza che in materia hanno avuto, nel corso degli anni la Costituzione, la legislazione e la giurisprudenza.<\/p>\n<h2>Nicol\u00f2 Zanon, una vita al servizio della giurisprudenza<\/h2>\n<p>Giudice della Corte costituzionale dal 2014 su nomina del Presidente della Repubblica Giorgio Napolitano, <strong><a title=\"Nicol\u00f2 Zanon, voce enciclopedia Treccani\" href=\"http:\/\/www.treccani.it\/enciclopedia\/nicolo-zanon\/\">Nicol\u00f2 Zanon<\/a><\/strong> vanta una corposa produzione saggistica, incentrata soprattutto su questioni di diritto costituzionale, oltre a numerose collaborazioni con riviste giuridiche e importanti quotidiani (Il Sole 24 Ore, Il Giornale). Nato a Torino nel 1961, si iscrive alla facolt\u00e0 di Giurisprudenza: laureatosi con una tesi in Diritto Pubblico Comparato, ottiene presso l&#8217;Universit\u00e0 di Firenze il dottorato in ricerca di Diritto Comparato. Nel 1991 <strong>Nicol\u00f2 Zanon<\/strong> inizia dunque la sua carriera come ricercatore a Firenze e Torino: pochi anni dopo gli viene affidato, per contratto, l&#8217;insegnamento del corso di istituzioni di diritto pubblico presso l&#8217;Universit\u00e0 Bocconi di Milano. Dal 1996 al 1997, inoltre, svolge le funzioni di Assistente di Studio del giudice costituzionale Valerio Onida presso la Corte costituzionale. L&#8217;anno successivo Zanon \u00e8 dapprima nominato componente del &#8220;Gruppo di lavoro per la Riforma dello Statuto regionale&#8221; della Lombardia, poi diventa membro del Comitato Legislativo della Regione Lombardia. La sa carriera istituzionale prosegue con l&#8217;ingresso nel Consiglio di Presidenza della Giustizia amministrativa. Viene poi eletto come componente laico del Consiglio Superiore della Magistratura dal Parlamento, ruolo che ricoprir\u00e0 fino alla nomina a Giudice della Corte Costituzionale da opera del Presidente della Repubblica.<\/p>\n","protected":false},"excerpt":{"rendered":"<p>Venerd\u00ec 8 novembre, presso l&#8217;Universit\u00e0 degli Studi di Milano, il giudice della Corte Costituzionale Nicol\u00f2 Zanon ha presentato &#8220;Il sistema costituzionale della magistratura&#8221;, il nuovo manuale scritto a quattro mani con Francesca Biondi ed edito da Zanichelli. Presentato a Milano l&#8217;ultimo manuale di Nicol\u00f2 Zanon Nicol\u00f2 Zanon \u00e8 intervenuto durante un seminario dal titolo &#8220;L&#8217;indipendenza [&hellip;]<\/p>\n","protected":false},"author":5434,"featured_media":0,"comment_status":"open","ping_status":"open","sticky":false,"template":"","format":"standard","meta":{"footnotes":""},"categories":[29],"tags":[21607],"class_list":["post-45680","post","type-post","status-publish","format-standard","hentry","category-comunicati","tag-nicolo-zanon"],"_links":{"self":[{"href":"https:\/\/www.area-press.eu\/comunicatistampa\/wp-json\/wp\/v2\/posts\/45680","targetHints":{"allow":["GET"]}}],"collection":[{"href":"https:\/\/www.area-press.eu\/comunicatistampa\/wp-json\/wp\/v2\/posts"}],"about":[{"href":"https:\/\/www.area-press.eu\/comunicatistampa\/wp-json\/wp\/v2\/types\/post"}],"author":[{"embeddable":true,"href":"https:\/\/www.area-press.eu\/comunicatistampa\/wp-json\/wp\/v2\/users\/5434"}],"replies":[{"embeddable":true,"href":"https:\/\/www.area-press.eu\/comunicatistampa\/wp-json\/wp\/v2\/comments?post=45680"}],"version-history":[{"count":1,"href":"https:\/\/www.area-press.eu\/comunicatistampa\/wp-json\/wp\/v2\/posts\/45680\/revisions"}],"predecessor-version":[{"id":45681,"href":"https:\/\/www.area-press.eu\/comunicatistampa\/wp-json\/wp\/v2\/posts\/45680\/revisions\/45681"}],"wp:attachment":[{"href":"https:\/\/www.area-press.eu\/comunicatistampa\/wp-json\/wp\/v2\/media?parent=45680"}],"wp:term":[{"taxonomy":"category","embeddable":true,"href":"https:\/\/www.area-press.eu\/comunicatistampa\/wp-json\/wp\/v2\/categories?post=45680"},{"taxonomy":"post_tag","embeddable":true,"href":"https:\/\/www.area-press.eu\/comunicatistampa\/wp-json\/wp\/v2\/tags?post=45680"}],"curies":[{"name":"wp","href":"https:\/\/api.w.org\/{rel}","templated":true}]}}