{"id":45664,"date":"2019-11-29T15:16:26","date_gmt":"2019-11-29T14:16:26","guid":{"rendered":"https:\/\/www.area-press.eu\/comunicatistampa\/?p=45664"},"modified":"2019-11-29T15:16:26","modified_gmt":"2019-11-29T14:16:26","slug":"il-respiro-della-natura-opere-di-delfo-tinnirello-in-mostra-al-quadrifoglio","status":"publish","type":"post","link":"https:\/\/www.area-press.eu\/comunicatistampa\/2019\/11\/29\/il-respiro-della-natura-opere-di-delfo-tinnirello-in-mostra-al-quadrifoglio\/","title":{"rendered":"\u201cIl respiro della natura\u201d, opere di Delfo Tinnirello in mostra al Quadrifoglio"},"content":{"rendered":"<p><img decoding=\"async\" class=\"alignleft\" src=\"https:\/\/1.bp.blogspot.com\/-wkCnBAbGQ8s\/Xd-iJpkXCKI\/AAAAAAAAiaI\/3AthY5BRK5cQETBuqRwsOwQBfKQ3fjbAQCLcBGAsYHQ\/s320\/coppiacm.124%252C5x77%252C2-2016%2Bweb.jpg\" alt=\"\" \/>Siracusa &#8211; Sabato 7 dicembre alle ore 18 negli spazi espositivi della galleria d\u2019arte contemporanea Quadrifoglio, in via Santi Coronati 13 a Ortigia, sar\u00e0 inaugurata la personale \u201cIl respiro della natura\u201d di Delfo Tinnirello, a cura di Mario Cuc\u00e8.<\/p>\n<p>Delfo Tinnirello (Lentini, 1956) insegna Pittura all&#8217;Accademia di Belle Arti di Palermo. Le sue prime mostre, curate da critici come Demetrio Paparoni o Achille Bonito Oliva, risalgono agli anni Ottanta. Entrato a far parte del gruppo Artisti antropologici di Francesco Carbone negli anni Novanta, \u00e8 stato protagonista di prestigiose mostre personali e collettive, sia in Italia che all\u2019estero, curate da alcuni tra i maggiori critici italiani. Le sue opere sono presenti su importanti cataloghi d\u2019arte e fanno parte di collezioni pubbliche e private.<br \/>\n<a name=\"more\"><\/a>Tinnirello \u2013 \u00e8 l\u2019argomento della sua attivit\u00e0 creativa ma anche della sua riflessione sull\u2019arte, oggetto di alcuni saggi &#8211; s\u2019interroga sulla possibilit\u00e0 della pittura figurativa di partorire significati che travalichino il piacere di una visione estetica. Sensibile alle problematiche ambientali e naturali, l\u2019artista realizza una pittura che nasce dall&#8217;osservare la Natura.<\/p>\n<p>\u201cIl respiro della natura\u201d trae l\u2019ispirazione dal bisogno dell\u2019artista di una pi\u00f9 profonda comunione con la natura. In mostra dieci lavori di dimensioni medio-grandi, realizzati negli ultimi tre anni. L\u2019artista rielabora e \u201critrae\u201d immagini di tronchi d\u2019alberi, folti arbusti spinosi, piante del sottobosco, quasi ricercando nelle forme e nei dettagli vegetali la fisionomia della Natura.<\/p>\n<p>Tinnirello &#8211; scrive Emilia Valenza, docente universitaria di Storia dell\u2019Arte e autrice del testo pubblicato nella brochure della mostra &#8211; \u00absul disegno amplificato del reale dipinge una leggera velatura con i colori acrilici diluiti, come se fosse acquerello; poi, sopra, altre velature aiutano a compattare il colore e quindi il carboncino per ridisegnare e sottolineare la forma, per creare le ombre e svelare i pieni e i vuoti. Il risultato \u00e8 decisamente grafico, richiama il processo serigrafico, cos\u00ec da non riuscire pi\u00f9 a vedere l\u2019aspetto esteriore della forma, ma riconoscerne, piuttosto, la proiezione immaginifica, pittorica nel senso pi\u00f9 profondo del termine, quindi assolutamente artificiale\u00bb.<\/p>\n<p>La mostra rester\u00e0 aperta fino al 28 dicembre e potr\u00e0 essere visitata tutti i giorni dalle ore 10 alle 13 e dalle ore 17 alle 20.<\/p>\n<p><b>Info e contatti<\/b><br \/>\nQuadrifoglio galleria d&#8217;arte contemporanea<br \/>\nvia Santi Coronati 13, Ortigia &#8211; Siracusa<br \/>\ninfo@galleriaquadrifoglio.it<br \/>\nTel. 0931 64443<\/p>\n","protected":false},"excerpt":{"rendered":"<p>Siracusa &#8211; Sabato 7 dicembre alle ore 18 negli spazi espositivi della galleria d\u2019arte contemporanea Quadrifoglio, in via Santi Coronati 13 a Ortigia, sar\u00e0 inaugurata la personale \u201cIl respiro della natura\u201d di Delfo Tinnirello, a cura di Mario Cuc\u00e8. Delfo Tinnirello (Lentini, 1956) insegna Pittura all&#8217;Accademia di Belle Arti di Palermo. Le sue prime mostre, [&hellip;]<\/p>\n","protected":false},"author":127,"featured_media":0,"comment_status":"open","ping_status":"open","sticky":false,"template":"","format":"standard","meta":{"footnotes":""},"categories":[3],"tags":[5513,9715,25439,23713,25440,898],"class_list":["post-45664","post","type-post","status-publish","format-standard","hentry","category-arte-e-cultura","tag-arte-contemporanea","tag-comunicato-stampa","tag-delfo-tinnirello","tag-galleria-quadrifoglio","tag-mario-cuce","tag-mostra"],"_links":{"self":[{"href":"https:\/\/www.area-press.eu\/comunicatistampa\/wp-json\/wp\/v2\/posts\/45664","targetHints":{"allow":["GET"]}}],"collection":[{"href":"https:\/\/www.area-press.eu\/comunicatistampa\/wp-json\/wp\/v2\/posts"}],"about":[{"href":"https:\/\/www.area-press.eu\/comunicatistampa\/wp-json\/wp\/v2\/types\/post"}],"author":[{"embeddable":true,"href":"https:\/\/www.area-press.eu\/comunicatistampa\/wp-json\/wp\/v2\/users\/127"}],"replies":[{"embeddable":true,"href":"https:\/\/www.area-press.eu\/comunicatistampa\/wp-json\/wp\/v2\/comments?post=45664"}],"version-history":[{"count":2,"href":"https:\/\/www.area-press.eu\/comunicatistampa\/wp-json\/wp\/v2\/posts\/45664\/revisions"}],"predecessor-version":[{"id":45666,"href":"https:\/\/www.area-press.eu\/comunicatistampa\/wp-json\/wp\/v2\/posts\/45664\/revisions\/45666"}],"wp:attachment":[{"href":"https:\/\/www.area-press.eu\/comunicatistampa\/wp-json\/wp\/v2\/media?parent=45664"}],"wp:term":[{"taxonomy":"category","embeddable":true,"href":"https:\/\/www.area-press.eu\/comunicatistampa\/wp-json\/wp\/v2\/categories?post=45664"},{"taxonomy":"post_tag","embeddable":true,"href":"https:\/\/www.area-press.eu\/comunicatistampa\/wp-json\/wp\/v2\/tags?post=45664"}],"curies":[{"name":"wp","href":"https:\/\/api.w.org\/{rel}","templated":true}]}}