{"id":45637,"date":"2019-11-27T14:02:13","date_gmt":"2019-11-27T13:02:13","guid":{"rendered":"https:\/\/www.area-press.eu\/comunicatistampa\/?p=45637"},"modified":"2019-11-27T14:02:13","modified_gmt":"2019-11-27T13:02:13","slug":"terna-lamministratore-delegato-e-direttore-generale-luigi-ferraris-intervistato-da-il-messaggero","status":"publish","type":"post","link":"https:\/\/www.area-press.eu\/comunicatistampa\/2019\/11\/27\/terna-lamministratore-delegato-e-direttore-generale-luigi-ferraris-intervistato-da-il-messaggero\/","title":{"rendered":"Terna: l\u2019Amministratore Delegato e Direttore Generale Luigi Ferraris intervistato da \u201cIl Messaggero\u201d"},"content":{"rendered":"<p><em><strong>In occasione della due giorni romana dedicata alla transizione energetica in Italia, l&#8217;Amministratore Delegato e Direttore Generale di Terna <a title=\"Terna, Luigi Ferraris agli stati generali della transizione energetica\" href=\"https:\/\/www.ilmessaggero.it\/economia\/news\/terna_ferraris_efficienza_continuita_e_sicurezza_al_centro_della_transizione_energetica-4801706.html\">Luigi Ferraris ha dialogato con &#8220;Il Messaggero&#8221;<\/a> parlando del contesto attuale, delle priorit\u00e0, degli investimenti, della cybersecurity e della nuova cooperazione con Snam. <\/strong><\/em><\/p>\n<p><a title=\"Luigi Ferraris, AD Terna, stati generali transizione energetica\" href=\"https:\/\/www.ilmessaggero.it\/economia\/news\/terna_ferraris_efficienza_continuita_e_sicurezza_al_centro_della_transizione_energetica-4801706.html\"><img loading=\"lazy\" decoding=\"async\" src=\"http:\/\/h2biz.net\/images\/Plats\/crop_min_20181116175942.jpg\" alt=\"Luigi Ferraris\" width=\"110\" height=\"110\" \/><\/a><\/p>\n<h2>Luigi Ferraris (Terna) agli Stati Generali della Transizione Energetica Italiana<\/h2>\n<p><strong>Luigi Ferraris<\/strong>, Amministratore Delegato e Direttore Generale di <strong>Terna<\/strong>, \u00e8 stato intervistato da &#8220;Il Messaggero&#8221; in occasione degli Stati Generali della Transizione Energetica Italiana. L&#8217;evento si \u00e8 svolto nel corso di due giornate presso Palazzo della Cancelleria a Roma. Snam e Terna, in collaborazione con CDP, hanno presentato i risultati di uno studio congiunto sui futuri scenari del settore, a sostegno dei piani decennali di sviluppo delle reti di trasmissione di energia elettrica e gas. <em>&#8220;<strong>Terna<\/strong> ha come prima responsabilit\u00e0 quella di accompagnare questo processo di transizione mantenendo la continuit\u00e0, la qualit\u00e0 del servizio elettrico e adeguati standard di sicurezza&#8221;<\/em> ha dichiarato <strong>Luigi Ferraris<\/strong> illustrando le principali sfide che la societ\u00e0 si appresta ad affrontare nel corso del processo di transizione energetica in corso. <em>&#8220;Occorre investire in reti che consentano di connettere le nuove risorse via via disponibili sotto il profilo degli investimenti rinnovabili o altre capacit\u00e0. \u00c8 importante, altres\u00ec, investire in stoccaggio di energia andando verso un modello caratterizzato da una presenza crescente di impianti solari e fotovoltaici&#8221;<\/em>.<\/p>\n<h2>Luigi Ferraris: cybersecurity e il protocollo con Snam<\/h2>\n<p>Nel contesto attuale sar\u00e0 <em>&#8220;fondamentale non disperdere nulla dell&#8217;energia non appena \u00e8 disponibile&#8221;, ha dichiarato <strong><a title=\"Luigi Ferraris, AD Terna, intervista il Messaggero\" href=\"https:\/\/www.ilmessaggero.it\/economia\/news\/terna_ferraris_efficienza_continuita_e_sicurezza_al_centro_della_transizione_energetica-4801706.html\">Luigi Ferraris<\/a><\/strong> a &#8220;Il Messaggero&#8221;<\/em>, evidenziando tra le esigenze da non sottovalutare anche quella di <em>&#8220;sopperire alle carenze quando viene meno l&#8217;energia rinnovabile&#8221;<\/em>. <em>&#8220;Per noi gli investimenti in pompaggi sono importanti cos\u00ec come lo sono gli investimenti in batterie&#8221;<\/em>. L&#8217;Amministratore Delegato e Direttore Generale di <strong>Terna<\/strong> ha sottolineato l&#8217;importanza degli investimenti in ricerca e sviluppo nel campo dell&#8217;idrogeno e verso nuove frontiere che aiutino a sfruttare al meglio tutte le risorse a nostra disposizione. 6,2 miliardi di euro sono gi\u00e0 stati stanziati e verranno utilizzati per la rete italiana nei prossimi 5 anni. Non mancher\u00e0 l&#8217;attenzione verso innovazione e digitalizzazione, perch\u00e9 <em>&#8220;stiamo andando verso un mondo caratterizzato da una maggiore complessit\u00e0 e diversit\u00e0 rispetto al passato del modello di funzionamento del nostro sistema energetico&#8221;<\/em>. Per quanto riguarda la cybersecurity, <strong>Luigi Ferraris<\/strong> ha affermato che questa \u00e8 <em>&#8220;fondamentale perch\u00e9 la gestione del dato caratterizzata da una rilevazione capillare di tutte queste nuove capacit\u00e0 di produzione che si affacciano presuppone una misurazione, una gestione, uno stoccaggio ed elaborazioni di soluzioni di algoritmi che verranno gestiti in ambienti di carattere informatico, quindi potenzialmente esposti ad attacchi cibernetici&#8221;<\/em>. \u00c8 proprio questo l&#8217;obiettivo della cooperazione con Snam e con altre istituzioni, perch\u00e9 <em>&#8220;la prevenzione \u00e8 estremamente importante&#8221;<\/em>.<\/p>\n","protected":false},"excerpt":{"rendered":"<p>In occasione della due giorni romana dedicata alla transizione energetica in Italia, l&#8217;Amministratore Delegato e Direttore Generale di Terna Luigi Ferraris ha dialogato con &#8220;Il Messaggero&#8221; parlando del contesto attuale, delle priorit\u00e0, degli investimenti, della cybersecurity e della nuova cooperazione con Snam. Luigi Ferraris (Terna) agli Stati Generali della Transizione Energetica Italiana Luigi Ferraris, Amministratore [&hellip;]<\/p>\n","protected":false},"author":3860,"featured_media":0,"comment_status":"open","ping_status":"open","sticky":false,"template":"","format":"standard","meta":{"footnotes":""},"categories":[5],"tags":[13847,17416],"class_list":["post-45637","post","type-post","status-publish","format-standard","hentry","category-aziendali","tag-luigi-ferraris","tag-terna"],"_links":{"self":[{"href":"https:\/\/www.area-press.eu\/comunicatistampa\/wp-json\/wp\/v2\/posts\/45637","targetHints":{"allow":["GET"]}}],"collection":[{"href":"https:\/\/www.area-press.eu\/comunicatistampa\/wp-json\/wp\/v2\/posts"}],"about":[{"href":"https:\/\/www.area-press.eu\/comunicatistampa\/wp-json\/wp\/v2\/types\/post"}],"author":[{"embeddable":true,"href":"https:\/\/www.area-press.eu\/comunicatistampa\/wp-json\/wp\/v2\/users\/3860"}],"replies":[{"embeddable":true,"href":"https:\/\/www.area-press.eu\/comunicatistampa\/wp-json\/wp\/v2\/comments?post=45637"}],"version-history":[{"count":1,"href":"https:\/\/www.area-press.eu\/comunicatistampa\/wp-json\/wp\/v2\/posts\/45637\/revisions"}],"predecessor-version":[{"id":45638,"href":"https:\/\/www.area-press.eu\/comunicatistampa\/wp-json\/wp\/v2\/posts\/45637\/revisions\/45638"}],"wp:attachment":[{"href":"https:\/\/www.area-press.eu\/comunicatistampa\/wp-json\/wp\/v2\/media?parent=45637"}],"wp:term":[{"taxonomy":"category","embeddable":true,"href":"https:\/\/www.area-press.eu\/comunicatistampa\/wp-json\/wp\/v2\/categories?post=45637"},{"taxonomy":"post_tag","embeddable":true,"href":"https:\/\/www.area-press.eu\/comunicatistampa\/wp-json\/wp\/v2\/tags?post=45637"}],"curies":[{"name":"wp","href":"https:\/\/api.w.org\/{rel}","templated":true}]}}