{"id":45610,"date":"2019-11-27T14:02:12","date_gmt":"2019-11-27T13:02:12","guid":{"rendered":"https:\/\/www.area-press.eu\/comunicatistampa\/?p=45610"},"modified":"2020-08-09T23:35:33","modified_gmt":"2020-08-09T21:35:33","slug":"ettore-filippi-caddero-le-stelle-e-il-singolo-apripista-dellalbum-desordio-verso-sera","status":"publish","type":"post","link":"https:\/\/www.area-press.eu\/comunicatistampa\/2019\/11\/27\/ettore-filippi-caddero-le-stelle-e-il-singolo-apripista-dellalbum-desordio-verso-sera\/","title":{"rendered":"ETTORE FILIPPI \u201cCADDERO LE STELLE\u201d \u00e8 il singolo apripista dell\u2019album d\u2019esordio \u201cVerso sera\u201d"},"content":{"rendered":"<p><span style=\"font-weight: 400\">I rapporti di tensione e distensione sonoro-emotiva e l&#8217;alternarsi di momenti di stasi ed altri pi\u00f9 dinamici, tracciano le fila del brano in bilico tra le ombre e la luce.\u00a0<\/span><\/p>\n<p>&nbsp;<\/p>\n<p><img loading=\"lazy\" decoding=\"async\" class=\"size-medium wp-image-454722 aligncenter\" src=\"https:\/\/diffusionimusicali.altervista.org\/wp-content\/uploads\/2019\/11\/ettore_filippi_caddero_le_stelle.jpg___th_320_0-285x285.jpg\" alt=\"\" width=\"285\" height=\"285\" \/><\/p>\n<p><span style=\"font-weight: 400\">Il brano racconta dello smarrimento di una civilt\u00e0, difronte alla perdita improvvisa ed inaspettata dei propri punti di riferimento, quando tutti gli strumenti che fin l\u00ec avevano saputo guidarla, non le permettono pi\u00f9 di decifrare una realt\u00e0 mutata e impenetrabile.\u00a0<\/span><\/p>\n<p>&nbsp;<\/p>\n<p><span style=\"font-weight: 400\">La metafora delle stelle e della loro caduta sta a simboleggiare lo sgretolarsi di ideali e credo, che si pensavano eterni ed immutabili: ed ora quest&#8217;umanit\u00e0, orfana delle sue coordinate, sotto un cielo ormai \u201cmuto e senza pi\u00f9 nome\u201d, vaga alla deriva.\u00a0 Nel buio della notte inizia, unita, un nuovo cammino. E ad un tratto, il respiro del vento: che riporta memorie di un tempo arcano, dove tutto questo era gi\u00e0 accaduto, lasciando traccia di antichi saperi. Sar\u00e0 questa ritrovata conoscenza ad animare il nuovo corso e suggerire gli strumenti, nuovi sestanti, con cui ridisegnare mappe e rotte che indichino la nuova via.<\/span><\/p>\n<p>&nbsp;<\/p>\n<p><span style=\"font-weight: 400\">Musicalmente, all&#8217;energia quasi tribale dell&#8217;inizio si contrappone subito un paesaggio sonoro caratterizzato dall&#8217;immobilit\u00e0, con minimi interventi che accompagnano il racconto. Questo via via prende corpo fino ad una nuova apertura, meno caotica della precedente, e che risolve a sua volta in un nuovo ambiente fatto ancora di pochi elementi, a punteggiare la narrazione, dove si propone il tema della caduta delle stelle e del caos. Riappare quindi l&#8217;episodio energico dell&#8217;inizio.\u00a0 Ed il suo spegnersi, nella fissit\u00e0 del buio.<\/span><\/p>\n<p>&nbsp;<\/p>\n<p><span style=\"font-weight: 400\">Autoproduzione<\/span><\/p>\n<p><span style=\"font-weight: 400\">Radio date: 5 novembre 2019<\/span><\/p>\n<p>&nbsp;<\/p>\n<p><span style=\"font-weight: 400\">BIO<\/span><\/p>\n<p>&nbsp;<\/p>\n<p><span style=\"font-weight: 400\">Ettore Filippi vive e lavora a Trento.<\/span><\/p>\n<p><span style=\"font-weight: 400\">Compie i primi studi musicali da bambino suonando la tromba; da autodidatta impara a suonare le tastiere. All&#8217;et\u00e0 di vent&#8217;anni inizia la prima esperienza con gruppi musicali della zona nell&#8217;ambito del pop rock italiano, prima come tastierista, poi come cantante. La sua esperienza in quell&#8217;ambito culmina con il gruppo degli RSU, di cui \u00e8 co-fondatore e cantante, delineandone la linea musicale e occupandosi della creazione dei testi. Questa collaborazione lo porta a esibirsi in diverse situazioni in ambito italiano, proponendo un sound che guarda in parte al crossover, in parte ad influenze industrial (NIN, Young Gods..). Nel frattempo si iscrive al corso di canto lirico, presso il conservatorio della citt\u00e0.\u00a0 Spiccano, nei primi anni 90 le partecipazioni come finalisti ad Arezzo Wave e Rock Targato Italia. A Milano il gruppo apre il concerto dei Rage against the machine. A ridosso della firma del contratto con una major, abbandona il gruppo, che autonomamente proseguir\u00e0 seguendo un proprio percorso musicale. Inizia cos\u00ec un nuovo corso caratterizzato dallo studio del canto e successivamente della composizione. Si diploma in canto e, a met\u00e0 anni 2000, si laurea con lode in Composizione e linguaggi musicali del &#8216;900, sotto la guida del M\u00b0 Cosimo Colazzo. Durante questo periodo alcune sue composizioni vengono eseguite durante festival di musica contemporanea (Mondi sonori, Festival contemporanea Lucca). Nel 2004 vince il primo premio al concorso di composizione \u201cVal Sassina\u201d, col brano \u201cNatale 1833\u201d su testo del Manzoni. Parallelamente continua con l&#8217;attivit\u00e0 di cantante, dedicandosi all&#8217;esecuzione di brani tratti dal repertorio liederistico di area tedesca e francese (Strauss R., Schubert, Schumann, Faur\u00e9, Debussy ed altri), nonch\u00e9 ad alcune rappresentazioni in forma di concerto di opere di Paisiello, Mozart, Donizetti, Orff.<\/span><\/p>\n<p><span style=\"font-weight: 400\">Negli ultimi anni \u00e8 riemerso, tuttavia il bisogno di sondare, in prospettiva nuova, il mondo della musica cosiddetta non ecolta, riallacciando le fila con un sentire musicale, lasciato un po&#8217; bruscamente. Il suo album d&#8217;esordio, \u201cVerso sera\u201d, co-prodotto con l&#8217;amico Roberto Segato, d\u00e0 corpo a questo progetto, caratterizzato da una trasversalit\u00e0 tra i generi, prospettiva da sempre sostenuta e proposta.<\/span><\/p>\n","protected":false},"excerpt":{"rendered":"<p>I rapporti di tensione e distensione sonoro-emotiva e l&#8217;alternarsi di momenti di stasi ed altri pi\u00f9 dinamici, tracciano le fila del brano in bilico tra le ombre e la luce.\u00a0 &nbsp; Il brano racconta dello smarrimento di una civilt\u00e0, difronte alla perdita improvvisa ed inaspettata dei propri punti di riferimento, quando tutti gli strumenti che [&hellip;]<\/p>\n","protected":false},"author":4383,"featured_media":0,"comment_status":"open","ping_status":"open","sticky":false,"template":"","format":"standard","meta":{"footnotes":""},"categories":[12],"tags":[],"class_list":["post-45610","post","type-post","status-publish","format-standard","hentry","category-musica"],"_links":{"self":[{"href":"https:\/\/www.area-press.eu\/comunicatistampa\/wp-json\/wp\/v2\/posts\/45610","targetHints":{"allow":["GET"]}}],"collection":[{"href":"https:\/\/www.area-press.eu\/comunicatistampa\/wp-json\/wp\/v2\/posts"}],"about":[{"href":"https:\/\/www.area-press.eu\/comunicatistampa\/wp-json\/wp\/v2\/types\/post"}],"author":[{"embeddable":true,"href":"https:\/\/www.area-press.eu\/comunicatistampa\/wp-json\/wp\/v2\/users\/4383"}],"replies":[{"embeddable":true,"href":"https:\/\/www.area-press.eu\/comunicatistampa\/wp-json\/wp\/v2\/comments?post=45610"}],"version-history":[{"count":1,"href":"https:\/\/www.area-press.eu\/comunicatistampa\/wp-json\/wp\/v2\/posts\/45610\/revisions"}],"predecessor-version":[{"id":45615,"href":"https:\/\/www.area-press.eu\/comunicatistampa\/wp-json\/wp\/v2\/posts\/45610\/revisions\/45615"}],"wp:attachment":[{"href":"https:\/\/www.area-press.eu\/comunicatistampa\/wp-json\/wp\/v2\/media?parent=45610"}],"wp:term":[{"taxonomy":"category","embeddable":true,"href":"https:\/\/www.area-press.eu\/comunicatistampa\/wp-json\/wp\/v2\/categories?post=45610"},{"taxonomy":"post_tag","embeddable":true,"href":"https:\/\/www.area-press.eu\/comunicatistampa\/wp-json\/wp\/v2\/tags?post=45610"}],"curies":[{"name":"wp","href":"https:\/\/api.w.org\/{rel}","templated":true}]}}