{"id":45602,"date":"2019-11-25T19:39:16","date_gmt":"2019-11-25T18:39:16","guid":{"rendered":"https:\/\/www.area-press.eu\/comunicatistampa\/?p=45602"},"modified":"2019-11-25T19:39:16","modified_gmt":"2019-11-25T18:39:16","slug":"negozi-cartucce-stampanti-prink-il-black-friday-e-il-momento-migliore","status":"publish","type":"post","link":"https:\/\/www.area-press.eu\/comunicatistampa\/2019\/11\/25\/negozi-cartucce-stampanti-prink-il-black-friday-e-il-momento-migliore\/","title":{"rendered":"Negozi cartucce stampanti Prink, il Black Friday \u00e8 il momento migliore"},"content":{"rendered":"<p><em>Il Black Friday arriva anche da Prink: da luned\u00ec 25 novembre fino a luned\u00ec 2 dicembre incluso tutti i clienti che effettueranno un doppio acquisto di cartucce, toner o nastri TTR Prink riceveranno dei buoni sconto da 5 \u20ac utilizzabili fino al 25 aprile 2020.<\/em><\/p>\n<p><img loading=\"lazy\" decoding=\"async\" class=\"aligncenter size-full wp-image-10373\" src=\"https:\/\/www.marketinginformatico.it\/wp-content\/uploads\/2019\/11\/Arriva-il-Black-Friday-buoni-sconto-su-cartucce-toner-e-nastri-TTR-a-marchio-Prink.png\" alt=\"Arriva il Black Friday buoni sconto su cartucce, toner e nastri TTR a marchio Prink\" width=\"900\" height=\"412\" \/><\/p>\n<p>Il Black Friday \u00e8 il momento migliore dell\u2019anno per fare affari e risparmiare: i negozi Prink sono pronti per la\u00a0<strong>promozione Black Friday<\/strong>! Da luned\u00ec 25 novembre fino a luned\u00ec 2 dicembre incluso tutti i clienti che effettueranno un doppio acquisto di cartucce, toner o nastri TTR Prink riceveranno dei buoni sconto da 5\u20ac pari al valore del secondo prodotto utilizzabili fino al 25 aprile 2020.<\/p>\n<p>Come funziona la\u00a0<strong>promozione su cartucce, toner e nastri TTR Prink<\/strong>? Ti baster\u00e0 acquistare due di questi prodotti a marchio Prink e riceverai subito dei buoni sconto da 5\u20ac pari al valore del secondo prodotto utilizzabili fino al 25 aprile 2020 sull\u2019acquisto di cartucce, toner e nastri TTR Prink, nella misura di 1 buono da 5\u20ac ogni 20 \u20ac di spesa. Per esempio, se la cartuccia costa 20 \u20ac, al cliente che ne acquista 2 vengono dati 4 buoni da 5 \u20ac.<\/p>\n<p>Le\u00a0<strong>cartucce per stampanti Prink<\/strong>\u00a0sono cartucce di alta qualit\u00e0 che garantiscono stampe eccellenti ad un prezzo pi\u00f9 contenuto rispetto alle cartucce Samsung, alle cartucce HP, alle cartucce Epson. Le cartucce Prink sono perfettamente compatibili e assicurano una stampa senza difetti.<\/p>\n<p>Lo stesso discorso vale anche per i\u00a0<strong>toner Prink per stampanti laser monocromatiche e a colori, fax e fotocopiatrici<\/strong>. I nostri toner sono compatibili con tutte le marche pi\u00f9 diffuse come HP, Epson, Canon, Samsung.<\/p>\n<p>Alla promozione Black Friday aderiscono anche i\u00a0<strong>nastri TTR Prink<\/strong>, ovvero i rotoli a trasferimento termico per fax di tutte le marche. I nostri rotoli a trasferimento termico hanno tutti un ottimo rapporto qualit\u00e0\/prezzo e sono garantiti 24 mesi come tutti i nostri prodotti.<\/p>\n<p><strong>Risparmio economico, stampe di qualit\u00e0, attenzione all\u2019ambiente<\/strong>: ecco 3 buoni motivi per scegliere cartucce, toner e nastri TTR Prink!<\/p>\n<p>Grazie alla\u00a0<a href=\"https:\/\/prink.it\/promozioni\/le-offerte-in-corso\/black-friday-cyber-monday-buoni-sconto-cartucce-toner-Prink?utm_campaign=BlackWeek2019&amp;utm_source=PRonline\" target=\"_blank\" rel=\"noopener noreferrer\">promozione Black Friday<\/a>\u00a0riceverai dei buoni sconto spendibili nei tuoi prossimi acquisti fino ad aprile 2020. La soddisfazione del cliente \u00e8 fondamentale per Prink: per questo, dato che periodicamente \u00e8 necessario riacquistare cartucce e toner in sconto per la propria stampante, Prink ti regala uno sconto di 5 \u20ac ogni 20 \u20ac di spesa da utilizzare nei prossimi 5 mesi per poter risparmiare sui tuoi acquisti.<\/p>\n<p>La promozione Black Friday Prink \u00e8 valida in tutti i negozi Prink. Stai pensando a dove trovare i prodotti Prink? Abbiamo oltre 600 negozi di cartucce e toner per stampanti in tutta Italia, grazie allo store locator sul nostro sito ti baster\u00e0 inserire il tuo indirizzo per visualizzare rapidamente i negozi pi\u00f9 vicino a te.<\/p>\n<p><strong>Fonte<\/strong>: marketinginformatico.it<\/p>\n","protected":false},"excerpt":{"rendered":"<p>Il Black Friday arriva anche da Prink: da luned\u00ec 25 novembre fino a luned\u00ec 2 dicembre incluso tutti i clienti che effettueranno un doppio acquisto di cartucce, toner o nastri TTR Prink riceveranno dei buoni sconto da 5 \u20ac utilizzabili fino al 25 aprile 2020. Il Black Friday \u00e8 il momento migliore dell\u2019anno per fare [&hellip;]<\/p>\n","protected":false},"author":766,"featured_media":0,"comment_status":"open","ping_status":"open","sticky":false,"template":"","format":"standard","meta":{"footnotes":""},"categories":[29],"tags":[25414,25413,25412,25411],"class_list":["post-45602","post","type-post","status-publish","format-standard","hentry","category-comunicati","tag-black-friday-prink","tag-negozi-cartucce-stampanti","tag-promozione-black-friday","tag-promozione-cartucce"],"_links":{"self":[{"href":"https:\/\/www.area-press.eu\/comunicatistampa\/wp-json\/wp\/v2\/posts\/45602","targetHints":{"allow":["GET"]}}],"collection":[{"href":"https:\/\/www.area-press.eu\/comunicatistampa\/wp-json\/wp\/v2\/posts"}],"about":[{"href":"https:\/\/www.area-press.eu\/comunicatistampa\/wp-json\/wp\/v2\/types\/post"}],"author":[{"embeddable":true,"href":"https:\/\/www.area-press.eu\/comunicatistampa\/wp-json\/wp\/v2\/users\/766"}],"replies":[{"embeddable":true,"href":"https:\/\/www.area-press.eu\/comunicatistampa\/wp-json\/wp\/v2\/comments?post=45602"}],"version-history":[{"count":1,"href":"https:\/\/www.area-press.eu\/comunicatistampa\/wp-json\/wp\/v2\/posts\/45602\/revisions"}],"predecessor-version":[{"id":45603,"href":"https:\/\/www.area-press.eu\/comunicatistampa\/wp-json\/wp\/v2\/posts\/45602\/revisions\/45603"}],"wp:attachment":[{"href":"https:\/\/www.area-press.eu\/comunicatistampa\/wp-json\/wp\/v2\/media?parent=45602"}],"wp:term":[{"taxonomy":"category","embeddable":true,"href":"https:\/\/www.area-press.eu\/comunicatistampa\/wp-json\/wp\/v2\/categories?post=45602"},{"taxonomy":"post_tag","embeddable":true,"href":"https:\/\/www.area-press.eu\/comunicatistampa\/wp-json\/wp\/v2\/tags?post=45602"}],"curies":[{"name":"wp","href":"https:\/\/api.w.org\/{rel}","templated":true}]}}