{"id":45372,"date":"2019-11-19T10:58:17","date_gmt":"2019-11-19T09:58:17","guid":{"rendered":"https:\/\/www.area-press.eu\/comunicatistampa\/?p=45372"},"modified":"2019-11-19T10:58:17","modified_gmt":"2019-11-19T09:58:17","slug":"cultura-della-memoria-e-responsabilita-sociale-protagonisti-a-verona","status":"publish","type":"post","link":"https:\/\/www.area-press.eu\/comunicatistampa\/2019\/11\/19\/cultura-della-memoria-e-responsabilita-sociale-protagonisti-a-verona\/","title":{"rendered":"Cultura della memoria e Responsabilit\u00e0 Sociale protagonisti a Verona"},"content":{"rendered":"<p><span style=\"color: #333333\"><strong><em>Il 22 novembre 2019, nel quadro della XVIII Settimana della Cultura d\u2019Impresa all\u2019Universit\u00e0 IUSVE, una tavola rotonda ed il film \u201cNEWMUSEUM(S)\u201d di Francesca Molteni tracceranno lo scenario attuale e porranno accento sulla realt\u00e0 veneta.<\/em><\/strong><\/span><\/p>\n<p>Il prossimo 22 novembre alle 10:45, nel Campus veronese dell\u2019Universit\u00e0 IUSVE, in Regaste San Zeno 17, si svolger\u00e0 \u201cL\u2019innovazione dell\u2019Impresa tra Cultura della memoria e Responsabilit\u00e0 sociale\u201d evento organizzato da <strong><a href=\"https:\/\/app.mailvox.it\/nl\/pvwq5t\/j2lvlh\/y5jxag2\/ut\/9\/aHR0cHM6Ly93d3cubW9ub2dyYWZpZWltcHJlc2EuaXQv?_d=4AH&amp;_c=604ca019\" target=\"_blank\" rel=\"noopener noreferrer\"><span style=\"color: #ff0000\">Osservatorio Monografie d\u2019Impresa<\/span><\/a><\/strong>, <span style=\"color: #ff0000\"><strong><a style=\"color: #ff0000\" href=\"https:\/\/app.mailvox.it\/nl\/pvwq5t\/j2lvlh\/y5jxag2\/ut\/10\/aHR0cDovL3d3dy5pdXN2ZS5pdC8?_d=4AH&amp;_c=7464b025\" target=\"_blank\" rel=\"noopener noreferrer\">Universit\u00e0 IUSVE<\/a><\/strong><\/span> e <a href=\"http:\/\/www.museonicolis.com\" target=\"_blank\" rel=\"noopener noreferrer\"><span style=\"color: #ff0000\"><strong>Museo Nicolis<\/strong><\/span><\/a>.<br \/>\nDopo la tavola rotonda coordinata da Marco Montemaggi si proietter\u00e0 il film di Francesca Molteni \u201cNEWMUSEMU(S)\u201d<\/p>\n<p>La\u00a0XVIII Settimana della Cultura d&#8217;Impresa, indetta da Confindustria e Museimpresa, \u00e8 guidata dal tema <strong><em>A Regola d\u2019Arte<\/em><\/strong>.<strong><em> L\u2019Italia delle culture d\u2019impresa: inclusiva e sostenibile<\/em><\/strong> e ha l\u2019obiettivo di porre al centro dell&#8217;attenzione la capacit\u00e0 del tessuto imprenditoriale italiano di evolversi seguendo le traiettorie di cambiamento stimolate dalle trasformazioni sociali, economiche e ambientali.<\/p>\n<p>La\u00a0cultura della Memoria d&#8217;Impresa\u00a0\u00e9 quindi alleato efficace per preservare la storia e l&#8217;identit\u00e0 delle aziende senza frenarne il progresso e contribuisce ad un modello di Responsabilit\u00e0 Sociale ispirata al nuovo\u00a0<em>Illuminismo Umanistico<\/em>, che partendo dalla\u00a0Pubblica Felicita\u0300\u00a0dell\u2019Abate Genovesi e passando per l\u2019<em>Utopismo Pragmatico<\/em>\u00a0di Adriano Olivetti, segna il percorso per un\u2019impresa basata sul fattore umano.<\/p>\n<p>Nella tavola rotonda, <strong>Marco Montemaggi<\/strong>\u00a0uno dei massimi esperti in Heritage Marketing, dialogher\u00e0 con:<br \/>\n<strong>Silvia Nicolis<\/strong> Direttore del<span style=\"color: #ff0000\"> <strong>Museo Nicolis<\/strong><\/span>, spettacolare Museo-Impresa considerato un emblema della moderna Cultura d\u2019impresa;<br \/>\n<strong>Maurizio Zordan<\/strong> CEO di <strong><span style=\"color: #ff0000\">Zordan 1965<\/span><\/strong>, Societa\u0300 Benefit che ha iniziato l\u2019avventura di riorganizzare e condividere le tracce della propria identita\u0300<br \/>\n<strong>Christian Sottana<\/strong> co-ideatore di <strong><span style=\"color: #ff0000\">VHT-Venezia Heritage Tower<\/span><\/strong>, esperienza pilota di archeologia industriale e museografia del territorio quale driver di sviluppo<br \/>\n<strong>Marina Valenti<\/strong> responsabile relazioni esterne della <strong><span style=\"color: #ff0000\">Cantina Valpolicella Negrar<\/span><\/strong>, dalla terra dell\u2019Amarone, una cooperativa che vive in simbiosi e sapere condiviso con soci e territorio.<\/p>\n<p>Al termine della tavola rotonda avr\u00e0 luogo la proiezione del film \u201cNEWMUSEUM(S). Stories of company archives and museums\u201d, per la regia di Francesca Molteni<br \/>\nIl film, promosso da Museimpresa, racconta archivi e musei d\u2019impresa per far comprendere quali valori debbano trasmettere e quali linguaggi debbano adottare per dialogare con la contemporaneita\u0300.<br \/>\nPer il racconto di questa identita\u0300 in mutamento, tra presente e futuro, sono intervistati direttori di musei, curatori, esperti della materia, ma anche architetti, artisti, musicisti e creativi che hanno contribuito a progetti innovativi per i musei d\u2019impresa.<\/p>\n<p><strong>L\u2019ingresso \u00e8 libero.<\/strong><\/p>\n<p><strong>PER INFORMAZIONI:<\/strong><br \/>\n<span style=\"color: #ff0000\"><strong>sartori@monografieimpresa.it<\/strong><\/span><br \/>\nTiziana Sartori 347 6914664<\/p>\n","protected":false},"excerpt":{"rendered":"<p>Il 22 novembre 2019, nel quadro della XVIII Settimana della Cultura d\u2019Impresa all\u2019Universit\u00e0 IUSVE, una tavola rotonda ed il film \u201cNEWMUSEUM(S)\u201d di Francesca Molteni tracceranno lo scenario attuale e porranno accento sulla realt\u00e0 veneta. Il prossimo 22 novembre alle 10:45, nel Campus veronese dell\u2019Universit\u00e0 IUSVE, in Regaste San Zeno 17, si svolger\u00e0 \u201cL\u2019innovazione dell\u2019Impresa tra [&hellip;]<\/p>\n","protected":false},"author":4727,"featured_media":0,"comment_status":"open","ping_status":"open","sticky":false,"template":"","format":"standard","meta":{"footnotes":""},"categories":[3,4,7,8],"tags":[25282,25281,25280,25278,25279],"class_list":["post-45372","post","type-post","status-publish","format-standard","hentry","category-arte-e-cultura","category-attualita-e-societa","category-economia-e-finanza","category-eventi","tag-heritage","tag-iusve","tag-musei-aziendali","tag-museimpresa","tag-osservatorio-monografie-dimpresa"],"_links":{"self":[{"href":"https:\/\/www.area-press.eu\/comunicatistampa\/wp-json\/wp\/v2\/posts\/45372","targetHints":{"allow":["GET"]}}],"collection":[{"href":"https:\/\/www.area-press.eu\/comunicatistampa\/wp-json\/wp\/v2\/posts"}],"about":[{"href":"https:\/\/www.area-press.eu\/comunicatistampa\/wp-json\/wp\/v2\/types\/post"}],"author":[{"embeddable":true,"href":"https:\/\/www.area-press.eu\/comunicatistampa\/wp-json\/wp\/v2\/users\/4727"}],"replies":[{"embeddable":true,"href":"https:\/\/www.area-press.eu\/comunicatistampa\/wp-json\/wp\/v2\/comments?post=45372"}],"version-history":[{"count":2,"href":"https:\/\/www.area-press.eu\/comunicatistampa\/wp-json\/wp\/v2\/posts\/45372\/revisions"}],"predecessor-version":[{"id":45374,"href":"https:\/\/www.area-press.eu\/comunicatistampa\/wp-json\/wp\/v2\/posts\/45372\/revisions\/45374"}],"wp:attachment":[{"href":"https:\/\/www.area-press.eu\/comunicatistampa\/wp-json\/wp\/v2\/media?parent=45372"}],"wp:term":[{"taxonomy":"category","embeddable":true,"href":"https:\/\/www.area-press.eu\/comunicatistampa\/wp-json\/wp\/v2\/categories?post=45372"},{"taxonomy":"post_tag","embeddable":true,"href":"https:\/\/www.area-press.eu\/comunicatistampa\/wp-json\/wp\/v2\/tags?post=45372"}],"curies":[{"name":"wp","href":"https:\/\/api.w.org\/{rel}","templated":true}]}}