{"id":45295,"date":"2019-11-15T15:14:03","date_gmt":"2019-11-15T14:14:03","guid":{"rendered":"https:\/\/www.area-press.eu\/comunicatistampa\/?p=45295"},"modified":"2019-11-15T15:14:03","modified_gmt":"2019-11-15T14:14:03","slug":"eni-cresce-la-produzione-nel-terzo-trimestre-2019-lanalisi-dellad-claudio-descalzi","status":"publish","type":"post","link":"https:\/\/www.area-press.eu\/comunicatistampa\/2019\/11\/15\/eni-cresce-la-produzione-nel-terzo-trimestre-2019-lanalisi-dellad-claudio-descalzi\/","title":{"rendered":"Eni, cresce la produzione nel terzo trimestre 2019: l\u2019analisi dell\u2019AD Claudio Descalzi"},"content":{"rendered":"<p><em><strong>Eni presenta i risultati della <a title=\"Eni, Claudio Descalzi commenta dati terza trimestrale 2019\" href=\"https:\/\/www.ilsole24ore.com\/art\/eni-sale-produzione-calano-utili-de-scalzi-grande-fiducia-futuro-ACDCzXu\">terza trimestrale 2019<\/a>: l&#8217;analisi dell&#8217;AD Claudio Descalzi sui primi nove mesi dell&#8217;anno e le prospettive per il quarto trimestre.<\/strong><\/em><\/p>\n<p><a title=\"Claudio Descalzi, dati terza trimestrale 2019 Eni\" href=\"https:\/\/www.ilsole24ore.com\/art\/eni-sale-produzione-calano-utili-de-scalzi-grande-fiducia-futuro-ACDCzXu\"><img decoding=\"async\" src=\"https:\/\/www.xing.com\/image\/c_0_e_7fe30e841_25847697_1\/claudio-descalzi-foto.1024x1024.jpg\" alt=\"Claudio Descalzi\" width=\"120\" \/><\/a><\/p>\n<h2>&#8220;Risultati di grande solidit\u00e0&#8221;: l&#8217;AD Claudio Descalzi parla della terza trimestrale Eni<\/h2>\n<p>Risultati <em>&#8220;di grande solidit\u00e0&#8221;<\/em> quelli conseguiti da Eni nel terzo trimestre 2019. \u00c8 l&#8217;AD <strong>Claudio Descalzi<\/strong> a definirli cos\u00ec, presentandoli: <em>&#8220;Abbiamo conseguito nel trimestre una crescita rilevante della produzione, pari al 6%, grazie ai contributi dall&#8217;Egitto, Kazakhstan, Ghana e la prima produzione dal Messico, ottenuta a soli undici mesi dalla decisione finale di investimento&#8221;<\/em>. L&#8217;AD sottolinea come la produzione crescente e i risultati della commercializzazione gas e del marketing oil abbiano permesso di generare nei primi nove mesi dell&#8217;anno <em>&#8220;un flusso di cassa, in sensibile crescita nonostante lo scenario in peggioramento, pari a 9,4 miliardi di euro, capace di finanziare non solo gli investimenti netti di periodo per 5,6 miliardi di euro ma anche il dividendo e il buy-back previsti per l&#8217;intero anno in circa 3,4 miliardi di euro&#8221;<\/em>. Il Gruppo registra un utile netto in calo del 66% rispetto all&#8217;anno precedente, a 523 milioni, e l&#8217;utile netto adjusted a 776 milioni di euro (-44% rispetto allo stesso periodo dell&#8217;anno scorso): numeri su cui pesano uno scenario complesso, segnato anche dall&#8217;abbassamento dei prezzi di petrolio e gas. Ma Eni, come sottolineato da <strong>Claudio Descalzi<\/strong>, chiude il terzo trimestre migliore di sempre in termini di produzione: 1,89 milioni di boe\/giorno, in aumento del 6% escludendo l&#8217;effetto prezzo e il portafoglio e nei 9 mesi a 1,85 milioni di boe\/giorno (+1,8%).<\/p>\n<h2>Claudio Descalzi: &#8220;Da nuovi asset spinta sviluppo, grande fiducia nel futuro&#8221;<\/h2>\n<p>Nel suo commento l&#8217;AD <strong><a title=\"Claudio Descalzi: risultati terza trimestrale 2019\" href=\"https:\/\/www.ilsole24ore.com\/art\/eni-sale-produzione-calano-utili-de-scalzi-grande-fiducia-futuro-ACDCzXu\">Claudio Descalzi<\/a><\/strong> evidenzia come, secondo quanto sembrano confermare i numeri registrati, l&#8217;efficiente portafoglio Eni annoveri &#8220;uno scenario di break-even ben inferiore a quello riscontrabile nel gi\u00e0 difficile scenario odierno. In particolare nel terzo trimestre il Brent ha perso oltre 13 dollari\/barile mentre il prezzo del gas in Europa si \u00e8 ridotto di oltre il 50%, accelerando un trend in riduzione rispetto al 2018 evidente dai primi sei mesi dell&#8217;anno&#8221;. Le attese per il quarto trimestre fanno ben sperare: <em>&#8220;Alla solidit\u00e0 dei risultati contribuiranno poi da fine anno l&#8217;acquisizione in Norvegia, che apporter\u00e0 circa 100 mila barili giorno di produzione, e il contributo stabilizzante della partecipazione nella raffineria di Ruwais che accrescer\u00e0 del 35% la nostra attuale capacit\u00e0 di raffinazione&#8221;<\/em>. E Claudio Descalzi si sofferma anche sui <em>&#8220;continui progressi nei business complementari del futuro, dalle bio-raffinerie, alle rinnovabili e ai primi impianti pilota waste to fuel, che in gran parte fanno leva sulla ricerca interna che sar\u00e0 sempre pi\u00f9 la nostra &#8216;seconda esplorazione&#8217;, volano di generazione di nuovi business&#8221;.<\/em> Basi che gli consentono di guardare <em>&#8220;al futuro pi\u00f9 prossimo cos\u00ec come a quello di transizione nel medio lungo termine con grande fiducia&#8221;<\/em>.<\/p>\n","protected":false},"excerpt":{"rendered":"<p>Eni presenta i risultati della terza trimestrale 2019: l&#8217;analisi dell&#8217;AD Claudio Descalzi sui primi nove mesi dell&#8217;anno e le prospettive per il quarto trimestre. &#8220;Risultati di grande solidit\u00e0&#8221;: l&#8217;AD Claudio Descalzi parla della terza trimestrale Eni Risultati &#8220;di grande solidit\u00e0&#8221; quelli conseguiti da Eni nel terzo trimestre 2019. \u00c8 l&#8217;AD Claudio Descalzi a definirli cos\u00ec, [&hellip;]<\/p>\n","protected":false},"author":3661,"featured_media":0,"comment_status":"open","ping_status":"open","sticky":false,"template":"","format":"standard","meta":{"footnotes":""},"categories":[5,29],"tags":[11757,11758],"class_list":["post-45295","post","type-post","status-publish","format-standard","hentry","category-aziendali","category-comunicati","tag-claudio-descalzi","tag-eni"],"_links":{"self":[{"href":"https:\/\/www.area-press.eu\/comunicatistampa\/wp-json\/wp\/v2\/posts\/45295","targetHints":{"allow":["GET"]}}],"collection":[{"href":"https:\/\/www.area-press.eu\/comunicatistampa\/wp-json\/wp\/v2\/posts"}],"about":[{"href":"https:\/\/www.area-press.eu\/comunicatistampa\/wp-json\/wp\/v2\/types\/post"}],"author":[{"embeddable":true,"href":"https:\/\/www.area-press.eu\/comunicatistampa\/wp-json\/wp\/v2\/users\/3661"}],"replies":[{"embeddable":true,"href":"https:\/\/www.area-press.eu\/comunicatistampa\/wp-json\/wp\/v2\/comments?post=45295"}],"version-history":[{"count":1,"href":"https:\/\/www.area-press.eu\/comunicatistampa\/wp-json\/wp\/v2\/posts\/45295\/revisions"}],"predecessor-version":[{"id":45296,"href":"https:\/\/www.area-press.eu\/comunicatistampa\/wp-json\/wp\/v2\/posts\/45295\/revisions\/45296"}],"wp:attachment":[{"href":"https:\/\/www.area-press.eu\/comunicatistampa\/wp-json\/wp\/v2\/media?parent=45295"}],"wp:term":[{"taxonomy":"category","embeddable":true,"href":"https:\/\/www.area-press.eu\/comunicatistampa\/wp-json\/wp\/v2\/categories?post=45295"},{"taxonomy":"post_tag","embeddable":true,"href":"https:\/\/www.area-press.eu\/comunicatistampa\/wp-json\/wp\/v2\/tags?post=45295"}],"curies":[{"name":"wp","href":"https:\/\/api.w.org\/{rel}","templated":true}]}}