{"id":44998,"date":"2019-11-04T15:30:38","date_gmt":"2019-11-04T14:30:38","guid":{"rendered":"https:\/\/www.area-press.eu\/comunicatistampa\/?p=44998"},"modified":"2019-11-04T15:30:38","modified_gmt":"2019-11-04T14:30:38","slug":"fme-education-tra-gli-espositori-di-didacta-italia-in-fiera-con-il-progetto-myedu","status":"publish","type":"post","link":"https:\/\/www.area-press.eu\/comunicatistampa\/2019\/11\/04\/fme-education-tra-gli-espositori-di-didacta-italia-in-fiera-con-il-progetto-myedu\/","title":{"rendered":"FME Education tra gli espositori di Didacta Italia in fiera con il progetto \u201cMyEdu\u201d"},"content":{"rendered":"<p><em><strong>Creato da <a href=\"https:\/\/www.slideshare.net\/FME_Education\/\" title=\"FME Education: slideshare\">FME Education<\/a>, il progetto &quot;MyEdu&quot; nasce con l&#8217;obiettivo di portare l&#8217;innovazione tra i banchi di scuola, aiutando i ragazzi nel processo di apprendimento grazie all&#8217;utilizzo della tecnologia e della formazione digitale per i docenti.<\/strong><\/em><\/p>\n<p><a href=\"https:\/\/www.slideshare.net\/FME_Education\/\" title=\"FME Education - slideshare\"><img loading=\"lazy\" decoding=\"async\" alt=\"FME Education, slideshare\" height=\"96\" src=\"https:\/\/cdn.slidesharecdn.com\/profile-photo-FME_Education-96x96.jpg?cb=1562837546\" width=\"96\" \/><\/a><\/p>\n<h2>FME Education presente alla fiera Didacta Italia con &quot;MyEdu&quot;<\/h2>\n<p>Tra il 9 e l&#8217;11 ottobre la citt\u00e0 di Firenze \u00e8 stata al centro di uno dei pi\u00f9 importanti appuntamenti legati al mondo della scuola e della formazione: Fiera Didacta Italia. Giunta alla terza edizione, la kermesse ha visto la partecipazione dei principali protagonisti del settore e uno spazio espositivo di oltre 30.000 mq. Presente all&#8217;evento con un proprio stand, <strong>FME Education<\/strong> ha illustrato le novit\u00e0 del progetto &quot;MyEdu&quot;, dedicato allo sviluppo digitale delle scuole. Nel corso dei tre giorni della manifestazione, la Casa Editrice ha proposto nel suo spazio espositivo diversi incontri con il pubblico, con dimostrazioni pratiche e demo. Si \u00e8 parlato, inoltre, del potenziale delle piattaforme digitali, dell&#8217;innovazione del modello educativo e dell&#8217;integrazione tra modelli tradizionali e digitali. In tale ottica, l&#8217;11 ottobre l&#8217;editore ha tenuto un workshop dedicato agli insegnanti sulle funzionalit\u00e0 del portale &quot;MyEdu Plus&quot;, grazie al quale gli insegnanti, con estrema facilit\u00e0 di utilizzo, possono creare contenuti propri, condividendoli con il network di docenti MyEdu, e accedere al contempo a migliaia di risorse editoriali, conformi alle indicazioni nazionali del Miur. <\/p>\n<h2>FME Education: l&#8217;offerta di &quot;MyEdu&quot; per le scuole<\/h2>\n<p>Nato nel 2013 grazie all&#8217;iniziativa di <strong><a href=\"https:\/\/www.slideshare.net\/FME_Education\/\" title=\"FME Education - slideshare\">FME Education<\/a><\/strong>, MyEdu \u00e8 un progetto destinato alle scuole e alle famiglie italiane. Attraverso un team composto da 30 professionisti tra grafici, redattori, creativi, tutor e sviluppatori, a cui si aggiunge un team esterno di 10 collaboratori, MyEdu offre una vasta gamma di soluzioni ideate al fine di integrare ai metodi di insegnamento tradizionali l&#8217;uso della tecnologia. Creativit\u00e0, innovazione digitale e formazione dei docenti: questi sono i pilastri sui quali il progetto di <strong>FME Education<\/strong> fonda la propria filosofia operativa, con la profonda convinzione che per coinvolgere maggiormente i ragazzi e favorirne le capacit\u00e0 di apprendimento sia necessario adottare un approccio educativo moderno, seguendo il motto: &quot;Imparare divertendosi a casa e a scuola&quot;. Sulla base degli specifici bisogni di studenti ed insegnanti, MyEdu offre oggi un ricco ventaglio di prodotti, tra cui rientrano MyEdu School, studiato per la didattica digitale in classe, MyEdu Plus, un sistema integrato per la scuola innovativa, Encyclomedia Online, piattaforma digitale creata con la collaborazione di Umberto Eco e MyEdu Family, la soluzione dedicata ai compiti e allo studio a casa. <\/p>\n","protected":false},"excerpt":{"rendered":"<p>Creato da FME Education, il progetto &quot;MyEdu&quot; nasce con l&#8217;obiettivo di portare l&#8217;innovazione tra i banchi di scuola, aiutando i ragazzi nel processo di apprendimento grazie all&#8217;utilizzo della tecnologia e della formazione digitale per i docenti. FME Education presente alla fiera Didacta Italia con &quot;MyEdu&quot; Tra il 9 e l&#8217;11 ottobre la citt\u00e0 di Firenze [&hellip;]<\/p>\n","protected":false},"author":40,"featured_media":0,"comment_status":"open","ping_status":"open","sticky":false,"template":"","format":"standard","meta":{"footnotes":""},"categories":[8],"tags":[23762],"class_list":["post-44998","post","type-post","status-publish","format-standard","hentry","category-eventi","tag-fme-education"],"_links":{"self":[{"href":"https:\/\/www.area-press.eu\/comunicatistampa\/wp-json\/wp\/v2\/posts\/44998","targetHints":{"allow":["GET"]}}],"collection":[{"href":"https:\/\/www.area-press.eu\/comunicatistampa\/wp-json\/wp\/v2\/posts"}],"about":[{"href":"https:\/\/www.area-press.eu\/comunicatistampa\/wp-json\/wp\/v2\/types\/post"}],"author":[{"embeddable":true,"href":"https:\/\/www.area-press.eu\/comunicatistampa\/wp-json\/wp\/v2\/users\/40"}],"replies":[{"embeddable":true,"href":"https:\/\/www.area-press.eu\/comunicatistampa\/wp-json\/wp\/v2\/comments?post=44998"}],"version-history":[{"count":1,"href":"https:\/\/www.area-press.eu\/comunicatistampa\/wp-json\/wp\/v2\/posts\/44998\/revisions"}],"predecessor-version":[{"id":44999,"href":"https:\/\/www.area-press.eu\/comunicatistampa\/wp-json\/wp\/v2\/posts\/44998\/revisions\/44999"}],"wp:attachment":[{"href":"https:\/\/www.area-press.eu\/comunicatistampa\/wp-json\/wp\/v2\/media?parent=44998"}],"wp:term":[{"taxonomy":"category","embeddable":true,"href":"https:\/\/www.area-press.eu\/comunicatistampa\/wp-json\/wp\/v2\/categories?post=44998"},{"taxonomy":"post_tag","embeddable":true,"href":"https:\/\/www.area-press.eu\/comunicatistampa\/wp-json\/wp\/v2\/tags?post=44998"}],"curies":[{"name":"wp","href":"https:\/\/api.w.org\/{rel}","templated":true}]}}