{"id":44904,"date":"2019-10-30T15:26:59","date_gmt":"2019-10-30T14:26:59","guid":{"rendered":"https:\/\/www.area-press.eu\/comunicatistampa\/?p=44904"},"modified":"2019-10-30T15:26:59","modified_gmt":"2019-10-30T14:26:59","slug":"mtb-emmanuele-macaluso-presenta-il-logo-di-em314-il-progetto-di-marketing-dello-sport-relativo-al-suo-ritorno-al-professionismo","status":"publish","type":"post","link":"https:\/\/www.area-press.eu\/comunicatistampa\/2019\/10\/30\/mtb-emmanuele-macaluso-presenta-il-logo-di-em314-il-progetto-di-marketing-dello-sport-relativo-al-suo-ritorno-al-professionismo\/","title":{"rendered":"MTB: Emmanuele Macaluso presenta il logo di \u201cEM314\u201d, il progetto di marketing dello sport relativo al suo ritorno al professionismo"},"content":{"rendered":"<p><em>Dopo l\u2019ufficializzazione del suo ritorno allo sport professionistico, nella MTB, Emmanuele Macaluso presenta il logo del progetto di marketing che lo supporter\u00e0 in questa nuova avventura professionale.<\/em><\/p>\n<p><em>\u00a0<\/em><\/p>\n<p>Dopo i rumors e l\u2019ufficializzazione del suo <strong>ritorno<\/strong> nel mondo dello <strong>sport professionistico<\/strong> avvenuto lo scorso mese di ottobre, <strong>Emmanuele Macaluso<\/strong>, gi\u00e0 campione nel <strong>lancio del giavellotto<\/strong> e attualmente al rientro nello sport nella disciplina della <strong>mountain bike<\/strong> (<strong>MTB<\/strong>), ha presentato stamane nel corso di una conferenza stampa il <strong>logo <\/strong>del progetto che lo supporter\u00e0 in questa nuova avventura.<\/p>\n<p>&nbsp;<\/p>\n<p>\u201c<strong>EM314<\/strong>\u201d (si pu\u00f2 scrivere anche \u201c<strong>EM 314<\/strong>\u201d <em>nda<\/em>) \u00e8 il nome scelto dal <strong>ciclista torinese<\/strong> per lasciare la sua inconfondibile impronta nei circuiti italiani.<\/p>\n<p>&nbsp;<\/p>\n<p>Il logo mette insieme le iniziali di Emmanuele Macaluso (<strong>EM<\/strong>) e il numero di gara personale che ha scelto (<strong>314<\/strong>). Il logo <strong>EM314<\/strong>, disegnato dal <strong>Project Manager Creativo Federico Ottavio Barberis<\/strong> (<strong>BFO Stile<\/strong>), sar\u00e0 il tratto distintivo dell\u2019<strong>atleta<\/strong> in pista. Ma non solo, infatti \u00e8 anche il logo del <strong>progetto di marketing<\/strong> che lo supporter\u00e0 per questa avventura professionistica.<\/p>\n<p>Un progetto che prevede il controllo diretto di tutte le attivit\u00e0 di <strong>marketing<\/strong>, <strong>comunicazione<\/strong>, <strong>Relazioni Pubbliche<\/strong>, <strong>CSR<\/strong> (<em>Corporate Social Responsability \u2013 Responsabilit\u00e0 Sociale d\u2019Impresa<\/em>) e relative ai diritti d\u2019immagine di Macaluso. Il progetto sar\u00e0 curato e seguito dall\u2019<strong>Associazione Factory Performance <\/strong>di <strong>Torino<\/strong> e sar\u00e0 supportato da partner tecnici, legali, fornitori e sponsor.<\/p>\n<p>&nbsp;<\/p>\n<p>Nel corso della conferenza, Emmanuele Macaluso ha altres\u00ec ufficializzato la prossima presentazione degli sponsor,\u00a0 dei partners e la \u201crinascita\u201d del suo <strong>fan club ufficiale<\/strong>, che si era sciolto nel 2010, a seguito del suo ritiro dall\u2019attivit\u00e0 agonistica. Il logo <strong>EM 314 <\/strong>sar\u00e0 anche utilizzato per il <strong>merchandising ufficiale<\/strong>.<\/p>\n<p>&nbsp;<\/p>\n<p><strong><u>Le dichiarazioni:<\/u><\/strong><\/p>\n<p>\u201c<em>Sono emozionato per la nascita di questo progetto, e molto colpito dalle risposte che stiamo ottenendo in termini di attenzione da parte del pubblico e dalla stampa<\/em> \u2013 ha dichiarato a latere dell\u2019incontro <strong>Emmanuele Macaluso<\/strong>, che continua \u2013 <em>Il logo credo che rappresenti perfettamente il progetto e la mia personalit\u00e0 sportiva. Federico (Barberis nda) ha centrato per l\u2019ennesima volta l\u2019obiettivo e ha portato la mia esperienza sportiva nel mondo della comunicazione visiva, creando un logo in grado di comunicare il suo messaggio in modo diretto, accattivante e incisivo<\/em>\u201d.<\/p>\n<p>&nbsp;<\/p>\n<p>\u201c<em>\u00c8<\/em> <em>sempre stimolante \u201cvestire\u201d un progetto di questa entit\u00e0. Il marchio realizzato per Macaluso \u00e8 il primo degli elaborati che saranno resi pubblici attraverso le attivit\u00e0 del progetto \u2013 <\/em>dichiara <strong>Federico Ottavio Barberis <\/strong>di \u201c<strong>BFO Stile<\/strong>\u201d, che continua <em>\u2013 Ogni elemento presente nel marchio \u00e8 il risultato di un lavoro di collaborazione creativa e tecnica a cui ho semplicemente dato forma attraverso linee e colori. La mia formazione e i risultati ottenuti in questi anni di esperienza mi confermano quanto sia fondamentale,\u00a0 per chi si propone al mondo, l&#8217;attenzione rivolta alla propria corporate image. Lavorare per Emmanuele Macaluso significa dare valore al tempo dedicato\u201d. <\/em><\/p>\n<p>&nbsp;<\/p>\n<p>L\u2019attesa per il ritorno di Emmanuele Macaluso e, a questo punto possiamo dirlo, per il progetto EM 314, \u00e8 palpabile. Sono decine gli articoli di stampa e le testate che parlano di Macaluso e della sua nuova avventura nell MTB e migliaia le interazioni sui social. Prossimamente vi daremo conto delle nuove informazioni che Factory Performance e EM314 ufficializzeranno.<\/p>\n<p>&nbsp;<\/p>\n<p>Maggiori informazioni <a href=\"http:\/\/www.emacaluso.com\/em314official.htm\">http:\/\/www.emacaluso.com\/em314official.htm<\/a><\/p>\n","protected":false},"excerpt":{"rendered":"<p>Dopo l\u2019ufficializzazione del suo ritorno allo sport professionistico, nella MTB, Emmanuele Macaluso presenta il logo del progetto di marketing che lo supporter\u00e0 in questa nuova avventura professionale. \u00a0 Dopo i rumors e l\u2019ufficializzazione del suo ritorno nel mondo dello sport professionistico avvenuto lo scorso mese di ottobre, Emmanuele Macaluso, gi\u00e0 campione nel lancio del giavellotto [&hellip;]<\/p>\n","protected":false},"author":4938,"featured_media":0,"comment_status":"open","ping_status":"open","sticky":false,"template":"","format":"standard","meta":{"footnotes":""},"categories":[18,4,29,15,19188],"tags":[2784,5954,24696,24694,24421,25064,5710,24699,5711,23343,7988,7989,24698,1472,24695,24697],"class_list":["post-44904","post","type-post","status-publish","format-standard","hentry","category-altri-vari","category-attualita-e-societa","category-comunicati","category-sport","category-volontariato-e-societa","tag-ciclismo","tag-cosmobserver","tag-cross-country","tag-em-314","tag-em314","tag-em314official","tag-emmanuele","tag-factory-performance","tag-macaluso","tag-mission-dark-sky","tag-mountain-bike","tag-mtb","tag-smpi","tag-sport","tag-xc","tag-xco"],"_links":{"self":[{"href":"https:\/\/www.area-press.eu\/comunicatistampa\/wp-json\/wp\/v2\/posts\/44904","targetHints":{"allow":["GET"]}}],"collection":[{"href":"https:\/\/www.area-press.eu\/comunicatistampa\/wp-json\/wp\/v2\/posts"}],"about":[{"href":"https:\/\/www.area-press.eu\/comunicatistampa\/wp-json\/wp\/v2\/types\/post"}],"author":[{"embeddable":true,"href":"https:\/\/www.area-press.eu\/comunicatistampa\/wp-json\/wp\/v2\/users\/4938"}],"replies":[{"embeddable":true,"href":"https:\/\/www.area-press.eu\/comunicatistampa\/wp-json\/wp\/v2\/comments?post=44904"}],"version-history":[{"count":1,"href":"https:\/\/www.area-press.eu\/comunicatistampa\/wp-json\/wp\/v2\/posts\/44904\/revisions"}],"predecessor-version":[{"id":44905,"href":"https:\/\/www.area-press.eu\/comunicatistampa\/wp-json\/wp\/v2\/posts\/44904\/revisions\/44905"}],"wp:attachment":[{"href":"https:\/\/www.area-press.eu\/comunicatistampa\/wp-json\/wp\/v2\/media?parent=44904"}],"wp:term":[{"taxonomy":"category","embeddable":true,"href":"https:\/\/www.area-press.eu\/comunicatistampa\/wp-json\/wp\/v2\/categories?post=44904"},{"taxonomy":"post_tag","embeddable":true,"href":"https:\/\/www.area-press.eu\/comunicatistampa\/wp-json\/wp\/v2\/tags?post=44904"}],"curies":[{"name":"wp","href":"https:\/\/api.w.org\/{rel}","templated":true}]}}