{"id":44456,"date":"2019-10-15T13:23:00","date_gmt":"2019-10-15T11:23:00","guid":{"rendered":"https:\/\/www.area-press.eu\/comunicatistampa\/?p=44456"},"modified":"2019-10-15T13:23:00","modified_gmt":"2019-10-15T11:23:00","slug":"king-holidays-ognissanti-a-lisbona-tra-fumetti-fado-e-architettura","status":"publish","type":"post","link":"https:\/\/www.area-press.eu\/comunicatistampa\/2019\/10\/15\/king-holidays-ognissanti-a-lisbona-tra-fumetti-fado-e-architettura\/","title":{"rendered":"King Holidays: Ognissanti a Lisbona tra fumetti, Fado e architettura"},"content":{"rendered":"<p>Capitale pittoresca e dal fascino romantico, Lisbona \u00e8 la citt\u00e0 perfetta per chi desidera trascorrere qualche giorno di relax in autunno, complice un clima piacevole e soleggiato anche durante questa stagione. E quale migliore occasione del prossimo ponte di Ognissanti, l\u2019ultimo weekend lungo del 2019?<\/p>\n<h2>Le offerte di King Holidays<\/h2>\n<p>King Holidays, da sempre tour operator di riferimento sulla destinazione, propone <strong>pacchetti speciali da 389 euro a persona con partenza da Roma e da 459 euro con partenza da Milano<\/strong>. Oltre al volo di linea, nella quota sono comprese 3 notti in hotel 3 stelle con prima colazione, il trasporto del bagaglio in stiva, le tasse aeroportuali e l\u2019assicurazione medico\/bagaglio.<\/p>\n<h2>Gli eventi da non perdere<\/h2>\n<p>Diversi gli appuntamenti in programma durante il ponte nella Capitale lusitana: il centro di Amadora, raggiungibile in poco pi\u00f9 di mezz\u2019ora con i mezzi, ad esempio, diventa punto di ritrovo per gli amanti del fumetto. Tra la fine di ottobre e l\u2019inizio di novembre, infatti, va in scena il <strong>Festival Internazionale del fumetto Amadora BD<\/strong>, evento annuale arrivato ormai alla sua trentesima edizione, che promuove l\u2019interazione tra appassionati e artisti disegnatori provenienti da tutto il mondo. Ma non solo: durante la manifestazione sono previste numerose attivit\u00e0 legate alla \u201cNona Arte\u201d come proiezioni di film, workshop ed esposizioni di cimeli e memorabilia.<\/p>\n<p>Negli stessi giorni \u00e8 prevista anche la <strong>quinta edizione della Triennale di Architettura di Lisbona<\/strong>, che porta la \u201cPoetic Reason\u201d nella capitale portoghese: l\u2019architettura diventa lo strumento per indagare sulla ragione, cercando di fare luce su di essa e renderla qualcosa che pu\u00f2 essere condiviso e compreso da tutti. L\u2019evento comprende cinque mostre a tema, che saranno ospitate al Museu de Arte, Arquitetura e Tecnologia \u2013 Central Tejo, al Centro Cultural de Bel\u00e9m, al Museu Nacional de Arte Contempor\u00e2nea do Chiado, al Culturgest e al Pal\u00e1cio Sinel de Cordes.<\/p>\n<p>Con il suo caos a dir poco magnetico che fa da sfondo, a Lisbona si passeggia tra i bambini che giocano nei vicoli ed i panni stesi alle finestre spalancate, da cui \u00e8 facile sentire provenire melodie a tratti un po\u2019 nostalgiche, ma molto orecchiabili. Si tratta del \u201cFado\u201d, la musica tradizionale portoghese consacrata dall\u2019artista di fama internazionale Amalia Rodrigues. Gli appassionati di questo genere musicale, dichiarato Patrimonio Unesco, potranno assistere a \u201c<strong>Fado in Chiado<\/strong>\u201d, uno spettacolo in scena al Cine Theatro Gymn\u00e1sio, in cui si ripercorre la storia di questa tradizione musicale, che unisce nelle sue note la saudade e l\u2019orgoglio che animano lo spirito portoghese. <a href=\"http:\/\/www.kingholidays.it\">www.kingholidays.it<\/a><\/p>\n","protected":false},"excerpt":{"rendered":"<p>Capitale pittoresca e dal fascino romantico, Lisbona \u00e8 la citt\u00e0 perfetta per chi desidera trascorrere qualche giorno di relax in autunno, complice un clima piacevole e soleggiato anche durante questa stagione. E quale migliore occasione del prossimo ponte di Ognissanti, l\u2019ultimo weekend lungo del 2019? Le offerte di King Holidays King Holidays, da sempre tour [&hellip;]<\/p>\n","protected":false},"author":49,"featured_media":0,"comment_status":"open","ping_status":"open","sticky":false,"template":"","format":"standard","meta":{"footnotes":""},"categories":[17],"tags":[3063,13064,24834],"class_list":["post-44456","post","type-post","status-publish","format-standard","hentry","category-turismo","tag-king-holidays","tag-lisbona","tag-ognissanti"],"_links":{"self":[{"href":"https:\/\/www.area-press.eu\/comunicatistampa\/wp-json\/wp\/v2\/posts\/44456","targetHints":{"allow":["GET"]}}],"collection":[{"href":"https:\/\/www.area-press.eu\/comunicatistampa\/wp-json\/wp\/v2\/posts"}],"about":[{"href":"https:\/\/www.area-press.eu\/comunicatistampa\/wp-json\/wp\/v2\/types\/post"}],"author":[{"embeddable":true,"href":"https:\/\/www.area-press.eu\/comunicatistampa\/wp-json\/wp\/v2\/users\/49"}],"replies":[{"embeddable":true,"href":"https:\/\/www.area-press.eu\/comunicatistampa\/wp-json\/wp\/v2\/comments?post=44456"}],"version-history":[{"count":1,"href":"https:\/\/www.area-press.eu\/comunicatistampa\/wp-json\/wp\/v2\/posts\/44456\/revisions"}],"predecessor-version":[{"id":44457,"href":"https:\/\/www.area-press.eu\/comunicatistampa\/wp-json\/wp\/v2\/posts\/44456\/revisions\/44457"}],"wp:attachment":[{"href":"https:\/\/www.area-press.eu\/comunicatistampa\/wp-json\/wp\/v2\/media?parent=44456"}],"wp:term":[{"taxonomy":"category","embeddable":true,"href":"https:\/\/www.area-press.eu\/comunicatistampa\/wp-json\/wp\/v2\/categories?post=44456"},{"taxonomy":"post_tag","embeddable":true,"href":"https:\/\/www.area-press.eu\/comunicatistampa\/wp-json\/wp\/v2\/tags?post=44456"}],"curies":[{"name":"wp","href":"https:\/\/api.w.org\/{rel}","templated":true}]}}