{"id":44439,"date":"2019-10-15T13:23:00","date_gmt":"2019-10-15T11:23:00","guid":{"rendered":"https:\/\/www.area-press.eu\/comunicatistampa\/?p=44439"},"modified":"2019-10-15T13:23:00","modified_gmt":"2019-10-15T11:23:00","slug":"news-contabilita-fatturazione-bilancio-fiscale-paghe-gb-settimana-n-41-anno-2019","status":"publish","type":"post","link":"https:\/\/www.area-press.eu\/comunicatistampa\/2019\/10\/15\/news-contabilita-fatturazione-bilancio-fiscale-paghe-gb-settimana-n-41-anno-2019\/","title":{"rendered":"News contabilit\u00e0, fatturazione, bilancio, fiscale, paghe GB &#8211; Settimana n. 41 anno 2019"},"content":{"rendered":"<h2><strong>Contabilit\u00e0: chiusura parziale fattura con nota di credito (07\/10\/19)<\/strong><\/h2>\n<p>\u201cDopo aver registrato fattura e nota di credito in Prima Nota, al momento del pagamento voglio abbinare le due tipologie di documento per poter chiudere in parte la fattura rettificandola con l&#8217;importo della nota di credito\u201d.<\/p>\n<p>GB offre la possibilit\u00e0 di collegare fatture e note di credito cos\u00ec da poter effettuare un&#8217;unica registrazione di pagamento comprensiva di entrambe, con semplici e veloci passaggi.<\/p>\n<p>Il collegamento \u00e8 possibile tramite la maschera \u201cgestione delle partite\u201d, la quale si apre tramite Registrazione in Prima Nota ed Elenco Prima Nota.<\/p>\n<p>&nbsp;<\/p>\n<h2><strong>Anagrafica clienti-fornitori: Abbinamento nominativo gi\u00e0 utilizzato in altre ditte (08\/10\/19)<\/strong><\/h2>\n<p>L&#8217;anagrafica clienti-fornitori contiene tutti i dati anagrafici relativi ai singoli clienti e fornitori della ditta per la quale si sta tenendo la contabilit\u00e0. Ogni nominativo pu\u00f2 essere ripreso anche da pi\u00f9 ditte, senza essere inserito di nuovo.<\/p>\n<p>L&#8217;abbinamento di un soggetto cliente -fornitore gi\u00e0 inserito in altre ditte \u00e8 possibile, per la ditta in cui si \u00e8 posizionati; a seconda della maschera che si sta visualizzando.<\/p>\n<p>I metodi per l&#8217;abbinamento sono, dall&#8217;anagrafica clienti-fornitori: anagrafiche non abbinate e creazione nuovo soggetto; in fase di registrazione, dal sistema cliente-fornitore.<\/p>\n<h2>\n<strong>Fatture: data documento e termini di invio (09\/10\/19)<\/strong><\/h2>\n<p>A partire dal 1\u00b0 ottobre 2019 \u00e8 terminato il periodo di moratoria delle sanzioni per l&#8217;emissione in ritardo della fattura elettronica, secondo quanto previsto dall&#8217;art. 11 del DL 119\/2018.<\/p>\n<p>Nel frattempo il DL 24\/2019 ha modificato i termini per l&#8217;emissione della fattura, che ora deve avvenire entro dodici giorni dall&#8217;effettuazione dell&#8217;operazione.<\/p>\n<p>Procediamo quindi con il vedere le varie casistiche che possono presentarsi ed i termini entro il quale inviare la fattura elettronica al Sistema d&#8217;Interscambio, onde evitare di incorrere in sanzioni.<\/p>\n<h2>\n<strong>Paghe 2019: spostamento TFR azienda a Fondi (10\/10\/19)<\/strong><\/h2>\n<p>\u201cCome si pu\u00f2 spostare il TFR azienda nel fondo complementare in un mese successivo all&#8217;iscrizione?\u201d<\/p>\n<p>Paghe GB Web permette di gestire questo tipo di casistica effettuando i seguenti passaggi<\/p>\n<p>Creazione del fondo complementare da Archivi di base\/ Tabelle previdenziali7Altri contributi\/ Fondi complementari, Procedere alla creazione di una voce retributiva figurata che non inficia ne su netto, previdenziale e fiscale da Archivi di base\/Voci retributive\/Arcihivio Voci retributive personalizzate.<\/p>\n<h2>\n<strong>Dichiarazioni 2019: deduzioni contributi previdenziali e assistenziali (11\/10\/19)<\/strong><\/h2>\n<p>Utilizzando la gestione \u201cContributi INPS\u201d, presente nei quadri RP e RM del modello Redditi PF, \u00e8 possibile dedurre gli oneri relativi ai contributi previdenziali IVS o Gestione Separata pagati nel 2018.<\/p>\n<p>Nell&#8217;applicazione \u201cRedditi PF 2019\u201d, anno d&#8217;imposta 2018, \u00e8 presente la funzione che permette di gestire in automatico la deducibilit\u00e0 dei contributi previdenziali nel quadro RP e di tassare in RM l&#8217;eventuale credito INPS utilizzato in compensazione, dedottodagli anni precedenti.<\/p>\n<p>In base alle indicazioni fornite dalle istruzioni ministeriali del modello Redditi PF, nel rigo RP21 \u00e8 necessario indicare i contributi previdenziali e assistenziali versati dal contribuente alla gestione della forma pensionistica d&#8217;appartenenza. In tale campo devono essere inseriti solo i contributi effettivamente versati nell&#8217;anno 2018 in base al principio per cassa.<\/p>\n<p>Gli articoli completi sono disponibili sul sito <a href=\"https:\/\/www.softwareintegrato.it\">del programma di contabilit\u00e0 e dichiarativi per lo studio<\/a><\/p>\n<p>GBsoftware S.p.A. \u00e8 una software house nata dall&#8217;idea di un commercialista e dell&#8217;esperienza di uno studio attivo dal 1977. Siamo specializzati in software semplici per studi e imprese.<\/p>\n","protected":false},"excerpt":{"rendered":"<p>Contabilit\u00e0: chiusura parziale fattura con nota di credito (07\/10\/19) \u201cDopo aver registrato fattura e nota di credito in Prima Nota, al momento del pagamento voglio abbinare le due tipologie di documento per poter chiudere in parte la fattura rettificandola con l&#8217;importo della nota di credito\u201d. GB offre la possibilit\u00e0 di collegare fatture e note di [&hellip;]<\/p>\n","protected":false},"author":2930,"featured_media":0,"comment_status":"open","ping_status":"open","sticky":false,"template":"","format":"standard","meta":{"footnotes":""},"categories":[7],"tags":[24831,24827,24828,24830,24829],"class_list":["post-44439","post","type-post","status-publish","format-standard","hentry","category-economia-e-finanza","tag-abbinamento-nominativo","tag-chiusura-parziale-fattura","tag-data-documento-e-termini-di-invio","tag-deduzioni-contributi-previdenziali-e-assistenziali","tag-spostamento-tfr-azienda-a-fondi"],"_links":{"self":[{"href":"https:\/\/www.area-press.eu\/comunicatistampa\/wp-json\/wp\/v2\/posts\/44439","targetHints":{"allow":["GET"]}}],"collection":[{"href":"https:\/\/www.area-press.eu\/comunicatistampa\/wp-json\/wp\/v2\/posts"}],"about":[{"href":"https:\/\/www.area-press.eu\/comunicatistampa\/wp-json\/wp\/v2\/types\/post"}],"author":[{"embeddable":true,"href":"https:\/\/www.area-press.eu\/comunicatistampa\/wp-json\/wp\/v2\/users\/2930"}],"replies":[{"embeddable":true,"href":"https:\/\/www.area-press.eu\/comunicatistampa\/wp-json\/wp\/v2\/comments?post=44439"}],"version-history":[{"count":1,"href":"https:\/\/www.area-press.eu\/comunicatistampa\/wp-json\/wp\/v2\/posts\/44439\/revisions"}],"predecessor-version":[{"id":44440,"href":"https:\/\/www.area-press.eu\/comunicatistampa\/wp-json\/wp\/v2\/posts\/44439\/revisions\/44440"}],"wp:attachment":[{"href":"https:\/\/www.area-press.eu\/comunicatistampa\/wp-json\/wp\/v2\/media?parent=44439"}],"wp:term":[{"taxonomy":"category","embeddable":true,"href":"https:\/\/www.area-press.eu\/comunicatistampa\/wp-json\/wp\/v2\/categories?post=44439"},{"taxonomy":"post_tag","embeddable":true,"href":"https:\/\/www.area-press.eu\/comunicatistampa\/wp-json\/wp\/v2\/tags?post=44439"}],"curies":[{"name":"wp","href":"https:\/\/api.w.org\/{rel}","templated":true}]}}