{"id":443,"date":"2015-07-21T17:23:04","date_gmt":"2015-07-21T15:23:04","guid":{"rendered":"http:\/\/www.area-press.eu\/comunicatistampa\/?p=443"},"modified":"2015-07-21T17:23:04","modified_gmt":"2015-07-21T15:23:04","slug":"tutta-la-val-di-fiemme-spinge-sugli-ski-roll-volontari-allopera-per-i-campionati-del-mondo","status":"publish","type":"post","link":"https:\/\/www.area-press.eu\/comunicatistampa\/2015\/07\/21\/tutta-la-val-di-fiemme-spinge-sugli-ski-roll-volontari-allopera-per-i-campionati-del-mondo\/","title":{"rendered":"TUTTA LA VAL DI FIEMME SPINGE SUGLI SKI ROLL, VOLONTARI ALL\u2019OPERA PER I CAMPIONATI DEL MONDO"},"content":{"rendered":"<p>Dal 24 al 27 settembre Campionati del Mondo di Ski Roll in Val di Fiemme<\/p>\n<p>Volontari gi\u00e0 al lavoro in vista delle prove iridate<\/p>\n<p>Ultima giornata di gare in concomitanza con Fiemme Senz\u2019Auto<\/p>\n<p>Nel programma anche una granfondo promozionale<\/p>\n<p>&nbsp;<\/p>\n<p>&nbsp;<\/p>\n<p>Se la Val di Fiemme in questi anni si \u00e8 conquistata un posto nel \u2018gotha\u2019 dello sci nordico mondiale, il merito va attribuito alla passione e alla competenza del Comitato Nordic Ski Fiemme e delle migliaia di volontari che hanno contribuito ad organizzare quattro Campionati del Mondo di Sci Nordico e centinaia di gare internazionali in quest\u2019angolo di Trentino.<\/p>\n<p>Il prossimo grande appuntamento \u00e8 in calendario per settembre, quando in Val di Fiemme si terranno i Campionati del Mondo di Ski Roll-FIS Rollerski World Championships 2015. Ziano di Fiemme sar\u00e0 il cuore pulsante del massimo evento mondiale per quanto riguarda il Cross Country estivo, ma le prove coinvolgeranno l\u2019intera vallata. Gioved\u00ec 24 settembre \u00e8 in programma l\u2019Uphill in tecnica classica da Ziano a Bellamonte, mentre venerd\u00ec e sabato a Ziano si svolgeranno le gare sprint individuali e a squadre in tecnica libera. Il gran finale \u00e8 previsto per domenica 27 settembre con la prova Long Distance in tecnica libera da Molina a Bellamonte per gli uomini, mentre le donne e gli Junior partiranno da Cavalese, senza dimenticare che, dopo lo start degli atleti, il percorso della Long Distance ospiter\u00e0 una gara promozionale aperta a tutti gli appassionati.<\/p>\n<p>Per allestire questi eventi i volontari sono gi\u00e0 all\u2019opera da settimane e in questi ultimi giorni il lavoro si \u00e8 concentrato proprio sulla Long Distance. Si sono tenuti incontri con le diverse amministrazioni comunali coinvolte dal percorso, i Vigili del Fuoco Volontari e soprattutto con gli sci club della Val di Fiemme che con grande entusiasmo si sono messi a disposizione degli organizzatori. Tutta la valle, ancora una volta, sosterr\u00e0 gli organizzatori del Comitato Nordic Ski Fiemme e domenica 27 settembre sar\u00e0 una giornata di grande festa perch\u00e9 le gare iridate si svolgeranno in contemporanea a Fiemme Senz\u2019Auto. L\u2019evento, grazie alla chiusura al traffico della Strada Statale 48 delle Dolomiti, restituisce i centri storici della vallata a ospiti e turisti che possono muoversi liberamente a piedi, in bici o\u2026.sugli ski roll e godersi degustazioni, spettacoli, mercatini e giochi per bambini. Un\u2019atmosfera particolare che coinvolger\u00e0 anche atleti e pubblico dei Campionati del Mondo di Ski Roll: il comitato presieduto da Bruno Felicetti, infatti, sta lavorando assieme a comuni, Pro Loco e comitati manifestazioni locali della Val di Fiemme per rendere le prove iridate e la gara promozionale uno degli appuntamenti clou di Fiemme Senz\u2019Auto.<\/p>\n<p>Per quanto riguarda il lato agonistico, la rassegna iridata di settembre sar\u00e0 anche valida come ultima prova di Coppa del Mondo di Ski Roll che questo fine settimana propone una tre giorni di gare a Madona, in Lettonia, da cui sicuramente si potr\u00e0 trarre qualche \u2018indizio\u2019 sui possibili protagonisti dei Campionati del Mondo di Ski Roll della Val di Fiemme.<\/p>\n<p>Info: www.fiemmeworldcup.com<\/p>\n","protected":false},"excerpt":{"rendered":"<p>Dal 24 al 27 settembre Campionati del Mondo di Ski Roll in Val di Fiemme Volontari gi\u00e0 al lavoro in vista delle prove iridate Ultima giornata di gare in concomitanza con Fiemme Senz\u2019Auto Nel programma anche una granfondo promozionale &nbsp; &nbsp; Se la Val di Fiemme in questi anni si \u00e8 conquistata un posto nel [&hellip;]<\/p>\n","protected":false},"author":15,"featured_media":0,"comment_status":"open","ping_status":"open","sticky":false,"template":"","format":"standard","meta":{"footnotes":""},"categories":[15],"tags":[],"class_list":["post-443","post","type-post","status-publish","format-standard","hentry","category-sport"],"_links":{"self":[{"href":"https:\/\/www.area-press.eu\/comunicatistampa\/wp-json\/wp\/v2\/posts\/443","targetHints":{"allow":["GET"]}}],"collection":[{"href":"https:\/\/www.area-press.eu\/comunicatistampa\/wp-json\/wp\/v2\/posts"}],"about":[{"href":"https:\/\/www.area-press.eu\/comunicatistampa\/wp-json\/wp\/v2\/types\/post"}],"author":[{"embeddable":true,"href":"https:\/\/www.area-press.eu\/comunicatistampa\/wp-json\/wp\/v2\/users\/15"}],"replies":[{"embeddable":true,"href":"https:\/\/www.area-press.eu\/comunicatistampa\/wp-json\/wp\/v2\/comments?post=443"}],"version-history":[{"count":1,"href":"https:\/\/www.area-press.eu\/comunicatistampa\/wp-json\/wp\/v2\/posts\/443\/revisions"}],"predecessor-version":[{"id":444,"href":"https:\/\/www.area-press.eu\/comunicatistampa\/wp-json\/wp\/v2\/posts\/443\/revisions\/444"}],"wp:attachment":[{"href":"https:\/\/www.area-press.eu\/comunicatistampa\/wp-json\/wp\/v2\/media?parent=443"}],"wp:term":[{"taxonomy":"category","embeddable":true,"href":"https:\/\/www.area-press.eu\/comunicatistampa\/wp-json\/wp\/v2\/categories?post=443"},{"taxonomy":"post_tag","embeddable":true,"href":"https:\/\/www.area-press.eu\/comunicatistampa\/wp-json\/wp\/v2\/tags?post=443"}],"curies":[{"name":"wp","href":"https:\/\/api.w.org\/{rel}","templated":true}]}}