{"id":44253,"date":"2019-10-13T20:52:08","date_gmt":"2019-10-13T18:52:08","guid":{"rendered":"https:\/\/www.area-press.eu\/comunicatistampa\/?p=44253"},"modified":"2019-10-13T20:52:08","modified_gmt":"2019-10-13T18:52:08","slug":"sabato-19-ottobre-a-washington-dc-la-cerimonia-del-premio-eccellenza-italiana","status":"publish","type":"post","link":"https:\/\/www.area-press.eu\/comunicatistampa\/2019\/10\/13\/sabato-19-ottobre-a-washington-dc-la-cerimonia-del-premio-eccellenza-italiana\/","title":{"rendered":"Sabato 19 ottobre a Washington DC la cerimonia del Premio Eccellenza Italiana"},"content":{"rendered":"<h4>Al via la sesta edizione del Premio Eccellenza Italiana, che anche quest\u2019anno vedr\u00e0 consegnato l\u2019ambito riconoscimento a quanti si sono distinti nei propri settori di competenza. Nel ricco programma della settimana, dove il Premio in occasione del Columbus Day presenta numerosi eventi a New York e a Washington DC, arriva pure un graditissimo ospite d\u2019eccezione: il Presidente della Repubblica Italiana Sergio Mattarella che, dai banchi di St. Patrick Cathedral, &#8220;benedir\u00e0&#8221; il Premio ideato dal giornalista Massimo Lucidi che guida il folto gruppo di candidati, vincitori e comitati.<\/h4>\n<p>Il prossimo 19 ottobre, nella prestigiosa cornice del Caf\u00e9 Milano (<a href=\"http:\/\/www.cafemilano.com\/\" target=\"_blank\" rel=\"noopener noreferrer\" data-saferedirecturl=\"https:\/\/www.google.com\/url?q=http:\/\/www.cafemilano.com&amp;source=gmail&amp;ust=1570613706571000&amp;usg=AFQjCNHBx38GGGQbJHt1FQDSqnEYLrcsMg\">www.cafemilano.com<\/a>), che da sempre ospita l\u2019evento, si svolger\u00e0 la cerimonia di conferimento del Premio Eccellenza Italiana (<a href=\"http:\/\/www.premioeccellenzaitaliana.it\/\" target=\"_blank\" rel=\"noopener noreferrer\" data-saferedirecturl=\"https:\/\/www.google.com\/url?q=http:\/\/www.premioeccellenzaitaliana.it&amp;source=gmail&amp;ust=1570613706571000&amp;usg=AFQjCNGjNO8ayHPHQBKnmjD77PXCRGslcw\">www.premioeccellenzaitaliana.it<\/a>), giunto alla sua VI edizione.<br \/>\n\u00abUn Premio che racconta il Merito e il Talento e cresce perch\u00e9 il Paese sta crescendo e sta cambiando sempre pi\u00f9 proteso con fiducia al futuro e ai mercati internazionali\u00bb ha commentato l\u2019ideatore e segretario generale, il giornalista economico Massimo Lucidi. \u00abLa sesta edizione del Premio a Washington DC \u2013 prosegue Lucidi \u2013 rappresenta per noi un momento di svolta incredibile. Prima di tutto per la conferma del format\u00bb. L\u2019evento, infatti, come ogni anno raccoglie il patrocinio del Ministero per gli Affari Esteri Italiano, ma viene interamente organizzato con fondi privati, generando cos\u00ec un evento culturale, pieno di incontri e risvolti professionali, di business, per tutta la \u201cFamiglia del Premio\u201d. Unico obbligo: credere nella cultura del Merito e del Talento, ovvero condividere azioni e momenti di straordinario Networking.<br \/>\nProprio nel solco di questo Networking, il Premio Eccellenza Italiana non si costituisce della mera consegna degli Awards a Washington DC, ma \u00e8 un percorso condiviso e supportato da diversi partner, tra cui ASMEF e Carnovale Foundation, molte Universit\u00e0 italiane e straniere che dura un intero anno, dal quale sono nate oltre cento candidature.<br \/>\nInfatti, numerosi sono i profili candidati ad esempio,\u00a0 da ASMEF (Associazione Mezzogiorno e Futuro), presieduta da Salvo Iavarone; un&#8217;associazione riconosciuta e istituzionalizzata dalla Farnesina e partecipata dallo stesso Lucidi. Cosi come dal partner Sinergitaly.<br \/>\n\u00abFare squadra e farlo bene \u00e8 importante \u2013 ha proseguito Lucidi \u2013 perch\u00e9 nell&#8217;et\u00e0 della comunicazione digitale, la societ\u00e0 dell&#8217;informazione rischia seriamente di non dare Valore e trasformare i mille stimoli informativi in Comunicazione appunto\u00bb. E se \u00e8 vero che, mutatis mutandi, \u201cI Premi abbondano sulla bocca dei superficiali\u201d, \u00e8 altrettanto vero che &#8220;viviamo un un\u2019era dove il conformismo e la ricerca del futuro spesso senza consapevolezza del s\u00e9 e del presente la fanno da padrone&#8221; si legge nella presentazione dell&#8217;edizione 2019.<br \/>\nLa sesta edizione del Premio Eccellenza Italiana, presieduto da George Guido Lombardi, amico, socio e vicino di casa sia in Trump Tower che a Mar-A-Lago del Presidente Donald Trump, \u00e8 articolato in differenti sezioni, ognuna per la quale sar\u00e0 premiato il vincitore designato dal Comitato del Premio:<br \/>\nPer la sezione INDUSTRIA: Sanremo Coffee Machines (<a href=\"http:\/\/www.sanremomachines.com\/\" target=\"_blank\" rel=\"noopener noreferrer\" data-saferedirecturl=\"https:\/\/www.google.com\/url?q=http:\/\/www.sanremomachines.com&amp;source=gmail&amp;ust=1570613706571000&amp;usg=AFQjCNFjoggI1HgFQ-DUEFEmC2zv7t0zAg\">www.sanremomachines.com<\/a>), della famiglia De Sordi, leader mondiale nella produzione delle macchine per il famoso espresso italiano, prodotto dalle macchine &#8220;Sanremo&#8221;\u00a0 L\u2019azienda, che esporta in tutto il mondo, sar\u00e0 presente a Host Fiera Milano, la fiera leader mondiale dedicata al mondo della ristorazione e dell\u2019accoglienza, dove il 20 ottobre eccezionalmente\u00a0 sar\u00e0 consegnato il Premio Eccellenza Italiana dal suo ideatore Massimo Lucidi, dal Presidente del Premio George Guido Lombardi, coadiuvati da numerose istituzioni che stanno dando adesione.<br \/>\nPer la sezione CONSULENZA: Centro Studi Ameco (www.ameco.it), con una storia di cinquant\u2019anni, si \u00e8 evoluto grazie allo straordinario lavoro di Eugenio Filograna che, dopo averlo rilevato, sempre con uno sguardo al futuro, ha intuito la professione del commercialista sempre pi\u00f9 a braccetto con il legale aziendale. Ameco, dunque, si distingue per la tipologia di consulenza di Valore che pu\u00f2 vantare di offrire, a prezzi competitivi sul mercato. Eugenio Filograna \u00e8 titolare con Ameco di un gruppo di imprese in diversi comparti economici che fattura 866 milioni l&#8217;anno (nel 2017) e da lavoro a migliaia di persone.<br \/>\nPer la sezione PROFESSIONI: Professor Francesco Inchingolo (www.francescoinchingolo.it),, docente e dirigente medico odontoiatra presso la Scuola di Medicina dell\u2019Universit\u00e0 degli Studi di Bari \u201cAldo Moro\u201d, \u00e8 Professore di Chirurgia Orale e Chirurgia Maxillo-Facciale. Nel corso della sua carriera vanta oltre 300 pubblicazioni ed \u00e8 investito di numerosi titoli di Visiting Professor presso numerosi prestigiosi Atenei Internazionali.<br \/>\nPer la sezione DESIGN: Silver Prince, l\u2019azienda di Francesco Silvestri, leader mondiale nella produzione di materassi. L\u2019azienda ha lanciato la sua nuova linea \u201cPale\u201d, scelta anche dalla campionessa mondiale Vanessa Ferrari, non solo un omaggio alle forme, ai materiali e alla cura del sonno, ma anche un forte valore sociale. Pale \u00e8 un omaggio al giovane figlio Pasquale prematuramente scomparso: ci\u00f2 \u00e8 da esempio, poich\u00e9 insegna che anche se la vita \u00e8 dura l\u2019impresa deve sopravvivere anche per amore di coloro che l\u2019hanno creata, vissuta, amata.<br \/>\nPer la sezione MODA: Malo (www.malo.it), lo storico brand di maglieria di cui Walter Maiocchi \u00e8 Presidente. Un\u2019azienda che guarda al futuro, che sta rinnovando il marchio senza mutarne il dna, ovvero quanto rappresenta oggi lo stesso per la generazione degli anni settanta, conquistando anche la nuova fascia di clienti di lusso: i Millennials.<br \/>\nAngelo Bervicato (www.angelobervicato.it), il prestigioso marchio nato dallo stilista Angelo Bervicato che produce scarpe da donna e da equitazione, selezionando i pellami e i tessuti di primissima qualit\u00e0, e scegliendo i colori glamour alla moda. \u00c8 coniato, cos\u00ec, il termine \u201cscarpe alla moda\u201d.<\/p>\n<p>Per la sezione TURISMO E MARETING DEL TERRITORIO: Gruppo Acanfora Hotel (www.acanforahotels.com), la prestigiosa catena di hotel di lusso della Famiglia Acanfora, che comprende Alberghi e Resorts di 4 e 5 stelle sulle spiagge dorate della Costa del Cilento, ma non solo.<\/p>\n<p>Per la sezione COMUNE D\u2019ITALIA: Montesano sulla Marcellana (www.comune.montesano.sa.it), il piccolo comune in provincia di Salerno ben guidato dal Sindaco Giuseppe Rinaldi. Nonostante la collocazione Campana e i numerosi stereotipi sul meridione, questo Comune \u00e8 esempio virtuoso di buona gestione della \u201cRes Pvblica\u201d.<\/p>\n<p>Per la sezione, SUD: CMD Avio (www.cmdavio.com), con il suo Amministratore Delegato Mariano Negri, ha una forte propulsione per il territorio del mezzogiorno, in particolare la Basilicata, permettendo lo sviluppo di nuove tecnologie. Con l\u2019ultimo piano di ammodernamento delle linee, infatti, CMD ha avviato la produzione di nuovi motori destinati all\u2019aviazione in generale, e ai velivoli senza pilota. CMD ha reso la Basilicata come la Silicon Valley, o almeno ci prova. Istituzioni e sistema Italia permettendo, potremmo aggiungere.<\/p>\n<p>Per la sezione ARTI E MESTIERI: Massimo Biale, chef dello Stato Maggiore e luogotenente dell\u2019Aeronautica militare italiana. Entrato in Aeronautica come controllore di volo, la passione per la cucina l\u2019ha coltivata all\u2019ombra della torretta. Abile ai fornelli, \u00e8 stato convocato a Roma per addestrare le nuove leve, insegnando loro anche l\u2019organizzazione delle cucine campali per le missioni estere. In occasione delle olimpiadi di Rio, \u00e8 uno dei quattro chef di \u201cCasa Azzurri\u201d. Da poco meno di un anno, \u00e8 entrato a far parte del circolo ufficiali delle forze armate d\u2019Italia dove ha assunto il ruolo di \u201cResponsabile ristorazione del circolo interforze\u201d. Di fatto un Ambasciatore della Tavola e della Tradizione Italiana.<\/p>\n<p>Per la sezione MANAGER DELL\u2019ANNO: Amedeo Manzo\u00a0 Presidente della Banca Credito Cooperativo di Napoli, non manca dell\u2019\u201callegria\u201d napoletana, pur mantenendo il rigore professionale. \u00c8 riuscito dove altri hanno fallito; l\u2019apertura della Banca Credito Cooperativo a Napoli ne \u00e8 un esempio. Nessuno vi credeva, ma alla fine \u00e8 una banca in utile da dieci anni consecutivi che ad oggi vanta oltre 4 mila soci. Il Premio gli vale anche per il lavoro di commissario di Municipalizzate a Napoli che grazie al suo impegno e al rigore gestionale sono state risanare evitando disastri e collassi del sistema pubblico a Napoli.<\/p>\n<p>Per la sezione NUOVE PROFESSIONI: Francesco Zen, vip trainer a Londra e ambasciatore di italianit\u00e0; allena la nobilt\u00e0 inglese, e le giovani star, gli industriali pi\u00f9 famosi, e i manager della city di cui per rispetto della riservatezza non sono forniti i nomi. Ma andate a trovarlo a Kensington, chiedetegli appuntamento per un workout e ne vedrete delle belle&#8230; Zen sar\u00e0 premiato a Londra e si pensa ad un evento in collaborazione con Simergitaly che col suo Presidente Riccardo Di Matteo si sta distinguendo sempre pi\u00f9 per un impegno in Europa.<\/p>\n<p>Per la sezione ITALIAN HERITAGE: Famiglia Ferrara (www.ferrarausa.com), fondatori della storica Ferrara Candy, uno dei maggiori produttori di confectionary non a base di cioccolato negli Stati Uniti. L\u2019azienda della Famiglia Ferrara, costituita nella Chicago degli anni venti e venduta recentemente al gruppo Ferrero, \u00e8 una grande azienda italiana, che ha fatto dell\u2019italianit\u00e0 un motivo di vanto. La storia dei bisnonni \u00e8 straordinaria: emancipando il clich\u00e9 degli italiani mafiosi, i Ferrara affermano la verit\u00e0 degli Italiani laboriosi e lavoratori, sensibili e studiosi che hanno saputo cogliere il meglio dalla Land of Opportunity.<\/p>\n<p>Per la sezione CINEMA: Denise Sardisco, la giovane attrice siciliana che, dopo diverse esperienze teatrali, approda al cinema con la fantastica storia tratta dal famoso romanzo di Jack London \u201cMartin Eden\u201d. Denise, sar\u00e0 premiata il prossimo 28 ottobre alla Camera dei Deputati da Nicola Acunzo, parlamentare e presidente del Comitato Interparlamentare Cinema, tra l\u2019altro vincitore anche lui della prima edizione del 2014 del prestigioso Awards a Washington DC.<\/p>\n<p>Ricco dunque il parterre di personalit\u00e0 e storie che saranno raccontate e premiate a Washington DC dal Presidente del Premio Eccellenza Italiana George Lombardi, dal Presidente di Asmef Salvo Iavarone e da tanti Amici del comitato che assieme a candidati e vincitori condivideranno una settimana piena di impegni.<br \/>\n&#8220;Anzi due settimane&#8221; rilancia Massimo Lucidi in partenza per Miami. &#8220;Di fatto da marted\u00ec saremo impegnati per il FITCE a Fort Lauderdale ospiti della Fondazione Renaissance Evolution\u00a0 partner americano del Premio. Poi a NYC saremo lietissimi di incontrare il Presidente Mattarella in proseguimento per DC e San Francisco. Noi viceversa con la Carnovale Foundation saremo a Manhattan per incontri e convegni culturali e presenteremo &#8220;Postalmarket.it&#8221;. Grazie a Urbani Truffles presenteremo i Quaderni Social. Grazie a ICE e al John Calandra Institute parleremo di export in USA in queste calde settimane di confronto sui dazi&#8221; Queste ultime righe, chiosa Lucidi esprimono l&#8217;inimitabile Valore del Premio Eccellenza Italiana che sviluppa Networking e Netreputation<\/p>\n","protected":false},"excerpt":{"rendered":"<p>Al via la sesta edizione del Premio Eccellenza Italiana, che anche quest\u2019anno vedr\u00e0 consegnato l\u2019ambito riconoscimento a quanti si sono distinti nei propri settori di competenza. Nel ricco programma della settimana, dove il Premio in occasione del Columbus Day presenta numerosi eventi a New York e a Washington DC, arriva pure un graditissimo ospite d\u2019eccezione: [&hellip;]<\/p>\n","protected":false},"author":4753,"featured_media":0,"comment_status":"open","ping_status":"open","sticky":false,"template":"","format":"standard","meta":{"footnotes":""},"categories":[8],"tags":[16220,24723,24722],"class_list":["post-44253","post","type-post","status-publish","format-standard","hentry","category-eventi","tag-massimo-lucidi","tag-premio-eccellenza-italiana","tag-washington-dc"],"_links":{"self":[{"href":"https:\/\/www.area-press.eu\/comunicatistampa\/wp-json\/wp\/v2\/posts\/44253","targetHints":{"allow":["GET"]}}],"collection":[{"href":"https:\/\/www.area-press.eu\/comunicatistampa\/wp-json\/wp\/v2\/posts"}],"about":[{"href":"https:\/\/www.area-press.eu\/comunicatistampa\/wp-json\/wp\/v2\/types\/post"}],"author":[{"embeddable":true,"href":"https:\/\/www.area-press.eu\/comunicatistampa\/wp-json\/wp\/v2\/users\/4753"}],"replies":[{"embeddable":true,"href":"https:\/\/www.area-press.eu\/comunicatistampa\/wp-json\/wp\/v2\/comments?post=44253"}],"version-history":[{"count":1,"href":"https:\/\/www.area-press.eu\/comunicatistampa\/wp-json\/wp\/v2\/posts\/44253\/revisions"}],"predecessor-version":[{"id":44254,"href":"https:\/\/www.area-press.eu\/comunicatistampa\/wp-json\/wp\/v2\/posts\/44253\/revisions\/44254"}],"wp:attachment":[{"href":"https:\/\/www.area-press.eu\/comunicatistampa\/wp-json\/wp\/v2\/media?parent=44253"}],"wp:term":[{"taxonomy":"category","embeddable":true,"href":"https:\/\/www.area-press.eu\/comunicatistampa\/wp-json\/wp\/v2\/categories?post=44253"},{"taxonomy":"post_tag","embeddable":true,"href":"https:\/\/www.area-press.eu\/comunicatistampa\/wp-json\/wp\/v2\/tags?post=44253"}],"curies":[{"name":"wp","href":"https:\/\/api.w.org\/{rel}","templated":true}]}}