{"id":44221,"date":"2019-10-08T02:05:37","date_gmt":"2019-10-08T00:05:37","guid":{"rendered":"https:\/\/www.area-press.eu\/comunicatistampa\/?p=44221"},"modified":"2019-10-08T02:05:37","modified_gmt":"2019-10-08T00:05:37","slug":"aton-informatica-e-new-incentric-la-sinergia-per-il-futuro-della-mobilita","status":"publish","type":"post","link":"https:\/\/www.area-press.eu\/comunicatistampa\/2019\/10\/08\/aton-informatica-e-new-incentric-la-sinergia-per-il-futuro-della-mobilita\/","title":{"rendered":"Aton Informatica e New Incentric: la sinergia per il futuro della mobilit\u00e0"},"content":{"rendered":"<p>Il concetto di mobilit\u00e0 \u00e8 in un periodo di transizione e rapida evoluzione con i motori a combustione che lasciano gradualmente il passo all\u2019elettrico. Solo ad aprile del 2019 sono stati pi\u00f9 di mille i veicoli elettrici immatricolati in Italia, circa 6.000 le immatricolazioni nei primi 7 mesi dell\u2019anno, con una crescita del 113% rispetto allo stesso periodo del 2018 e una stima che va dai 2,5 ai 7 milioni di veicoli in circolazione sulle strade nazionali nel 2030 (dati School of Management del Politecnico di Milano).<\/p>\n<p>Il comune sguardo verso il futuro della mobilit\u00e0 ha spinto <strong>Aton Informatica <\/strong>e<strong> New Incentric ad unire le proprie competenze<\/strong> verso un\u2019idea condivisa delle tecnologie a supporto di questo mercato in espansione, con soluzioni e servizi molto innovativi, rispetto all\u2019attuale mercato, dedicati alle imprese e alla pubblica amministrazione ma con un occhio attento ed interessato, anche ai cittadini.<\/p>\n<p><strong>Una sinergia completa<\/strong> che unisce le tecnologie sviluppate da New Incentric, relative alla mobilit\u00e0 elettrica e alle infrastrutture di ricarica &#8211; anche attraverso il \u201cbattery swap\u201d &#8211; con le competenze negli ambiti di Cybersecurity, IoT, Blockchain e GDPR di <strong>Aton Informatica<\/strong>, che curer\u00e0 in particolare tutto il firmware e lo sviluppo software dei sistemi.<\/p>\n<p>L\u2019obiettivo \u00e8 offrire una sistema integrato sicuro, sostenibile e applicabile alla mobilit\u00e0 urbana del cittadino, a scopo commerciale e turistico in linea con le esigenze pi\u00f9 integrate della societ\u00e0 e del mercato.<\/p>\n<p><em>\u201cLo sviluppo dei software e quindi l\u2019evoluzione tecnologica \u00e8 la nostra missione<\/em> &#8211; spiega <strong>Fulvio Duse, Direttore Generale del Gruppo Aton<\/strong> \u2013 <em>Questa partnership con New Incentric consolida le nostre competenze in un mercato in tumultuosa crescita che abbraccia ambiti sensibili per il presente e il futuro della societ\u00e0: l\u2019economia, la sostenibilit\u00e0 e la mobilit\u00e0 elettrica\u201d<\/em><\/p>\n<p><em>\u201cLa mobilit\u00e0 elettrica sostenibile va affrontata considerando non solo le caratteristiche dei veicoli, ma coniugando le stesse a innovazioni strutturali, servizi, connettivit\u00e0 e sicurezza degli utenti \u2013 <\/em>sottolinea <strong>Massimo Pagetti New Incentric <\/strong>\u00a0&#8211; <em>generando delle piattaforme integrate personalizzabili alla crescente domanda del mercato. La stretta collaborazione con il Gruppo Aton, grazie alle sue competenze ed esperienze progettuali, completa e arricchisce il nostro Team di Professionisti integrando gli obiettivi congiuntamente condivisi\u201d.<\/em><\/p>\n","protected":false},"excerpt":{"rendered":"<p>Il concetto di mobilit\u00e0 \u00e8 in un periodo di transizione e rapida evoluzione con i motori a combustione che lasciano gradualmente il passo all\u2019elettrico. Solo ad aprile del 2019 sono stati pi\u00f9 di mille i veicoli elettrici immatricolati in Italia, circa 6.000 le immatricolazioni nei primi 7 mesi dell\u2019anno, con una crescita del 113% rispetto [&hellip;]<\/p>\n","protected":false},"author":3472,"featured_media":0,"comment_status":"open","ping_status":"open","sticky":false,"template":"","format":"standard","meta":{"footnotes":""},"categories":[5],"tags":[],"class_list":["post-44221","post","type-post","status-publish","format-standard","hentry","category-aziendali"],"_links":{"self":[{"href":"https:\/\/www.area-press.eu\/comunicatistampa\/wp-json\/wp\/v2\/posts\/44221","targetHints":{"allow":["GET"]}}],"collection":[{"href":"https:\/\/www.area-press.eu\/comunicatistampa\/wp-json\/wp\/v2\/posts"}],"about":[{"href":"https:\/\/www.area-press.eu\/comunicatistampa\/wp-json\/wp\/v2\/types\/post"}],"author":[{"embeddable":true,"href":"https:\/\/www.area-press.eu\/comunicatistampa\/wp-json\/wp\/v2\/users\/3472"}],"replies":[{"embeddable":true,"href":"https:\/\/www.area-press.eu\/comunicatistampa\/wp-json\/wp\/v2\/comments?post=44221"}],"version-history":[{"count":1,"href":"https:\/\/www.area-press.eu\/comunicatistampa\/wp-json\/wp\/v2\/posts\/44221\/revisions"}],"predecessor-version":[{"id":44222,"href":"https:\/\/www.area-press.eu\/comunicatistampa\/wp-json\/wp\/v2\/posts\/44221\/revisions\/44222"}],"wp:attachment":[{"href":"https:\/\/www.area-press.eu\/comunicatistampa\/wp-json\/wp\/v2\/media?parent=44221"}],"wp:term":[{"taxonomy":"category","embeddable":true,"href":"https:\/\/www.area-press.eu\/comunicatistampa\/wp-json\/wp\/v2\/categories?post=44221"},{"taxonomy":"post_tag","embeddable":true,"href":"https:\/\/www.area-press.eu\/comunicatistampa\/wp-json\/wp\/v2\/tags?post=44221"}],"curies":[{"name":"wp","href":"https:\/\/api.w.org\/{rel}","templated":true}]}}