{"id":44200,"date":"2019-10-08T02:05:31","date_gmt":"2019-10-08T00:05:31","guid":{"rendered":"https:\/\/www.area-press.eu\/comunicatistampa\/?p=44200"},"modified":"2019-10-08T02:05:31","modified_gmt":"2019-10-08T00:05:31","slug":"news-contabilita-fatturazione-bilancio-fiscale-paghe-gb-settimana-n-40-anno-2019","status":"publish","type":"post","link":"https:\/\/www.area-press.eu\/comunicatistampa\/2019\/10\/08\/news-contabilita-fatturazione-bilancio-fiscale-paghe-gb-settimana-n-40-anno-2019\/","title":{"rendered":"News contabilit\u00e0, fatturazione, bilancio, fiscale, paghe GB &#8211; Settimana n. 40 anno 2019"},"content":{"rendered":"<p><strong>Paghe GB Web 2019: congedo maternit\u00e0 (30\/09\/19)<\/strong><\/p>\n<p>Il congedo di maternit\u00e0 \u00e8 il periodo di astensione obbligatoria dal lavoro riconosciuto alle lavoratrici dipendenti durante la gravidanza e il puerperio. In presenza di determinate condizioni che impediscono alla madre di benefciare del congedo, l&#8217;astensione del lavoro spetta al padre (congedo di paternit\u00e0). Il diritto al congedo e alla relativa indennit\u00e0 \u00e8 previsto anche in caso di adozione o affidamento di minori.<\/p>\n<p>L&#8217;obbligatoriet\u00e0 del congedo per le lavoratrici dipendenti \u00e8 sancita dal testo Unico sulla maternit\u00e0 e paternit\u00e0 (decreto legislativo 26 marzo 2011, n.151) che vieta ai datori di lavoro di adibire le donne al lavoro durante il periodo di congedo di maternit\u00e0.<\/p>\n<p>Dal 14 giugno 2017, ata di entrata in vigore della legge 22 maggio 2017, n.81, il congedo di maternit\u00e0 non \u00e8 pi\u00f9 obbligatorio pr le lavoratrici iscritte alla Gestione Separata. La relativa indennit\u00e0, pertanto, sar\u00e0 riconosciuta a prescindere dall&#8217;effettiva astensione dell&#8217;attivit\u00e0 lavorativa.<\/p>\n<p><strong>Dichiarazioni 2019: Storicizzazione e de-storicizzazione (01\/10\/19)<\/strong><\/p>\n<p>Per consentire una corretta compilazione delle dichiarazioni, vediamo insieme quali sono i passaggi da eseguire pr storicizzare o de-storicizzare un modello Redditi, anche dopo aver modificato o integrato un dichiarativo o dopo aver inviato i tributi all&#8217; F24.<\/p>\n<p>Nel caso in cui in un secondo momento ci si accorga di eventuali errori od omissioni nella compilazione della dichiarazione, il software GB permette di effettuare le dovute correzzioni. In questo caso, per modificare la dichiarazione \u00e8 necessario prima de-storicizzare.<\/p>\n<p>Prima di procedere alla de-storicizzazione occorre fare molta attenzione alle conseguenze che alcune modifiche potrebbero avere nella Gestione Pagamenti, soprattutto nel caso in cui il contribuente abbia gi\u00e0 provveduto al pagamento delle relative imposte.<\/p>\n<p><strong>Contabilit\u00e0: ricerca registrazione Prima Nota (02\/10\/19)<\/strong><\/p>\n<p>In Contabilit\u00e0 GB i metodi per ricercare una regitrazione di prima nota sono molteplici. Le varie alternative sono a disposizione degli utenti in base alle esigenze.<\/p>\n<p>Le registrazioni possono essere inserite manualmente da input, tramite registrazioni tipo proposte dalla gestione Prima Nota o registrazioni contabili da provenienza elettronica.<\/p>\n<p>In Contabilit\u00e0 GB la ricerca delle registtrazioni di prima nota pu\u00f2 essere fatta tramite: Elenco Prima Nota, Ricerca per \u201ccausale contabile\u201d Protocolli, Schede contabili, Liquidazione Iva, Libro giornale, Bilancio.<\/p>\n<p><strong>Paghe 2019: nuova gestione Anf e importazione (03\/10\/19)<\/strong><\/p>\n<p>Come gi\u00e0 indicato nella news del giorno 26\/07\/2019, dal mese di aprile 2019 l&#8217;INPS mette a disposizione il file XML degli assegni da importare nel software. Con l&#8217;aggiornamento del mese di settembre 2019, si possono importare anche i file contenenti i dati del coniuge separato che percepisce l&#8217;assegno.<\/p>\n<p>Gli utenti interessati da questa casistica DEVONO compilare, nel rapporto di lavoro pulsante \u201cIstituti\u201d \/ \u201cANF\u201d, il nuovo campo codice fiscale presente nella sezione relaiva al coniuge separato.<\/p>\n<p>Da settembre 2019, l&#8217;INPS richiede nell&#8217;Uniemens l&#8217;esposizione del mese a cui si riferisce l&#8217;erogazione degli anf arretrati. Pertanto da 0\/2019, il pulsante ANF del rapporto di lavoro non avr\u00e0 alcuna influenza sul calcolo del cedolino in quanto i dati verranno direttamente letti e gestiti dal nuovo pulsante ANF Dettaglio.<\/p>\n<p><strong>F24 2019 con saldo a zero: omessa denuncia (04\/10\/19)<\/strong><\/p>\n<p>La risoluzione dell&#8217;Agenzia delle Entrate n.36\/E del 20 marzo 2017 stabilisce quali sono le sanzioni da pagare nel caso in cui il contribuente ometta o dimentichi di presentare il modello F24 con saldo a zero.<\/p>\n<p>I contribuenti privati e i soggetti titolari di partita Iva hanno l&#8217;obbligo di presentare il modello F24 a zero attraverso i canali telematici messi a disposizion dall&#8217;Agenzia delle Entate (Entratel o Fiscoline) o mediante un intermediario abilitato.<\/p>\n<p>La normativa infatti (D.Lgs.241\/1997, art.19, comma 3) stabilisce che il modello F24 va presentato anche \u201cnell&#8217;ipotesi in cui le somme dovute risultano totalmente compensate\u201d. Quindi, anche se concretamente non \u00e8 dovuto alcun versamento, la legge impone l&#8217;obbligo di presentazione del modello di pagamento dovuto all&#8217;Agenzia delle Entrate entro la scadenza.<\/p>\n<p>Gli articoli completi sono disponibili sul sito del &#8220;<a href=\"https:\/\/www.softwareintegrato.it\/software-per-commercialisti\/paghe-web-commercialisti\/\">programma per le buste paga<\/a>&#8221;<\/p>\n<p>GBsoftware S.p.A. \u00e8 una software house nata dall&#8217;idea di un commercialista e dell&#8217;esperienza di uno studio attivo dal 1977. Siamo specializzati in software semplici per studi e imprese.<\/p>\n","protected":false},"excerpt":{"rendered":"<p>Paghe GB Web 2019: congedo maternit\u00e0 (30\/09\/19) Il congedo di maternit\u00e0 \u00e8 il periodo di astensione obbligatoria dal lavoro riconosciuto alle lavoratrici dipendenti durante la gravidanza e il puerperio. In presenza di determinate condizioni che impediscono alla madre di benefciare del congedo, l&#8217;astensione del lavoro spetta al padre (congedo di paternit\u00e0). Il diritto al congedo [&hellip;]<\/p>\n","protected":false},"author":2930,"featured_media":0,"comment_status":"open","ping_status":"open","sticky":false,"template":"","format":"standard","meta":{"footnotes":""},"categories":[7,10],"tags":[24708,24711,24712,24713,24710,24709],"class_list":["post-44200","post","type-post","status-publish","format-standard","hentry","category-economia-e-finanza","category-informatica","tag-congedo-maternita","tag-nuova-gestione-anf","tag-omessa-denuncia-f24-con-salo-a-zero","tag-programma-per-le-buste-paghe","tag-ricerca-registrazione-prima-nota","tag-storicizzazione-e-de-storicizzazione-dichiarazioni-2019"],"_links":{"self":[{"href":"https:\/\/www.area-press.eu\/comunicatistampa\/wp-json\/wp\/v2\/posts\/44200","targetHints":{"allow":["GET"]}}],"collection":[{"href":"https:\/\/www.area-press.eu\/comunicatistampa\/wp-json\/wp\/v2\/posts"}],"about":[{"href":"https:\/\/www.area-press.eu\/comunicatistampa\/wp-json\/wp\/v2\/types\/post"}],"author":[{"embeddable":true,"href":"https:\/\/www.area-press.eu\/comunicatistampa\/wp-json\/wp\/v2\/users\/2930"}],"replies":[{"embeddable":true,"href":"https:\/\/www.area-press.eu\/comunicatistampa\/wp-json\/wp\/v2\/comments?post=44200"}],"version-history":[{"count":1,"href":"https:\/\/www.area-press.eu\/comunicatistampa\/wp-json\/wp\/v2\/posts\/44200\/revisions"}],"predecessor-version":[{"id":44201,"href":"https:\/\/www.area-press.eu\/comunicatistampa\/wp-json\/wp\/v2\/posts\/44200\/revisions\/44201"}],"wp:attachment":[{"href":"https:\/\/www.area-press.eu\/comunicatistampa\/wp-json\/wp\/v2\/media?parent=44200"}],"wp:term":[{"taxonomy":"category","embeddable":true,"href":"https:\/\/www.area-press.eu\/comunicatistampa\/wp-json\/wp\/v2\/categories?post=44200"},{"taxonomy":"post_tag","embeddable":true,"href":"https:\/\/www.area-press.eu\/comunicatistampa\/wp-json\/wp\/v2\/tags?post=44200"}],"curies":[{"name":"wp","href":"https:\/\/api.w.org\/{rel}","templated":true}]}}