{"id":44139,"date":"2019-10-03T15:41:21","date_gmt":"2019-10-03T13:41:21","guid":{"rendered":"https:\/\/www.area-press.eu\/comunicatistampa\/?p=44139"},"modified":"2019-10-03T15:41:21","modified_gmt":"2019-10-03T13:41:21","slug":"alperia-ha-acquisito-gruppo-green-power-il-punto-di-david-barzazi","status":"publish","type":"post","link":"https:\/\/www.area-press.eu\/comunicatistampa\/2019\/10\/03\/alperia-ha-acquisito-gruppo-green-power-il-punto-di-david-barzazi\/","title":{"rendered":"Alperia ha acquisito Gruppo Green Power: il punto di David Barzazi"},"content":{"rendered":"<p><em><strong>L&#8217;intervento di <a href=\"http:\/\/h2biz.net\/Manager\/david-barzazi-10990\" title=\"David Barzazi, h2biz\">David Barzazi<\/a> che, insieme al fratello Christian, ha commentato la compravendita di Gruppo Green Power conclusa da Alperia, multiutility terza classificata tra le realt\u00e0 dell&#8217;idroelettrico in Italia.<\/strong><\/em><\/p>\n<p><a href=\"http:\/\/h2biz.net\/Manager\/david-barzazi-10990\" title=\"David Barzazi - h2biz\"><img loading=\"lazy\" decoding=\"async\" alt=\"David Barzazi\" height=\"120\" src=\"http:\/\/h2biz.net\/images\/Plats\/crop_min_20190321164944.jpg\" width=\"120\" \/><\/a><\/p>\n<h2>Gruppo Green Power: le parole di David Barzazi sull&#8217;acquisizione<\/h2>\n<p>A fine luglio 2019 Alperia, societ\u00e0 altoatesina di fornitura di energia elettrica da fonti rinnovabili, ha acquisito il 71,8% di Gruppo Green Power, azienda al cui timone figuravano Christian e <strong>David Barzazi<\/strong> e attiva nel comparto dei servizi inerenti l&#8217;efficientamento energetico. Il Gruppo con sede a Mirano, quotato in Borsa all&#8217;indice Aim Italia, ha diffuso al pubblico la notizia dell&#8217;intesa commerciale, soffermandosi in particolare sull&#8217;analisi delle sinergie derivanti dalla compravendita da parte della multiutility bolzanina. Si tratta, infatti, di un accordo dal quale discenderanno un miglioramento rilevante e una concreta crescita sul territorio extra Alto Adige. <em>&quot;Siamo orgogliosi di questo importante traguardo&quot;<\/em>, hanno comunicato i fratelli Christian e <em>David Barzazi<\/em> <em>&quot;Alperia \u00e8 una realt\u00e0 leader, fortemente votata all&#8217;innovazione e capace di far crescere ulteriormente il Gruppo che potr\u00e0 cos\u00ec affrontare una nuova fase di sviluppo a cui non cesseremo di dare il nostro contributo nelle modalit\u00e0 concordate&quot;<\/em>. Il Direttore Generale di Alperia Johann Wohlfarter ha confermato che l&#8217;iniziativa imprenditoriale \u00e8 pienamente coerente con il piano industriale attualmente vigente. La multiutility altoatesina si \u00e8 avvalsa inoltre del supporto di Mediobanca per tutti gli aspetti finanziari collegati all&#8217;acquisizione. <\/p>\n<h2>La carriera professionale di David Barzazi<\/h2>\n<p>Nato a Venezia il 23 marzo 1978, <strong><a href=\"http:\/\/h2biz.net\/Manager\/david-barzazi-10990\" title=\"David Barzazi, profilo h2biz\">David Barzazi<\/a><\/strong> termina gli studi superiori ottenendo il diploma di tecnico aeronautico. Nei primi anni di impiego \u00e8 incaricato della gestione delle organizzazioni relative alla vendita, compito che porta avanti in maniera autonoma. Le competenze professionali acquisite nei comparti dell&#8217;amministrazione e del coordinamento in questi anni risulteranno poi decisive in un secondo momento, quando ricoprir\u00e0 posizioni lavorative di rilievo nei settori dell&#8217;energia e delle telecomunicazioni. Dopo aver esercitato per diverso tempo la professione di consulente nell&#8217;intermediazione finanziaria e assicurativa, \u00e8 successivamente nominato Presidente di Cell Shop S.r.l., impresa che si occupa di telefonia mobile. Nel 2011 la sua carriera \u00e8 oggetto di una importante svolta, poich\u00e9 diventa Amministratore Delegato e membro del Consiglio di Amministrazione di <strong>Gruppo Green Power<\/strong>. In breve tempo assume il controllo del Gruppo di Mirano sia sotto l&#8217;aspetto gestionale e tecnico che sotto quello finanziario. Sotto la guida di <strong>David Barzazi<\/strong>, l&#8217;azienda viene quotata all&#8217;indice borsistico AIM di Piazza Affari e nel 2018, grazie ad utili in aumento nonostante una situazione generale di contrazione economica, \u00e8 di nuovo nominato Amministratore Delegato.<\/p>\n","protected":false},"excerpt":{"rendered":"<p>L&#8217;intervento di David Barzazi che, insieme al fratello Christian, ha commentato la compravendita di Gruppo Green Power conclusa da Alperia, multiutility terza classificata tra le realt\u00e0 dell&#8217;idroelettrico in Italia. Gruppo Green Power: le parole di David Barzazi sull&#8217;acquisizione A fine luglio 2019 Alperia, societ\u00e0 altoatesina di fornitura di energia elettrica da fonti rinnovabili, ha acquisito [&hellip;]<\/p>\n","protected":false},"author":40,"featured_media":0,"comment_status":"open","ping_status":"open","sticky":false,"template":"","format":"standard","meta":{"footnotes":""},"categories":[5],"tags":[24685],"class_list":["post-44139","post","type-post","status-publish","format-standard","hentry","category-aziendali","tag-davdi-barzazi"],"_links":{"self":[{"href":"https:\/\/www.area-press.eu\/comunicatistampa\/wp-json\/wp\/v2\/posts\/44139","targetHints":{"allow":["GET"]}}],"collection":[{"href":"https:\/\/www.area-press.eu\/comunicatistampa\/wp-json\/wp\/v2\/posts"}],"about":[{"href":"https:\/\/www.area-press.eu\/comunicatistampa\/wp-json\/wp\/v2\/types\/post"}],"author":[{"embeddable":true,"href":"https:\/\/www.area-press.eu\/comunicatistampa\/wp-json\/wp\/v2\/users\/40"}],"replies":[{"embeddable":true,"href":"https:\/\/www.area-press.eu\/comunicatistampa\/wp-json\/wp\/v2\/comments?post=44139"}],"version-history":[{"count":1,"href":"https:\/\/www.area-press.eu\/comunicatistampa\/wp-json\/wp\/v2\/posts\/44139\/revisions"}],"predecessor-version":[{"id":44140,"href":"https:\/\/www.area-press.eu\/comunicatistampa\/wp-json\/wp\/v2\/posts\/44139\/revisions\/44140"}],"wp:attachment":[{"href":"https:\/\/www.area-press.eu\/comunicatistampa\/wp-json\/wp\/v2\/media?parent=44139"}],"wp:term":[{"taxonomy":"category","embeddable":true,"href":"https:\/\/www.area-press.eu\/comunicatistampa\/wp-json\/wp\/v2\/categories?post=44139"},{"taxonomy":"post_tag","embeddable":true,"href":"https:\/\/www.area-press.eu\/comunicatistampa\/wp-json\/wp\/v2\/tags?post=44139"}],"curies":[{"name":"wp","href":"https:\/\/api.w.org\/{rel}","templated":true}]}}