{"id":440,"date":"2015-07-21T17:23:04","date_gmt":"2015-07-21T15:23:04","guid":{"rendered":"http:\/\/www.area-press.eu\/comunicatistampa\/?p=440"},"modified":"2015-07-21T17:23:04","modified_gmt":"2015-07-21T15:23:04","slug":"a-castagnole-delle-lanze-at-dal-22-al-1-settembre-si-terra-il-festival-contro","status":"publish","type":"post","link":"https:\/\/www.area-press.eu\/comunicatistampa\/2015\/07\/21\/a-castagnole-delle-lanze-at-dal-22-al-1-settembre-si-terra-il-festival-contro\/","title":{"rendered":"A Castagnole Delle Lanze (AT), dal 22 al 1\u00b0 settembre, si terr\u00e0 il Festival Contro"},"content":{"rendered":"<p align=\"CENTER\"><span style=\"color: #000000\"><span style=\"font-family: Tahoma, sans-serif\"><span style=\"font-size: medium\">L\u2019edizione vedr\u00e0 protagonisti Sabato <\/span><\/span><\/span><strong><span style=\"color: #000000\"><span style=\"font-family: Tahoma, sans-serif\"><span style=\"font-size: medium\"><b>22 Agosto i NEGRITA<\/b><\/span><\/span><\/span><\/strong><i><b> <\/b><\/i><span style=\"color: #000000\"><span style=\"font-family: Tahoma, sans-serif\"><span style=\"font-size: medium\">(\u20ac 25), Domenica <\/span><\/span><\/span><strong><span style=\"color: #000000\"><span style=\"font-family: Tahoma, sans-serif\"><span style=\"font-size: medium\"><b>23 Agosto <\/b><\/span><\/span><\/span><\/strong><span style=\"color: #000000\"><span style=\"font-family: Tahoma, sans-serif\"><span style=\"font-size: medium\">DEMO MORSELLI &amp; MARCELLO, Luned\u00ec <\/span><\/span><\/span><strong><span style=\"color: #000000\"><span style=\"font-family: Tahoma, sans-serif\"><span style=\"font-size: medium\"><b>24 Agosto<\/b><\/span><\/span><\/span><\/strong><i><b> <\/b><\/i><span style=\"color: #000000\"><span style=\"font-family: Tahoma, sans-serif\"><span style=\"font-size: medium\">AREA 54 e PIAZZE IN PIAZZA (Rassegna di Cucine Regionali), Marted\u00ec <\/span><\/span><\/span><strong><span style=\"color: #000000\"><span style=\"font-family: Tahoma, sans-serif\"><span style=\"font-size: medium\"><b>25 Agosto<\/b><\/span><\/span><\/span><\/strong><i><b> <\/b><\/i><span style=\"color: #000000\"><span style=\"font-family: Tahoma, sans-serif\"><span style=\"font-size: medium\">La Grande Notte del Ballo Occitano coi LOU DALFIN e lo spettacolo pirotecnico, Mercoled\u00ec <\/span><\/span><\/span><strong><span style=\"color: #000000\"><span style=\"font-family: Tahoma, sans-serif\"><span style=\"font-size: medium\"><b>26 Agosto <\/b><\/span><\/span><\/span><\/strong><span style=\"color: #000000\"><span style=\"font-family: Tahoma, sans-serif\"><span style=\"font-size: medium\">MORENO, Gioved\u00ec <\/span><\/span><\/span><strong><span style=\"color: #000000\"><span style=\"font-family: Tahoma, sans-serif\"><span style=\"font-size: medium\"><b>27 Agosto<\/b><\/span><\/span><\/span><\/strong><i><b> <\/b><\/i><span style=\"color: #000000\"><span style=\"font-family: Tahoma, sans-serif\"><span style=\"font-size: medium\">KAMAFEI, Venerd\u00ec <\/span><\/span><\/span><strong><span style=\"color: #000000\"><span style=\"font-family: Tahoma, sans-serif\"><span style=\"font-size: medium\"><b>28 Agosto MARRACASH<\/b><\/span><\/span><\/span><\/strong><i><b> <\/b><\/i><span style=\"color: #000000\"><span style=\"font-family: Tahoma, sans-serif\"><span style=\"font-size: medium\">(\u20ac 12), Sabato <\/span><\/span><\/span><strong><span style=\"color: #000000\"><span style=\"font-family: Tahoma, sans-serif\"><span style=\"font-size: medium\"><b>29 Agosto i NOMADI<\/b><\/span><\/span><\/span><\/strong><i><b> <\/b><\/i><span style=\"color: #000000\"><span style=\"font-family: Tahoma, sans-serif\"><span style=\"font-size: medium\">( dal 1967 XL Concerto Castagnolese e XXIII Raduno Estivo Nomadi Fans Club \u2013 \u20ac 18), Domenica 30 Agosto i CAMALEONTI, Luned\u00ec <\/span><\/span><\/span><strong><span style=\"color: #000000\"><span style=\"font-family: Tahoma, sans-serif\"><span style=\"font-size: medium\"><b>31 Agosto<\/b><\/span><\/span><\/span><\/strong><i><b> <\/b><\/i><span style=\"color: #000000\"><span style=\"font-family: Tahoma, sans-serif\"><span style=\"font-size: medium\">156a FIERA DELLA NOCCIOLA con la Grande Orchestra Spettacolo I RODIGINI (Piatti a base di nocciola in abbinamento ai vini Dogliotti 1870) ed Elezione Miss San Bartolomeo 2015, Martedi <\/span><\/span><\/span><strong><span style=\"color: #000000\"><span style=\"font-family: Tahoma, sans-serif\"><span style=\"font-size: medium\"><b>1 settembre<\/b><\/span><\/span><\/span><\/strong><i><b> <\/b><\/i><span style=\"color: #000000\"><span style=\"font-family: Tahoma, sans-serif\"><span style=\"font-size: medium\">grande chiusura con <\/span><\/span><\/span><strong><span style=\"color: #000000\"><span style=\"font-family: Tahoma, sans-serif\"><span style=\"font-size: medium\"><b>FRANCO BATTIATO<\/b><\/span><\/span><\/span><\/strong><i><b> <\/b><\/i><span style=\"color: #000000\"><span style=\"font-family: Tahoma, sans-serif\"><span style=\"font-size: medium\">(\u20ac 35\/25) .<\/span><\/span><\/span><\/p>\n<p align=\"JUSTIFY\"><span style=\"font-family: Tahoma, sans-serif\"><span style=\"font-size: small\"><u><b>Sabato 22 Agosto <\/b><\/u><\/span><\/span><span style=\"font-family: Tahoma, sans-serif\"><span style=\"font-size: small\"><b>\u2013 <\/b><\/span><\/span><span style=\"font-family: Tahoma, sans-serif\"><span style=\"font-size: small\">Ingresso \u20ac 25<\/span><\/span><\/p>\n<p align=\"JUSTIFY\"><span style=\"font-family: Tahoma, sans-serif\"><span style=\"font-size: small\"><b>NEGRITA \u2013 <\/b><\/span><\/span><span style=\"font-family: Tahoma, sans-serif\"><span style=\"font-size: small\">U<\/span><\/span><span style=\"color: #333333\"><span style=\"font-family: Tahoma, sans-serif\"><span style=\"font-size: small\">no dei gruppi rock pi\u00f9 longevi e influenti degli ultimi anni del panorama musicale italiano che nasce da una storia di passione e di amicizia nella provincia toscana.In continua evoluzione stilistica, il loro sound \u00e8 unico e riconoscibile fin dagli esordi, grazie alla loro solidit\u00e0 tecnica e interpretativa. Nel 1992 raggiungono la loro formazione definitiva, realizzano due demo\u00a0tape ed iniziano a frequentare il circuito dei club di tutta Italia, presentandosi subito al pubblico come una rock-band di grande impatto ed energia.<\/span><\/span><\/span><\/p>\n<p align=\"JUSTIFY\"><span style=\"font-family: Tahoma, sans-serif\"><span style=\"font-size: small\">Inaugurazione mostra fotografica di Letizia Icardi<\/span><\/span><\/p>\n<p align=\"JUSTIFY\"><span style=\"font-family: Tahoma, sans-serif\"><span style=\"font-size: small\"><u><b>Domenica 23 Agosto<\/b><\/u><\/span><\/span><span style=\"font-family: Tahoma, sans-serif\"><span style=\"font-size: small\"> \u2013 Ingresso libero<\/span><\/span><\/p>\n<p align=\"JUSTIFY\"><span style=\"font-family: Tahoma, sans-serif\"><span style=\"font-size: small\"><b>DEMO MORSELLI &amp; MARCELLO<\/b><\/span><\/span><span style=\"font-family: Tahoma, sans-serif\"><span style=\"font-size: small\"> \u2013 <\/span><\/span><span style=\"color: #000000\"><span style=\"font-family: Tahoma, sans-serif\"><span style=\"font-size: small\">Demo Morselli \u00e8 <\/span><\/span><\/span><span style=\"color: #000000\"><span style=\"font-family: Tahoma, sans-serif\"><span style=\"font-size: small\">conosciuto principalmente come leader della\u00a0<\/span><\/span><\/span><span style=\"color: #000000\"><span style=\"font-family: Tahoma, sans-serif\"><span style=\"font-size: small\"><b>Demo Big Band Orchestra<\/b><\/span><\/span><\/span><span style=\"color: #000000\"><span style=\"font-family: Tahoma, sans-serif\"><span style=\"font-size: small\">\u00a0composta da una ventina di elementi, che ha fatto parte del cast dei programmi di successo quali\u00a0<\/span><\/span><\/span><span style=\"color: #0000ff\"><a href=\"https:\/\/it.wikipedia.org\/wiki\/Buona_Domenica\"><span style=\"color: #000000\"><span style=\"font-family: Tahoma, sans-serif\"><span style=\"font-size: small\"><i>Buona Domenica<\/i><\/span><\/span><\/span><\/a><\/span><span style=\"color: #000000\"><span style=\"font-family: Tahoma, sans-serif\"><span style=\"font-size: small\">\u00a0e\u00a0<\/span><\/span><\/span><span style=\"color: #0000ff\"><a href=\"https:\/\/it.wikipedia.org\/wiki\/Maurizio_Costanzo_Show\"><span style=\"color: #000000\"><span style=\"font-family: Tahoma, sans-serif\"><span style=\"font-size: small\"><i>Maurizio Costanzo Show<\/i><\/span><\/span><\/span><\/a><\/span><span style=\"color: #000000\"><span style=\"font-family: Tahoma, sans-serif\"><span style=\"font-size: small\">\u00a0entrambi su\u00a0<\/span><\/span><\/span><span style=\"color: #0000ff\"><a href=\"https:\/\/it.wikipedia.org\/wiki\/Canale_5\"><span style=\"color: #000000\"><span style=\"font-family: Tahoma, sans-serif\"><span style=\"font-size: small\">Canale 5<\/span><\/span><\/span><\/a><\/span><span style=\"color: #000000\"><span style=\"font-family: Tahoma, sans-serif\"><span style=\"font-size: small\">. <\/span><\/span><\/span><span style=\"color: #000000\"><span style=\"font-family: Tahoma, sans-serif\"><span style=\"font-size: small\">Ha collaborato sia come arrangiatore che come strumentista con interpreti internazionali, quali\u00a0<\/span><\/span><\/span><span style=\"color: #0000ff\"><span style=\"color: #000000\"><span style=\"font-family: Tahoma, sans-serif\"><span style=\"font-size: small\">Ray Charles<\/span><\/span><\/span><\/span><span style=\"color: #000000\"><span style=\"font-family: Tahoma, sans-serif\"><span style=\"font-size: small\">,\u00a0<\/span><\/span><\/span><span style=\"color: #0000ff\"><span style=\"color: #000000\"><span style=\"font-family: Tahoma, sans-serif\"><span style=\"font-size: small\">Simply Red<\/span><\/span><\/span><\/span><span style=\"color: #000000\"><span style=\"font-family: Tahoma, sans-serif\"><span style=\"font-size: small\">, e con alcuni artisti italiani, fra cui:<\/span><\/span><\/span><span style=\"color: #0000ff\"><span style=\"color: #000000\"><span style=\"font-family: Tahoma, sans-serif\"><span style=\"font-size: small\">Mina<\/span><\/span><\/span><\/span><span style=\"color: #000000\"><span style=\"font-family: Tahoma, sans-serif\"><span style=\"font-size: small\">,\u00a0<\/span><\/span><\/span><span style=\"color: #0000ff\"><span style=\"color: #000000\"><span style=\"font-family: Tahoma, sans-serif\"><span style=\"font-size: small\">Loredana Bert\u00e9<\/span><\/span><\/span><\/span><span style=\"color: #000000\"><span style=\"font-family: Tahoma, sans-serif\"><span style=\"font-size: small\">,\u00a0<\/span><\/span><\/span><span style=\"color: #0000ff\"><span style=\"color: #000000\"><span style=\"font-family: Tahoma, sans-serif\"><span style=\"font-size: small\">Fabrizio De Andr\u00e9<\/span><\/span><\/span><\/span><span style=\"color: #000000\"><span style=\"font-family: Tahoma, sans-serif\"><span style=\"font-size: small\">,\u00a0<\/span><\/span><\/span><span style=\"color: #0000ff\"><span style=\"color: #000000\"><span style=\"font-family: Tahoma, sans-serif\"><span style=\"font-size: small\">Elio e le Storie Tese<\/span><\/span><\/span><\/span><span style=\"color: #000000\"><span style=\"font-family: Tahoma, sans-serif\"><span style=\"font-size: small\">,\u00a0<\/span><\/span><\/span><span style=\"color: #0000ff\"><span style=\"color: #000000\"><span style=\"font-family: Tahoma, sans-serif\"><span style=\"font-size: small\">Adriano Celentano<\/span><\/span><\/span><\/span><span style=\"color: #000000\"><span style=\"font-family: Tahoma, sans-serif\"><span style=\"font-size: small\">,\u00a0<\/span><\/span><\/span><span style=\"color: #0000ff\"><span style=\"color: #000000\"><span style=\"font-family: Tahoma, sans-serif\"><span style=\"font-size: small\">Fiorella Mannoia<\/span><\/span><\/span><\/span><span style=\"color: #000000\"><span style=\"font-family: Tahoma, sans-serif\"><span style=\"font-size: small\">,\u00a0<\/span><\/span><\/span><span style=\"color: #0000ff\"><span style=\"color: #000000\"><span style=\"font-family: Tahoma, sans-serif\"><span style=\"font-size: small\">Edoardo Bennato<\/span><\/span><\/span><\/span><span style=\"color: #000000\"><span style=\"font-family: Tahoma, sans-serif\"><span style=\"font-size: small\">,\u00a0<\/span><\/span><\/span><span style=\"color: #0000ff\"><span style=\"color: #000000\"><span style=\"font-family: Tahoma, sans-serif\"><span style=\"font-size: small\">Gino Paoli<\/span><\/span><\/span><\/span><span style=\"color: #000000\"><span style=\"font-family: Tahoma, sans-serif\"><span style=\"font-size: small\">,\u00a0<\/span><\/span><\/span><span style=\"color: #0000ff\"><span style=\"color: #000000\"><span style=\"font-family: Tahoma, sans-serif\"><span style=\"font-size: small\">883<\/span><\/span><\/span><\/span><span style=\"color: #000000\"><span style=\"font-family: Tahoma, sans-serif\"><span style=\"font-size: small\">,\u00a0<\/span><\/span><\/span><span style=\"color: #0000ff\"><span style=\"color: #000000\"><span style=\"font-family: Tahoma, sans-serif\"><span style=\"font-size: small\">Pooh<\/span><\/span><\/span><\/span><span style=\"color: #000000\"><span style=\"font-family: Tahoma, sans-serif\"><span style=\"font-size: small\">,\u00a0<\/span><\/span><\/span><span style=\"color: #0000ff\"><span style=\"color: #000000\"><span style=\"font-family: Tahoma, sans-serif\"><span style=\"font-size: small\">Eugenio Finardi<\/span><\/span><\/span><\/span><span style=\"color: #000000\"><span style=\"font-family: Tahoma, sans-serif\"><span style=\"font-size: small\">,\u00a0<\/span><\/span><\/span><span style=\"color: #0000ff\"><span style=\"color: #000000\"><span style=\"font-family: Tahoma, sans-serif\"><span style=\"font-size: small\">Zucchero<\/span><\/span><\/span><\/span><span style=\"color: #000000\"><span style=\"font-family: Tahoma, sans-serif\"><span style=\"font-size: small\">,\u00a0<\/span><\/span><\/span><span style=\"color: #0000ff\"><span style=\"color: #000000\"><span style=\"font-family: Tahoma, sans-serif\"><span style=\"font-size: small\">Ligabue<\/span><\/span><\/span><\/span><span style=\"color: #000000\"><span style=\"font-family: Tahoma, sans-serif\"><span style=\"font-size: small\">,\u00a0<\/span><\/span><\/span><span style=\"color: #0000ff\"><span style=\"color: #000000\"><span style=\"font-family: Tahoma, sans-serif\"><span style=\"font-size: small\">Renato Zero<\/span><\/span><\/span><\/span><span style=\"color: #000000\"><span style=\"font-family: Tahoma, sans-serif\"><span style=\"font-size: small\">,\u00a0<\/span><\/span><\/span><span style=\"color: #0000ff\"><span style=\"color: #000000\"><span style=\"font-family: Tahoma, sans-serif\"><span style=\"font-size: small\">Enrico Ruggeri<\/span><\/span><\/span><\/span><span style=\"color: #000000\"><span style=\"font-family: Tahoma, sans-serif\"><span style=\"font-size: small\">\u00a0e\u00a0<\/span><\/span><\/span><span style=\"color: #0000ff\"><span style=\"color: #000000\"><span style=\"font-family: Tahoma, sans-serif\"><span style=\"font-size: small\">Jovanotti<\/span><\/span><\/span><\/span><span style=\"color: #000000\"><span style=\"font-family: Tahoma, sans-serif\"><span style=\"font-size: small\">\u00a0(a cui insegna a suonare la tromba).<\/span><\/span><\/span><\/p>\n<p align=\"JUSTIFY\"><span style=\"font-family: Tahoma, sans-serif\"><span style=\"font-size: small\">Marcello Cirillo \u00e8 un cantante e conduttore televisivo, occasionalmente attore. Attualmente \u00e8 occupato nella conduzione de \u201cI fatti vostri\u201d su Rai 2 ed \u00e8 in teatro con \u201cDon Bosco Il Musical\u201d nei panni di attore e regista.<\/span><\/span><\/p>\n<p align=\"JUSTIFY\"><span style=\"font-family: Tahoma, sans-serif\"><span style=\"font-size: small\">Open Act: <\/span><\/span><span style=\"font-family: Tahoma, sans-serif\"><span style=\"font-size: small\"><b>GLI INVISIBILI<\/b><\/span><\/span><\/p>\n<p align=\"JUSTIFY\"><span style=\"font-family: Tahoma, sans-serif\"><span style=\"font-size: small\"><span lang=\"en-US\">Gastronomia: PIAZZE IN PIAZZA \u2013 8<\/span><\/span><\/span><sup><span style=\"font-family: Tahoma, sans-serif\"><span style=\"font-size: small\"><span lang=\"en-US\">a<\/span><\/span><\/span><\/sup><span style=\"font-family: Tahoma, sans-serif\"><span style=\"font-size: small\"><span lang=\"en-US\"> Rassegna di Cucine Regionali<\/span><\/span><\/span><\/p>\n<p align=\"JUSTIFY\"><span style=\"font-family: Tahoma, sans-serif\"><span style=\"font-size: small\"><u><b>Luned\u00ec 24 Agosto <\/b><\/u><\/span><\/span><span style=\"font-family: Tahoma, sans-serif\"><span style=\"font-size: small\">\u2013 ingresso libero<\/span><\/span><\/p>\n<p align=\"JUSTIFY\"><span style=\"font-family: Tahoma, sans-serif\"><span style=\"font-size: small\"><b>ARHEA 54 Show Disco Music<\/b><\/span><\/span><span style=\"font-family: Tahoma, sans-serif\"><span style=\"font-size: small\"> \u2013 L<\/span><\/span><span style=\"color: #000000\"><span style=\"font-family: Tahoma, sans-serif\"><span style=\"font-size: small\">a GLAM COVER BAND DISCO 70 torinese, in attivit\u00e0 da oltre 6 anni con all\u2019attivo pi\u00f9 di 300 concert, si ispira ai mitici anni 70 con riferimenti al grande DAVID BOWIE del periodo 70 con Ziggy Stardust Space Oddity, al Rocky Horror Picture Show ed a nomi come Kiss, Abba, Chic, Madonna, Irene Cara, KC &amp; The Sunshine Band, Patty Labelle, Sister Sledge, the Buggles, Aretha Franklin, Chic, Kiss, Gloria Gaynor, Madonna, Eurythmics and Depeche Mode , il tutto rivisitato in chiave hard rock. Come in un musical ogni movimento sul palcoscenico \u00e8 pianificato e basato su coreografie in modo che ogni momento dello spettacolo abbia stile, musica e costumi specifici.<\/span><\/span><\/span><\/p>\n<p align=\"JUSTIFY\"><span style=\"font-family: Tahoma, sans-serif\"><span style=\"font-size: small\">Open Act: <\/span><\/span><span style=\"font-family: Tahoma, sans-serif\"><span style=\"font-size: small\"><b>ALEX D&#8217;HERIN<\/b><\/span><\/span><\/p>\n<p align=\"JUSTIFY\"><span style=\"font-family: Tahoma, sans-serif\"><span style=\"font-size: small\">Gastronomia: Grigliata mista<\/span><\/span><\/p>\n<p align=\"JUSTIFY\"><span style=\"font-family: Tahoma, sans-serif\"><span style=\"font-size: small\"><u><b>Marted\u00ec 25 Agosto \u2013 ingresso libero<\/b><\/u><\/span><\/span><\/p>\n<p align=\"JUSTIFY\"><span style=\"font-family: Tahoma, sans-serif\"><span style=\"font-size: small\"><b>LOU DALFIN &#8211; <\/b><\/span><\/span><span style=\"font-family: Tahoma, sans-serif\"><span style=\"font-size: small\">gruppo musicale<\/span><\/span><span style=\"font-family: Tahoma, sans-serif\"><span style=\"font-size: small\">\u00a0italiano\u00a0<\/span><\/span><span style=\"font-family: Tahoma, sans-serif\"><span style=\"font-size: small\">di<\/span><\/span><span style=\"font-family: Tahoma, sans-serif\"><span style=\"font-size: small\">\u00a0folk rock\u00a0<\/span><\/span><span style=\"font-family: Tahoma, sans-serif\"><span style=\"font-size: small\">nato agli inizi degli anni \u201880<\/span><\/span><span style=\"font-family: Tahoma, sans-serif\"><span style=\"font-size: small\">\u00a0<\/span><\/span><span style=\"font-family: Tahoma, sans-serif\"><span style=\"font-size: small\">nelle<\/span><\/span><span style=\"font-family: Tahoma, sans-serif\"><span style=\"font-size: small\">\u00a0valli occitane\u00a0<\/span><\/span><span style=\"font-family: Tahoma, sans-serif\"><span style=\"font-size: small\">del<\/span><\/span><span style=\"font-family: Tahoma, sans-serif\"><span style=\"font-size: small\">\u00a0Piemonte\u00a0<\/span><\/span><span style=\"font-family: Tahoma, sans-serif\"><span style=\"font-size: small\">al fine di rivisitare la musica tradizionale<\/span><\/span><span style=\"font-family: Tahoma, sans-serif\"><span style=\"font-size: small\">\u00a0di quei luoghi<\/span><\/span><span style=\"color: #000000\"><span style=\"font-family: Tahoma, sans-serif\"><span style=\"font-size: small\">.<\/span><\/span><\/span><span style=\"font-family: Tahoma, sans-serif\"><span style=\"font-size: small\">\u00a0Il loro ultimo disco vanta collaborazioni importanti con artisti italiani e internazionali, a creare a livello musicale una straordinaria variet\u00e0 di atmosfere, da Bunna, degli\u00a0<\/span><\/span><span style=\"font-family: Tahoma, sans-serif\"><span style=\"font-size: small\"><i>Africa Unite<\/i><\/span><\/span><span style=\"font-family: Tahoma, sans-serif\"><span style=\"font-size: small\">,\u00a0a Roy Paci e Vicio, bassista dei\u00a0<\/span><\/span><span style=\"font-family: Tahoma, sans-serif\"><span style=\"font-size: small\"><i>Subsonica<\/i><\/span><\/span><span style=\"font-family: Tahoma, sans-serif\"><span style=\"font-size: small\">. Ma anche nel panorama europeo della world Music, sono sempre fra i pi\u00f9 apprezzati protagonisti dei maggiori festival europei. <\/span><\/span><\/p>\n<p align=\"JUSTIFY\"><span style=\"font-family: Tahoma, sans-serif\"><span style=\"font-size: small\">Open Act: <\/span><\/span><span style=\"font-family: Tahoma, sans-serif\"><span style=\"font-size: small\"><b>CAPAT LEVAT \u2013 FANFARA TRANSALPINA<\/b><\/span><\/span><\/p>\n<p align=\"JUSTIFY\"><span style=\"font-family: Tahoma, sans-serif\"><span style=\"font-size: small\">Spettacolo pirotecnico<\/span><\/span><\/p>\n<p align=\"JUSTIFY\"><span style=\"font-family: Tahoma, sans-serif\"><span style=\"font-size: small\"><u><b>Mercoled\u00ec 26 Agosto<\/b><\/u><\/span><\/span><span style=\"font-family: Tahoma, sans-serif\"><span style=\"font-size: small\"> \u2013 ingresso libero<\/span><\/span><\/p>\n<p align=\"JUSTIFY\"><span style=\"font-family: Tahoma, sans-serif\"><span style=\"font-size: small\"><b>MORENO &#8211; <\/b><\/span><\/span><span style=\"color: #000000\"><span style=\"font-family: Tahoma, sans-serif\"><span style=\"font-size: small\">Dopo alcune esperienze musicali con il collettivo Ultimi AED, Moreno si \u00e8 imposto nel <\/span><\/span><\/span><span style=\"color: #0000ff\"><span style=\"color: #000000\"><span style=\"font-family: Tahoma, sans-serif\"><span style=\"font-size: small\">freestyle<\/span><\/span><\/span><\/span> <span style=\"color: #000000\"><span style=\"font-family: Tahoma, sans-serif\"><span style=\"font-size: small\">vincendo concorsi regionali e nazionali, tra cui nel 2011 la competizione del <\/span><\/span><\/span><span style=\"color: #0000ff\"><span style=\"color: #000000\"><span style=\"font-family: Tahoma, sans-serif\"><span style=\"font-size: small\">Tecniche Perfette<\/span><\/span><\/span><\/span><span style=\"color: #000000\"><span style=\"font-family: Tahoma, sans-serif\"><span style=\"font-size: small\">, gara in cui \u00e8 il rapper pi\u00f9 decorato, mentre nel 2012 partecipa ad <\/span><\/span><\/span><span style=\"color: #000000\"><span style=\"font-family: Tahoma, sans-serif\"><span style=\"font-size: small\"><i>MTV Spit <\/i><\/span><\/span><\/span><span style=\"color: #000000\"><span style=\"font-family: Tahoma, sans-serif\"><span style=\"font-size: small\">arrivando fino alla semifinale. <\/span><\/span><\/span><span style=\"color: #000000\"><span style=\"font-family: Tahoma, sans-serif\"><span style=\"font-size: small\">Nel 2013 \u00e8 salito alla ribalta per aver partecipato e vinto il <\/span><\/span><\/span><span style=\"color: #000000\"><span style=\"font-family: Tahoma, sans-serif\"><span style=\"font-size: small\">talent show <\/span><\/span><\/span><span style=\"color: #0000ff\"><span style=\"color: #000000\"><span style=\"font-family: Tahoma, sans-serif\"><span style=\"font-size: small\"><i>Amici di Maria De Filippi<\/i><\/span><\/span><\/span><\/span><span style=\"color: #000000\"><span style=\"font-family: Tahoma, sans-serif\"><span style=\"font-size: small\">. Ha vinto nel medesimo programma, il relativo <\/span><\/span><\/span><span style=\"color: #000000\"><span style=\"font-family: Tahoma, sans-serif\"><span style=\"font-size: small\"><i>Premio della critica giornalistica<\/i><\/span><\/span><\/span><span style=\"color: #000000\"><span style=\"font-family: Tahoma, sans-serif\"><span style=\"font-size: small\">. \u00c8 stato inoltre il primo rapper ad essere stato ammesso nel <\/span><\/span><\/span><span style=\"color: #000000\"><span style=\"font-family: Tahoma, sans-serif\"><span style=\"font-size: small\">talent show <\/span><\/span><\/span><span style=\"color: #000000\"><span style=\"font-family: Tahoma, sans-serif\"><span style=\"font-size: small\">di <\/span><\/span><\/span><span style=\"color: #0000ff\"><span style=\"color: #000000\"><span style=\"font-family: Tahoma, sans-serif\"><span style=\"font-size: small\">Canale 5<\/span><\/span><\/span><\/span><span style=\"color: #000000\"><span style=\"font-family: Tahoma, sans-serif\"><span style=\"font-size: small\">. Successivamente ha firmato un contratto discografico con l&#8217;<\/span><\/span><\/span><span style=\"color: #0000ff\"><span style=\"color: #000000\"><span style=\"font-family: Tahoma, sans-serif\"><span style=\"font-size: small\">Universal <\/span><\/span><\/span><\/span><span style=\"color: #000000\"><span style=\"font-family: Tahoma, sans-serif\"><span style=\"font-size: small\">e la <\/span><\/span><\/span><span style=\"color: #0000ff\"><span style=\"color: #000000\"><span style=\"font-family: Tahoma, sans-serif\"><span style=\"font-size: small\">Tempi Duri<\/span><\/span><\/span><\/span><span style=\"color: #000000\"><span style=\"font-family: Tahoma, sans-serif\"><span style=\"font-size: small\">, con le quali ha pubblicato il suo primo disco solista <\/span><\/span><\/span><span style=\"color: #0000ff\"><span style=\"color: #000000\"><span style=\"font-family: Tahoma, sans-serif\"><span style=\"font-size: small\"><i>Stecca<\/i><\/span><\/span><\/span><\/span><span style=\"color: #000000\"><span style=\"font-family: Tahoma, sans-serif\"><span style=\"font-size: small\">. Nel 2014 \u00e8 ritornato ad <\/span><\/span><\/span><span style=\"color: #000000\"><span style=\"font-family: Tahoma, sans-serif\"><span style=\"font-size: small\"><i>Amici di Maria De Filippi <\/i><\/span><\/span><\/span><span style=\"color: #000000\"><span style=\"font-family: Tahoma, sans-serif\"><span style=\"font-size: small\">in veste di direttore artistico e ha pubblicato il secondo album in studio <\/span><\/span><\/span><span style=\"color: #0000ff\"><span style=\"color: #000000\"><span style=\"font-family: Tahoma, sans-serif\"><span style=\"font-size: small\"><i>Incredibile<\/i><\/span><\/span><\/span><\/span><span style=\"color: #000000\"><span style=\"font-family: Tahoma, sans-serif\"><span style=\"font-size: small\">. Nel 2015 ha partecipato al <\/span><\/span><\/span><span style=\"color: #000000\"><span style=\"font-family: Tahoma, sans-serif\"><span style=\"font-size: small\">Festival di Sanremo <\/span><\/span><\/span><span style=\"color: #000000\"><span style=\"font-family: Tahoma, sans-serif\"><span style=\"font-size: small\">con il brano <\/span><\/span><\/span><span style=\"color: #0000ff\"><span style=\"color: #000000\"><span style=\"font-family: Tahoma, sans-serif\"><span style=\"font-size: small\"><i>Oggi ti parlo cos\u00ec<\/i><\/span><\/span><\/span><\/span><span style=\"color: #000000\"><span style=\"font-family: Tahoma, sans-serif\"><span style=\"font-size: small\">.<\/span><\/span><\/span><\/p>\n<p align=\"JUSTIFY\"><span style=\"color: #000000\"><span style=\"font-family: Tahoma, sans-serif\"><span style=\"font-size: small\">Open Act: <\/span><\/span><\/span><span style=\"color: #000000\"><span style=\"font-family: Tahoma, sans-serif\"><span style=\"font-size: small\"><b>DISH MC<\/b><\/span><\/span><\/span><\/p>\n<p align=\"JUSTIFY\"><span style=\"font-family: Tahoma, sans-serif\"><span style=\"font-size: small\"><u><b>Gioved\u00ec 27 Agosto<\/b><\/u><\/span><\/span><span style=\"font-family: Tahoma, sans-serif\"><span style=\"font-size: small\"> \u2013 ingresso libero<\/span><\/span><\/p>\n<p align=\"JUSTIFY\"><span style=\"font-family: Tahoma, sans-serif\"><span style=\"font-size: small\"><b>KAMAFEI<\/b><\/span><\/span><span style=\"font-family: Tahoma, sans-serif\"><span style=\"font-size: small\"> \u2013<\/span><\/span><b> <\/b><span style=\"color: #000000\"><span style=\"font-family: Tahoma, sans-serif\"><span style=\"font-size: small\">\u00e8 un composto in griko che vuol dire <\/span><\/span><\/span><em><span style=\"color: #000000\"><span style=\"font-family: Tahoma, sans-serif\"><span style=\"font-size: small\">caldo che scorre<\/span><\/span><\/span><\/em><span style=\"color: #000000\"><span style=\"font-family: Tahoma, sans-serif\"><span style=\"font-size: small\">, quel caldo che ci accompagna in ogni stagione, che nasce dagli strumenti tra l\u2019antico ed il moderno, lo stesso calore che si cerca di dare durante i concerti; \u00e8 quel calore restituito dal pubblico, che ascolta e partecipa a ogni spettacolo, inteso come festa collettiva, che coinvolge come in una ronda estiva. Dalla Bossa al Reggae, dal Rock allo Ska e all\u2019hip hop, dalla Spagna all\u2019Africa al Salento, il tutto supportato dallo strumento della tradizione salentina: Il Tamburello, che si incontra con le sonorit\u00e0 moderne e con gli strumenti elettrici ed elettronici. Melodie vocali attente alla tradizione ma pronte a contaminarsi e incontrarsi con gli stili moderni.<\/span><\/span><\/span><\/p>\n<p align=\"JUSTIFY\"><span style=\"color: #000000\"><span style=\"font-family: Tahoma, sans-serif\"><span style=\"font-size: small\">Open act: <\/span><\/span><\/span><span style=\"color: #000000\"><span style=\"font-family: Tahoma, sans-serif\"><span style=\"font-size: small\"><b>KACHUPA<\/b><\/span><\/span><\/span><span style=\"color: #000000\"><span style=\"font-family: Tahoma, sans-serif\"><span style=\"font-size: small\"> \u2013 <\/span><\/span><\/span><span style=\"color: #000000\"><span style=\"font-family: Tahoma, sans-serif\"><span style=\"font-size: small\">La Kachupa Folk Band nasce come band di strada, e di strada ne ha mangiata davvero tanta in giro per l&#8217;Europa! All&#8217;inizio c&#8217;era un piccolo carretto sul quale il batterista suonava cassa e pentole e il resto della band suonava intorno alla carovana! Questo carretto magico ha fatto vendere circa 5000 cd alla band in Italia e Francia. <\/span><\/span><\/span><span style=\"color: #000000\"><span style=\"font-family: Tahoma, sans-serif\"><span style=\"font-size: small\">La \u201cKachupa\u201d \u00e8 un piatto tipico di Capo Verde (Africa) fatto con ingredienti poveri ma ricchi di vitamine e di vita! L&#8217;energia Kachupa nasce da questa semplice zuppa, simbolo di semplicit\u00e0 e di amore verso la natura.<\/span><\/span><\/span><\/p>\n<p>&nbsp;<\/p>\n<p><span style=\"color: #000000\"><span style=\"font-family: Tahoma, sans-serif\"><span style=\"font-size: small\"><u><b>Venerd\u00ec 28 Agosto<\/b><\/u><\/span><\/span><\/span><span style=\"color: #000000\"><span style=\"font-family: Tahoma, sans-serif\"><span style=\"font-size: small\"> &#8211; Ingresso \u20ac 12<\/span><\/span><\/span><\/p>\n<p align=\"JUSTIFY\"><span style=\"color: #000000\"><span style=\"font-family: Tahoma, sans-serif\"><span style=\"font-size: small\"><b>MARRACASH <\/b><\/span><\/span><\/span><span style=\"color: #000000\"><span style=\"font-family: Tahoma, sans-serif\"><span style=\"font-size: small\">\u2013 <\/span><\/span><\/span><span style=\"color: #000000\"><span style=\"font-family: Tahoma, sans-serif\"><span style=\"font-size: small\">Fabio Bartolo Rizzo, meglio conosciuto con lo pseudonimo di Marracash, \u00e8 un <\/span><\/span><\/span><span style=\"color: #000000\"><span style=\"font-family: Tahoma, sans-serif\"><span style=\"font-size: small\">rapper <\/span><\/span><\/span><span style=\"color: #000000\"><span style=\"font-family: Tahoma, sans-serif\"><span style=\"font-size: small\">e <\/span><\/span><\/span><span style=\"color: #000000\"><span style=\"font-family: Tahoma, sans-serif\"><span style=\"font-size: small\">produttore discografico italiano<\/span><\/span><\/span><span style=\"color: #000000\"><span style=\"font-family: Tahoma, sans-serif\"><span style=\"font-size: small\">, membro della <\/span><\/span><\/span><span style=\"color: #000000\"><span style=\"font-family: Tahoma, sans-serif\"><span style=\"font-size: small\">crew Dogo Gang<\/span><\/span><\/span><span style=\"color: #000000\"><span style=\"font-family: Tahoma, sans-serif\"><span style=\"font-size: small\">. <\/span><\/span><\/span><span style=\"color: #000000\"><span style=\"font-family: Tahoma, sans-serif\"><span style=\"font-size: small\">Viene considerato uno dei principali rapper italiani, ottenendo diversi premi e riconoscimenti, oltre ad aver ricevuto varie certificazioni dalla <\/span><\/span><\/span><span style=\"color: #000000\"><span style=\"font-family: Tahoma, sans-serif\"><span style=\"font-size: small\">FIMI <\/span><\/span><\/span><span style=\"color: #000000\"><span style=\"font-family: Tahoma, sans-serif\"><span style=\"font-size: small\">per le oltre 180.000<\/span><\/span><\/span> <span style=\"color: #000000\"><span style=\"font-family: Tahoma, sans-serif\"><span style=\"font-size: small\">copie vendute delle sue varie pubblicazioni.<\/span><\/span><\/span><\/p>\n<p align=\"JUSTIFY\"><span style=\"color: #000000\"><span style=\"font-family: Tahoma, sans-serif\"><span style=\"font-size: small\">Open Act: <\/span><\/span><\/span><span style=\"color: #000000\"><span style=\"font-family: Tahoma, sans-serif\"><span style=\"font-size: small\"><b>ZULI<\/b><\/span><\/span><\/span><\/p>\n<p align=\"JUSTIFY\"><span style=\"font-family: Tahoma, sans-serif\"><span style=\"font-size: small\"><u><b>Sabato 29 Agosto<\/b><\/u><\/span><\/span><span style=\"font-family: Tahoma, sans-serif\"><span style=\"font-size: small\"> \u2013 Ingresso \u20ac 18<\/span><\/span><\/p>\n<p align=\"JUSTIFY\"><span style=\"font-family: Tahoma, sans-serif\"><span style=\"font-size: small\"><b>I NOMADI \u2013 <\/b><\/span><\/span><span style=\"font-family: Tahoma, sans-serif\"><span style=\"font-size: small\">Sono il\u00a0gruppo musicale\u00a0pop rock\u00a0italiano\u00a0fondato nel\u00a01963\u00a0dal\u00a0tastierista\u00a0Beppe Carletti\u00a0e dal\u00a0cantante\u00a0Augusto Daolio. Hanno pubblicato fino al\u00a02012\u00a0settantuno album tra dischi registrati in studio o dal vivo e raccolte varie. Sono uno dei pi\u00f9 conosciuti &#8211; e longevi &#8211; complessi della musica leggera italiana.<\/span><\/span><\/p>\n<p align=\"JUSTIFY\"><span style=\"font-family: Tahoma, sans-serif\"><span style=\"font-size: small\">Open Act: <\/span><\/span><span style=\"font-family: Tahoma, sans-serif\"><span style=\"font-size: small\"><b>ORANGE JUICE \u2013 LUCA ANCESCHI<\/b><\/span><\/span><\/p>\n<p align=\"JUSTIFY\"><span style=\"font-family: Tahoma, sans-serif\"><span style=\"font-size: small\"><u><b>Domenic 30 Agosto <\/b><\/u><\/span><\/span><span style=\"font-family: Tahoma, sans-serif\"><span style=\"font-size: small\">\u2013 Ingresso libero<\/span><\/span><\/p>\n<p align=\"JUSTIFY\"><span style=\"font-family: Tahoma, sans-serif\"><span style=\"font-size: small\"><b>I CAMALEONTI<\/b><\/span><\/span><span style=\"font-family: Tahoma, sans-serif\"><span style=\"font-size: small\"> \u2013 Sono uno dei<\/span><\/span><span style=\"color: #000000\"><span style=\"font-family: Tahoma, sans-serif\"><span style=\"font-size: small\"> pochi gruppi che non sono mai rientrati in una moda, \u00e8 sempre stato il loro momento e la loro occasione, perch\u00e9 nei diversi periodi era praticamente impossibile etichettarli in un genere musicale specifico: dal &#8220;rock&#8221; alla &#8220;grande orchestra&#8221;. I<\/span><\/span><\/span><span style=\"color: #000000\"><span style=\"font-family: Tahoma, sans-serif\"><span style=\"font-size: small\"> CAMALEONTI erano sempre presenti con il loro repertorio da &#8220;pentathlon&#8221; della musica e l&#8217;aggettivo non \u00e8 stato scelto a caso; sono infatti il complesso straordinario che suona &#8220;davvero&#8221; le proprie canzoni e le propone con talento, buon gusto, tempismo e voce. <\/span><\/span><\/span><\/p>\n<p align=\"JUSTIFY\"><span style=\"color: #000000\"><span style=\"font-family: Tahoma, sans-serif\"><span style=\"font-size: small\">Open Act: <\/span><\/span><\/span><span style=\"color: #000000\"><span style=\"font-family: Tahoma, sans-serif\"><span style=\"font-size: small\"><b>CHRISTIAN RIZZI<\/b><\/span><\/span><\/span><\/p>\n<p align=\"JUSTIFY\"><span style=\"font-family: Tahoma, sans-serif\"><span style=\"font-size: small\">Gastronomia: Fritto misto alla Piemontese<\/span><\/span><\/p>\n<p align=\"JUSTIFY\"><span style=\"font-family: Tahoma, sans-serif\"><span style=\"font-size: small\"><u><b>Luned\u00ec 31 Agosto <\/b><\/u><\/span><\/span><span style=\"font-family: Tahoma, sans-serif\"><span style=\"font-size: small\">\u2013 Ingresso libero<\/span><\/span><\/p>\n<p align=\"JUSTIFY\"><span style=\"font-family: Tahoma, sans-serif\"><span style=\"font-size: small\"><b>I RODIGINI<\/b><\/span><\/span><span style=\"font-family: Tahoma, sans-serif\"><span style=\"font-size: small\"> \u2013 L&#8217;Orchestra \u00e8 composta da Francesco Neudo (voce, trombone, chitarra), Monica Marchiori (voce), Simone Cuccarini (voce, fisarmoica, sax, flauto, clarinetto), Nico Veronese (voce, basso), Luca Bergamini (voce, chitarra), Ivan Oliva (tromba, percussioni), Massimiliano Bovo (batteria), Nicol\u00f2 Fragonas (tastiere, sax).<\/span><\/span><\/p>\n<p align=\"JUSTIFY\"><span style=\"font-family: Tahoma, sans-serif\"><span style=\"font-size: small\">Open Act: <\/span><\/span><span style=\"font-family: Tahoma, sans-serif\"><span style=\"font-size: small\"><b>STAR DANCE DI DAMIANO FERRERO<\/b><\/span><\/span><\/p>\n<p align=\"JUSTIFY\"><span style=\"font-family: Tahoma, sans-serif\"><span style=\"font-size: small\">157<\/span><\/span><sup><span style=\"font-family: Tahoma, sans-serif\"><span style=\"font-size: small\">a<\/span><\/span><\/sup><span style=\"font-family: Tahoma, sans-serif\"><span style=\"font-size: small\"> FIERA DELLA NOCCIOLA, FRICIULE E&#8230; Elezione MISS SAN BARTOLOMEO 2015<\/span><\/span><\/p>\n<p align=\"JUSTIFY\"><span style=\"color: #000000\"><span style=\"font-family: Tahoma, sans-serif\"><span style=\"font-size: small\"><u><b>Marted\u00ec 1 settembre<\/b><\/u><\/span><\/span><\/span><span style=\"color: #000000\"><span style=\"font-family: Tahoma, sans-serif\"><span style=\"font-size: small\"> \u2013 Ingresso \u20ac 35 primo settore posti a sedere, \u20ac 25 secondo settore<\/span><\/span><\/span><\/p>\n<p align=\"JUSTIFY\"><a name=\"cite_ref-mymovies_3-0\"><\/a> <span style=\"color: #000000\"><span style=\"font-family: Tahoma, sans-serif\"><span style=\"font-size: small\"><b>FRANCO BATTIATO<\/b><\/span><\/span><\/span><span style=\"color: #000000\"><span style=\"font-family: Tahoma, sans-serif\"><span style=\"font-size: small\"> &#8211; <\/span><\/span><\/span><span style=\"color: #000000\"><span style=\"font-family: Tahoma, sans-serif\"><span style=\"font-size: small\">Considerato tra le personalit\u00e0 pi\u00f9 importanti e influenti di tutto il panorama cantautorale italiano, si \u00e8 da sempre confrontato con molteplici stili musicali, combinandoli tra loro in un approccio <\/span><\/span><\/span><span style=\"color: #000000\"><span style=\"font-family: Tahoma, sans-serif\"><span style=\"font-size: small\">eclettico <\/span><\/span><\/span><span style=\"color: #000000\"><span style=\"font-family: Tahoma, sans-serif\"><span style=\"font-size: small\">e originale. Si va dagli inizi romantici degli anni sessanta, alla <\/span><\/span><\/span><span style=\"color: #000000\"><span style=\"font-family: Tahoma, sans-serif\"><span style=\"font-size: small\">musica sperimentale <\/span><\/span><\/span><span style=\"color: #000000\"><span style=\"font-family: Tahoma, sans-serif\"><span style=\"font-size: small\">dei settanta, passando per l&#8217;<\/span><\/span><\/span><span style=\"color: #000000\"><span style=\"font-family: Tahoma, sans-serif\"><span style=\"font-size: small\">avanguardia <\/span><\/span><\/span><span style=\"color: #000000\"><span style=\"font-family: Tahoma, sans-serif\"><span style=\"font-size: small\">colta, la <\/span><\/span><\/span><span style=\"color: #0000ff\"><span style=\"color: #000000\"><span style=\"font-family: Tahoma, sans-serif\"><span style=\"font-size: small\">musica etnica<\/span><\/span><\/span><\/span><span style=\"color: #000000\"><span style=\"font-family: Tahoma, sans-serif\"><span style=\"font-size: small\">, il <\/span><\/span><\/span><span style=\"color: #000000\"><span style=\"font-family: Tahoma, sans-serif\"><span style=\"font-size: small\">rock progressivo <\/span><\/span><\/span><span style=\"color: #000000\"><span style=\"font-family: Tahoma, sans-serif\"><span style=\"font-size: small\">e la <\/span><\/span><\/span><span style=\"color: #0000ff\"><span style=\"color: #000000\"><span style=\"font-family: Tahoma, sans-serif\"><span style=\"font-size: small\">musica leggera<\/span><\/span><\/span><\/span><span style=\"color: #000000\"><span style=\"font-family: Tahoma, sans-serif\"><span style=\"font-size: small\">, attraversando finch\u00e8 l&#8217;<\/span><\/span><\/span><span style=\"color: #000000\"><span style=\"font-family: Tahoma, sans-serif\"><span style=\"font-size: small\">opera <\/span><\/span><\/span><span style=\"color: #000000\"><span style=\"font-family: Tahoma, sans-serif\"><span style=\"font-size: small\">e la <\/span><\/span><\/span><span style=\"color: #0000ff\"><span style=\"color: #000000\"><span style=\"font-family: Tahoma, sans-serif\"><span style=\"font-size: small\">musica classica<\/span><\/span><\/span><\/span><span style=\"color: #000000\"><span style=\"font-family: Tahoma, sans-serif\"><span style=\"font-size: small\">.<\/span><\/span><\/span> <span style=\"color: #000000\"><span style=\"font-family: Tahoma, sans-serif\"><span style=\"font-size: small\">Ha sempre conseguito un grande successo di pubblico, avvalendosi sovente di collaboratori d&#8217;eccezione come il <\/span><\/span><\/span><span style=\"color: #000000\"><span style=\"font-family: Tahoma, sans-serif\"><span style=\"font-size: small\">violinista Giusto Pio <\/span><\/span><\/span><span style=\"color: #000000\"><span style=\"font-family: Tahoma, sans-serif\"><span style=\"font-size: small\">e il <\/span><\/span><\/span><span style=\"color: #000000\"><span style=\"font-family: Tahoma, sans-serif\"><span style=\"font-size: small\">filosofo Manlio Sgalambro <\/span><\/span><\/span><span style=\"color: #000000\"><span style=\"font-family: Tahoma, sans-serif\"><span style=\"font-size: small\">(coautore di molti suoi brani). Oltre alla musica, anche i testi riflettono i suoi molteplici interessi, tra i quali l&#8217;<\/span><\/span><\/span><span style=\"color: #0000ff\"><span style=\"color: #000000\"><span style=\"font-family: Tahoma, sans-serif\"><span style=\"font-size: small\">esoterismo<\/span><\/span><\/span><\/span><span style=\"color: #000000\"><span style=\"font-family: Tahoma, sans-serif\"><span style=\"font-size: small\">, la <\/span><\/span><\/span><span style=\"color: #0000ff\"><span style=\"color: #000000\"><span style=\"font-family: Tahoma, sans-serif\"><span style=\"font-size: small\">teoretica filosofica<\/span><\/span><\/span><\/span><span style=\"color: #000000\"><span style=\"font-family: Tahoma, sans-serif\"><span style=\"font-size: small\">, la <\/span><\/span><\/span><span style=\"color: #000000\"><span style=\"font-family: Tahoma, sans-serif\"><span style=\"font-size: small\">mistica sufi <\/span><\/span><\/span><span style=\"color: #000000\"><span style=\"font-family: Tahoma, sans-serif\"><span style=\"font-size: small\">e la <\/span><\/span><\/span><span style=\"color: #0000ff\"><span style=\"color: #000000\"><span style=\"font-family: Tahoma, sans-serif\"><span style=\"font-size: small\">meditazione orientale<\/span><\/span><\/span><\/span><span style=\"color: #000000\"><span style=\"font-family: Tahoma, sans-serif\"><span style=\"font-size: small\">.<\/span><\/span><\/span> <span style=\"color: #000000\"><span style=\"font-family: Tahoma, sans-serif\"><span style=\"font-size: small\">L&#8217;artista si \u00e8 cimentato in altri campi espressivi come la <\/span><\/span><\/span><span style=\"color: #0000ff\"><span style=\"color: #000000\"><span style=\"font-family: Tahoma, sans-serif\"><span style=\"font-size: small\">pittura <\/span><\/span><\/span><\/span><span style=\"color: #000000\"><span style=\"font-family: Tahoma, sans-serif\"><span style=\"font-size: small\">e il <\/span><\/span><\/span><span style=\"color: #0000ff\"><span style=\"color: #000000\"><span style=\"font-family: Tahoma, sans-serif\"><span style=\"font-size: small\">cinema<\/span><\/span><\/span><\/span><span style=\"color: #000000\"><span style=\"font-family: Tahoma, sans-serif\"><span style=\"font-size: small\">.<\/span><\/span><\/span> <span style=\"color: #000000\"><span style=\"font-family: Tahoma, sans-serif\"><span style=\"font-size: small\">\u00c8 uno tra gli artisti con il maggior numero di riconoscimenti da parte del <\/span><\/span><\/span><span style=\"color: #0000ff\"><span style=\"color: #000000\"><span style=\"font-family: Tahoma, sans-serif\"><span style=\"font-size: small\">Club Tenco<\/span><\/span><\/span><\/span><span style=\"color: #000000\"><span style=\"font-family: Tahoma, sans-serif\"><span style=\"font-size: small\">, con tre <\/span><\/span><\/span><span style=\"color: #0000ff\"><span style=\"color: #000000\"><span style=\"font-family: Tahoma, sans-serif\"><span style=\"font-size: small\">Targhe <\/span><\/span><\/span><\/span><span style=\"color: #000000\"><span style=\"font-family: Tahoma, sans-serif\"><span style=\"font-size: small\">ed un <\/span><\/span><\/span><span style=\"color: #0000ff\"><span style=\"color: #000000\"><span style=\"font-family: Tahoma, sans-serif\"><span style=\"font-size: small\">Premio Tenco<\/span><\/span><\/span><\/span><span style=\"color: #000000\"><span style=\"font-family: Tahoma, sans-serif\"><span style=\"font-size: small\">.<\/span><\/span><\/span><\/p>\n<p align=\"CENTER\"><span style=\"color: #000000\"><span style=\"font-family: Tahoma, sans-serif\"><span style=\"font-size: small\"><u><b>Info e contatti:<\/b><\/u><\/span><\/span><\/span><span style=\"color: #000000\"><span style=\"font-family: Tahoma, sans-serif\"><span style=\"font-size: small\"> LORENZO ABBATE<\/span><\/span><\/span><\/p>\n<p align=\"CENTER\"><span style=\"color: #000000\"><span style=\"font-family: Tahoma, sans-serif\"><span style=\"font-size: small\"><b>Tel.: <\/b><\/span><\/span><\/span><span style=\"color: #000000\"><span style=\"font-family: Tahoma, sans-serif\"><span style=\"font-size: small\">0141\/878529 &#8211; <\/span><\/span><\/span><span style=\"color: #000000\"><span style=\"font-family: Tahoma, sans-serif\"><span style=\"font-size: small\"><b>Fax: <\/b><\/span><\/span><\/span><span style=\"color: #000000\"><span style=\"font-family: Tahoma, sans-serif\"><span style=\"font-size: small\">0141\/877763 &#8211; <\/span><\/span><\/span><span style=\"color: #000000\"><span style=\"font-family: Tahoma, sans-serif\"><span style=\"font-size: small\"><b>Cell.: <\/b><\/span><\/span><\/span><span style=\"color: #000000\"><span style=\"font-family: Tahoma, sans-serif\"><span style=\"font-size: small\">339\/4477427<\/span><\/span><\/span><\/p>\n<p align=\"CENTER\">\n","protected":false},"excerpt":{"rendered":"<p>L\u2019edizione vedr\u00e0 protagonisti Sabato 22 Agosto i NEGRITA (\u20ac 25), Domenica 23 Agosto DEMO MORSELLI &amp; MARCELLO, Luned\u00ec 24 Agosto AREA 54 e PIAZZE IN PIAZZA (Rassegna di Cucine Regionali), Marted\u00ec 25 Agosto La Grande Notte del Ballo Occitano coi LOU DALFIN e lo spettacolo pirotecnico, Mercoled\u00ec 26 Agosto MORENO, Gioved\u00ec 27 Agosto KAMAFEI, Venerd\u00ec [&hellip;]<\/p>\n","protected":false},"author":47,"featured_media":0,"comment_status":"open","ping_status":"open","sticky":false,"template":"","format":"standard","meta":{"footnotes":""},"categories":[3,8,12],"tags":[587,586],"class_list":["post-440","post","type-post","status-publish","format-standard","hentry","category-arte-e-cultura","category-eventi","category-musica","tag-castagnole-delle-lanze","tag-festival-contro"],"_links":{"self":[{"href":"https:\/\/www.area-press.eu\/comunicatistampa\/wp-json\/wp\/v2\/posts\/440","targetHints":{"allow":["GET"]}}],"collection":[{"href":"https:\/\/www.area-press.eu\/comunicatistampa\/wp-json\/wp\/v2\/posts"}],"about":[{"href":"https:\/\/www.area-press.eu\/comunicatistampa\/wp-json\/wp\/v2\/types\/post"}],"author":[{"embeddable":true,"href":"https:\/\/www.area-press.eu\/comunicatistampa\/wp-json\/wp\/v2\/users\/47"}],"replies":[{"embeddable":true,"href":"https:\/\/www.area-press.eu\/comunicatistampa\/wp-json\/wp\/v2\/comments?post=440"}],"version-history":[{"count":2,"href":"https:\/\/www.area-press.eu\/comunicatistampa\/wp-json\/wp\/v2\/posts\/440\/revisions"}],"predecessor-version":[{"id":442,"href":"https:\/\/www.area-press.eu\/comunicatistampa\/wp-json\/wp\/v2\/posts\/440\/revisions\/442"}],"wp:attachment":[{"href":"https:\/\/www.area-press.eu\/comunicatistampa\/wp-json\/wp\/v2\/media?parent=440"}],"wp:term":[{"taxonomy":"category","embeddable":true,"href":"https:\/\/www.area-press.eu\/comunicatistampa\/wp-json\/wp\/v2\/categories?post=440"},{"taxonomy":"post_tag","embeddable":true,"href":"https:\/\/www.area-press.eu\/comunicatistampa\/wp-json\/wp\/v2\/tags?post=440"}],"curies":[{"name":"wp","href":"https:\/\/api.w.org\/{rel}","templated":true}]}}