{"id":43905,"date":"2019-09-20T19:31:48","date_gmt":"2019-09-20T17:31:48","guid":{"rendered":"https:\/\/www.area-press.eu\/comunicatistampa\/?p=43905"},"modified":"2019-09-20T19:31:48","modified_gmt":"2019-09-20T17:31:48","slug":"andrea-mascetti-a-malpensa24-fondazione-cariplo-cinque-milioni-per-varese","status":"publish","type":"post","link":"https:\/\/www.area-press.eu\/comunicatistampa\/2019\/09\/20\/andrea-mascetti-a-malpensa24-fondazione-cariplo-cinque-milioni-per-varese\/","title":{"rendered":"Andrea Mascetti a \u201cMalpensa24\u201d: Fondazione Cariplo, cinque milioni per Varese"},"content":{"rendered":"<p><em><strong>Il profilo formativo e professionale dell&#8217;avvocato <a href=\"https:\/\/andreamascetti.wordpress.com\/\" title=\"Andrea Mascetti - wordpress\">Andrea Mascetti<\/a>, nominato lo scorso giugno coordinatore della Commissione Arte e Cultura di Fondazione Cariplo.<\/strong> <\/em><\/p>\n<p><a href=\"https:\/\/andreamascetti.wordpress.com\/\" title=\"Andrea Mascetti: blog wordpress\"><img loading=\"lazy\" decoding=\"async\" alt=\"Andrea Mascetti\" height=\"151\" src=\"http:\/\/www.professionistieaziende.it\/andrea_mascetti\/andrea_mascetti.jpg\" width=\"120\" \/><\/a><\/p>\n<h2>&quot;Malpensa24&quot; intervista Andrea Mascetti, coordinatore della Commissione Arte e Cultura di Fondazione Cariplo<\/h2>\n<p>Da giugno \u00e8 coordinatore della Commissione Arte e Cultura di Fondazione Cariplo: l&#8217;avvocato <strong>Andrea Mascetti<\/strong> parla a &quot;Malpensa24&quot; di questo nuovo incarico e illustra attivit\u00e0 e investimenti dell&#8217;ente nei prossimi mesi. Cinque i milioni di euro destinati a progetti da realizzare a Varese e provincia: <em>&quot;Siamo impegnati su diversi fronti per inquadrare i temi pi\u00f9 importanti dei prossimi quattro anni&quot;<\/em>. Tra i primi <em>&quot;l&#8217;emergenza lettura&quot;<\/em>: <em>&quot;Nel nostro Paese sta diventando una rarit\u00e0. Oltre che con gli strumenti di lavoro gi\u00e0 presenti, vogliamo affrontarla con altri nuovi perch\u00e9 torni a essere centrale, soprattutto nella formazione culturale dei giovani&quot;<\/em>. Ma l&#8217;attenzione della Commissione \u00e8 rivolta anche al rapporto tra mondo del lavoro e cultura: <em>&quot;Non mi riferisco tanto agli operatori culturali della sfera associativa o del terzo settore, bens\u00ec a tutto il mondo che lavora attorno alla cultura. Per esempio artigiani che operano per il recupero di beni storici, oppure consulenti che sviluppano i progetti delle associazioni e le accompagnano. Anche in questo caso \u00e8 necessario trovare nuovi strumenti per sviluppare possibilit\u00e0 di lavoro&quot;<\/em>. E in questa prospettiva <strong>Andrea Mascetti<\/strong> guarda anche alla <em>&quot;rinascita delle librerie indipendenti, che un po&#8217; allargavano la coscienza del pubblico, o anche dei piccoli editori, di libri rari o creati in modo artigianale. Farebbero parte del nostro progetto di rilancio, che comprende anche i luoghi in cui si pu\u00f2 sviluppare la lettura&quot;<\/em>.<\/p>\n<h2>Ritratto formativo e professionale di Andrea Mascetti<\/h2>\n<p><strong><a href=\"https:\/\/andreamascetti.wordpress.com\/\" title=\"Andrea Mascetti, blog wordpress\">Andrea Mascetti<\/a><\/strong> nasce nel 1971 a Varese. Dopo il Liceo Classico, si iscrive all&#8217;Universit\u00e0 degli Studi di Milano dove frequenta la Facolt\u00e0 di Giurisprudenza. Laureatosi, intraprende il praticantato e supera l&#8217;Esame di Stato che gli permette di esercitare come avvocato: collabora inizialmente con lo Studio Legale Tributario associato a Ernst &amp; Young di Milano. Un&#8217;esperienza importante, che lo porta in seguito a decidere di intraprendere in autonomia il proprio percorso professionale. Nel 2004 fonda a Varese lo Studio Legale Mascetti, dove lavora tuttora. In parallelo, grazie anche alle solide competenze acquisite in materia di Legge 231, <strong>Andrea Mascetti<\/strong> ricopre il ruolo di Presidente o di membro in diversi Organismi di Vigilanza. Partecipa inoltre ad arbitrati civili e amministrativi circa appalti pubblici in qualit\u00e0 di arbitro o Avvocato di parte. <\/p>\n","protected":false},"excerpt":{"rendered":"<p>Il profilo formativo e professionale dell&#8217;avvocato Andrea Mascetti, nominato lo scorso giugno coordinatore della Commissione Arte e Cultura di Fondazione Cariplo. &quot;Malpensa24&quot; intervista Andrea Mascetti, coordinatore della Commissione Arte e Cultura di Fondazione Cariplo Da giugno \u00e8 coordinatore della Commissione Arte e Cultura di Fondazione Cariplo: l&#8217;avvocato Andrea Mascetti parla a &quot;Malpensa24&quot; di questo nuovo [&hellip;]<\/p>\n","protected":false},"author":40,"featured_media":0,"comment_status":"open","ping_status":"open","sticky":false,"template":"","format":"standard","meta":{"footnotes":""},"categories":[5],"tags":[22151],"class_list":["post-43905","post","type-post","status-publish","format-standard","hentry","category-aziendali","tag-andrea-mascetti"],"_links":{"self":[{"href":"https:\/\/www.area-press.eu\/comunicatistampa\/wp-json\/wp\/v2\/posts\/43905","targetHints":{"allow":["GET"]}}],"collection":[{"href":"https:\/\/www.area-press.eu\/comunicatistampa\/wp-json\/wp\/v2\/posts"}],"about":[{"href":"https:\/\/www.area-press.eu\/comunicatistampa\/wp-json\/wp\/v2\/types\/post"}],"author":[{"embeddable":true,"href":"https:\/\/www.area-press.eu\/comunicatistampa\/wp-json\/wp\/v2\/users\/40"}],"replies":[{"embeddable":true,"href":"https:\/\/www.area-press.eu\/comunicatistampa\/wp-json\/wp\/v2\/comments?post=43905"}],"version-history":[{"count":1,"href":"https:\/\/www.area-press.eu\/comunicatistampa\/wp-json\/wp\/v2\/posts\/43905\/revisions"}],"predecessor-version":[{"id":43906,"href":"https:\/\/www.area-press.eu\/comunicatistampa\/wp-json\/wp\/v2\/posts\/43905\/revisions\/43906"}],"wp:attachment":[{"href":"https:\/\/www.area-press.eu\/comunicatistampa\/wp-json\/wp\/v2\/media?parent=43905"}],"wp:term":[{"taxonomy":"category","embeddable":true,"href":"https:\/\/www.area-press.eu\/comunicatistampa\/wp-json\/wp\/v2\/categories?post=43905"},{"taxonomy":"post_tag","embeddable":true,"href":"https:\/\/www.area-press.eu\/comunicatistampa\/wp-json\/wp\/v2\/tags?post=43905"}],"curies":[{"name":"wp","href":"https:\/\/api.w.org\/{rel}","templated":true}]}}