{"id":43897,"date":"2019-09-20T19:31:48","date_gmt":"2019-09-20T17:31:48","guid":{"rendered":"https:\/\/www.area-press.eu\/comunicatistampa\/?p=43897"},"modified":"2019-09-20T19:31:48","modified_gmt":"2019-09-20T17:31:48","slug":"tutti-pronti-per-la-ferrara-marathon","status":"publish","type":"post","link":"https:\/\/www.area-press.eu\/comunicatistampa\/2019\/09\/20\/tutti-pronti-per-la-ferrara-marathon\/","title":{"rendered":"Tutti pronti per la Ferrara Marathon!"},"content":{"rendered":"<p><img loading=\"lazy\" decoding=\"async\" class=\"alignleft\" src=\"https:\/\/s3-eu-west-1.amazonaws.com\/estensemedialibrary\/wp-content\/uploads\/2019\/08\/28134630\/Ferrara-Marathon-foto-di-Pierluigi-Benini-420x303.jpg\" alt=\"\" width=\"420\" height=\"303\" \/>Anche quest\u2019anno <strong>Ferrara<\/strong> diventa per un giorno la capitale italiana per tutti gli appassionati della corsa. <strong>Domenica 29 settembre<\/strong> \u00e8 in programma la <strong>Ferrara Marathon<\/strong>, una gara podistica organizzata dalla Corriferrara A.S.D. Questa sar\u00e0 la gara principale e si svilupper\u00e0 per ben 42 chilometri. La partenza sar\u00e0 proprio sotto il Castello Estense, i maratoneti proseguiranno poi fuori le mura della citt\u00e0, lungo gli argini della Destra Po per poi tornare, sempre all\u2019interno delle mura, proprio sotto la Cattedrale Di Ferrara. Questo percorso \u00e8 riservato agli atleti semi-professionisti e professionisti ed \u00e8 un tragitto pensato anche per portare alla luce le bellezze delle citt\u00e0 e dei dintorni, sia da un punto di vista storico che naturalistico.<\/p>\n<p>Parallelamente a questa competizione ci saranno altre gare a carattere non competitivo, come la <strong>Family Run<\/strong> di 6,5 chilometri. Spazio anche per i pi\u00f9 piccoli, a loro sar\u00e0 riservata la giornata di sabato 28 settembre con la <strong>Kid\u2019s Run NaturaSi<\/strong>. Tre percorsi differenti per ogni fascia di et\u00e0, a tutti i bambini sar\u00e0 data la medaglia di partecipazione, la maglietta ufficiale della Fearrara Marathon Kid\u2019s e il ristoro a fine corsa a base di prodotti biologici offerti da NaturaSi. Le preiscrizioni sono obbligatorie perch\u00e9 il numero massimo di bimbi \u00e8 centocinquanta.<\/p>\n<p>Questa occasione potrebbe essere buona anche per concedersi un\u2019ultima giornata al mare, nei bellissimi <strong>Lidi Ferraresi.<\/strong> Spiagge silenziose ed un mare pulito, un caldo sole autunnale e tutta la tranquillit\u00e0 e bellezza di una giornata assolata di fine estate. Anche per <strong>un long week-end la combo Ferrara Marathon e qualche giornata di mare<\/strong> ai Lidi Ferraresi potrebbe essere un\u2019ottima idea. Nel sito web dell\u2019Agenzia Immobiliare Evasione \u00e8 possibile trovare molte offerte interessanti: <a href=\"https:\/\/www.immobiliareevasione.it\/\">https:\/\/www.immobiliareevasione.it\/<\/a>.<\/p>\n","protected":false},"excerpt":{"rendered":"<p>Anche quest\u2019anno Ferrara diventa per un giorno la capitale italiana per tutti gli appassionati della corsa. Domenica 29 settembre \u00e8 in programma la Ferrara Marathon, una gara podistica organizzata dalla Corriferrara A.S.D. Questa sar\u00e0 la gara principale e si svilupper\u00e0 per ben 42 chilometri. La partenza sar\u00e0 proprio sotto il Castello Estense, i maratoneti proseguiranno [&hellip;]<\/p>\n","protected":false},"author":5192,"featured_media":0,"comment_status":"open","ping_status":"open","sticky":false,"template":"","format":"standard","meta":{"footnotes":""},"categories":[3,4],"tags":[],"class_list":["post-43897","post","type-post","status-publish","format-standard","hentry","category-arte-e-cultura","category-attualita-e-societa"],"_links":{"self":[{"href":"https:\/\/www.area-press.eu\/comunicatistampa\/wp-json\/wp\/v2\/posts\/43897","targetHints":{"allow":["GET"]}}],"collection":[{"href":"https:\/\/www.area-press.eu\/comunicatistampa\/wp-json\/wp\/v2\/posts"}],"about":[{"href":"https:\/\/www.area-press.eu\/comunicatistampa\/wp-json\/wp\/v2\/types\/post"}],"author":[{"embeddable":true,"href":"https:\/\/www.area-press.eu\/comunicatistampa\/wp-json\/wp\/v2\/users\/5192"}],"replies":[{"embeddable":true,"href":"https:\/\/www.area-press.eu\/comunicatistampa\/wp-json\/wp\/v2\/comments?post=43897"}],"version-history":[{"count":1,"href":"https:\/\/www.area-press.eu\/comunicatistampa\/wp-json\/wp\/v2\/posts\/43897\/revisions"}],"predecessor-version":[{"id":43898,"href":"https:\/\/www.area-press.eu\/comunicatistampa\/wp-json\/wp\/v2\/posts\/43897\/revisions\/43898"}],"wp:attachment":[{"href":"https:\/\/www.area-press.eu\/comunicatistampa\/wp-json\/wp\/v2\/media?parent=43897"}],"wp:term":[{"taxonomy":"category","embeddable":true,"href":"https:\/\/www.area-press.eu\/comunicatistampa\/wp-json\/wp\/v2\/categories?post=43897"},{"taxonomy":"post_tag","embeddable":true,"href":"https:\/\/www.area-press.eu\/comunicatistampa\/wp-json\/wp\/v2\/tags?post=43897"}],"curies":[{"name":"wp","href":"https:\/\/api.w.org\/{rel}","templated":true}]}}