{"id":43885,"date":"2019-09-20T19:31:47","date_gmt":"2019-09-20T17:31:47","guid":{"rendered":"https:\/\/www.area-press.eu\/comunicatistampa\/?p=43885"},"modified":"2019-09-20T19:31:47","modified_gmt":"2019-09-20T17:31:47","slug":"9-festival-nazionale-della-fotografia-ucop-2019","status":"publish","type":"post","link":"https:\/\/www.area-press.eu\/comunicatistampa\/2019\/09\/20\/9-festival-nazionale-della-fotografia-ucop-2019\/","title":{"rendered":"9\u00b0 Festival Nazionale della Fotografia | UCOP 2019"},"content":{"rendered":"<h1>9\u00b0 Festival Nazionale della Fotografia | UCOP 2019<\/h1>\n<p><i>UCOP &#8211; United Colors of Photography<br \/>\nApre i battenti venerd\u00ec 4 ottobre presso l&#8217;Hotel Bellavista di Roseto degli Abruzzi.<br \/>\nPi\u00f9 di 400 foto in mostra e tantissimi workshop e seminari. Trentaquattro foto di grandi artisti della fotografia italiana.<\/i><\/p>\n<p>9\u00b0 Festival Nazionale della Fotografia | United Colors Of Photography | UCOP 2019<\/p>\n<p>Dal 4 al 6 ottobre 2019 presso l\u2019Hotel Bellavista di Roseto degli Abruzzi, L.mare Trento 75.<br \/>\nCon l\u2019alto patrocinio della Regione Abruzzo, il patrocinio della Provincia di Teramo e del Comune di Roseto degli Abruzzi.<\/p>\n<p>Organizzatore:<br \/>\nDomenico Addotta: (Associazione Nazionale Domiad Photo Network)<br \/>\nCo-organizzatore:<br \/>\nMarco Cimorosi: (TDA Scuola Fotografica Roseto).<\/p>\n<p>La nona edizione di uno degli eventi fotografici pi\u00f9 importanti d\u2019Italia, si annuncia davvero interessante, con un programma ricco di speciali attivit\u00e0 e ospiti di fama mondiale.<br \/>\nTre giorni davvero intensi, che dai feedback delle migliaia di partecipanti alle precedenti edizioni appagheranno largamente le attese.<br \/>\nTra gli ospiti d\u2019onore e relatori d\u2019incontri con l\u2019autore, ci saranno Saro Di Bartolo, Tony Gentile e Marco Rigamonti.<\/p>\n<p>Saro Di Bartolo \u00e8 un fotografo d\u2019eccezione, autore di numerosi reportage in tutto il mondo tra cui spicca una delle sue ultime produzioni \u201cBangladesh\u201d. Saro \u00e8 stato inoltre traduttore ufficiale a fianco di personaggi del calibro di: Christian Barnard, George Bush, Mikhail Gorbaciov, Henry Kissinger, Javier Perez de Cuellar, Sting e tantissimi altri.<br \/>\nLe sue immagini si distinguono per il valore compositivo, lo scrupolo nella ricerca dell\u2019inquadratura migliore, la cura di ogni dettaglio. Nel corso dei suoi viaggi ha raccolto un ricco patrimonio d\u2019immagini, frutto d\u2019intuizione e sensibilit\u00e0. Quando la fotografia raggiunge tali livelli, diventa pura espressione artistica.<\/p>\n<p>Tony Gentile \u00e8 un fotogiornalista siciliano da oltre 30 anni diventato famoso per le foto che ritraggono i giudici Falcone e Borsellino a lavoro sorridenti, uno scatto che ormai \u00e8 divenuto un simbolo della loro eterna amicizia. Avremo il piacere di ascoltarlo mentre racconter\u00e0 il suo vissuto e come e cosa \u00e8 cambiato nel fotogiornalismo rispetto al passato.<\/p>\n<p>Marco Rigamonti \u00e8 un fotografo molto creativo e poliedrico. Tra i vari premi ricevuti menzioniamo: a Barcellona il First prize, Italian Wedding Photography all\u2019AGFA European Portrait Award; al Galerie d&#8217;Essai Award durante i Rencontres de la Photographie ad Arles. Sono moltissime le mostre ed esposizioni in Italia, Francia e Cina, Germania, Slovacchia e altre nazioni.<br \/>\nInoltre \u00e8 autore di quattro libri fotografici e direttore artistico\/curatore con Fotosintesi, Festival Internazionale di Fotografia. Due sue foto hanno fatto parte della &#8220;International Polaroid Collection&#8221; di Boston.<\/p>\n<p>I workshop presenti nella kermesse fotografica sono davvero tanti: Ritratto, danza, natura e paesaggio, food photography, still-life, fotografia notturna, fotografia astronomica, infrarosso, architettura, wedding, videomaking e reportage fotogiornalismo.<br \/>\nSono in programma uscite fotografiche nelle bellezze naturali d\u2019Abruzzo con workshop pratici sul campo.<br \/>\nAd arricchire l\u2019evento varie mostre personali e collettive con pi\u00f9 di 400 immagini in esposizione per u totale di 80 autori.<\/p>\n<p>Si avr\u00e0 l\u2019opportunit\u00e0 di toccare con mano e provare moltissime novit\u00e0 nell\u2019ambito fotografico grazie alla presenza ufficiale di Canon, Sony, Nisi e alla rete nazionale di negozi di Universo Foto con i propri brand dedicati all\u2019accessoristica.<br \/>\nGrazie alla presenza di Camera Service Roma, si avr\u00e0 la possibilit\u00e0 di fare una pulizia gratuita del sensore delle proprie reflex. Si potr\u00e0 inoltre stampare le proprie foto ad altissima risoluzione.<br \/>\nL\u2019invito quindi \u00e8 di non mancare e non farsi sfuggire nessun particolare offerto dal Festival Nazionale della Fotografia.<\/p>\n<p>Di seguito l\u2019elenco dei relatori:<br \/>\nSaro Di Bartolo, Tony Gentile, Marco Rigamonti, Raffaele Ingegno, Roberto Grano, Marcello Machelli, Enzo Maniccia, Giovanni Giuliani, Omar Sospiri, Mauro Tronto, Gaspare Silverii, Simone Durante, Giovanni Albani Lattanzi, Francesco De Marco, Emanuele Brizioli, Andrea Benedetti, Stefano Snaidero, Luca Zaffanella.<\/p>\n<p><b>Link:<\/b>\u00a0<a href=\"http:\/\/www.ucop.it\/\" target=\"_blank\" rel=\"noopener noreferrer\">http:\/\/www.ucop.it<\/a><\/p>\n<p>&nbsp;<\/p>\n","protected":false},"excerpt":{"rendered":"<p>9\u00b0 Festival Nazionale della Fotografia | UCOP 2019 UCOP &#8211; United Colors of Photography Apre i battenti venerd\u00ec 4 ottobre presso l&#8217;Hotel Bellavista di Roseto degli Abruzzi. Pi\u00f9 di 400 foto in mostra e tantissimi workshop e seminari. Trentaquattro foto di grandi artisti della fotografia italiana. 9\u00b0 Festival Nazionale della Fotografia | United Colors Of [&hellip;]<\/p>\n","protected":false},"author":5899,"featured_media":0,"comment_status":"open","ping_status":"open","sticky":false,"template":"","format":"standard","meta":{"footnotes":""},"categories":[29],"tags":[],"class_list":["post-43885","post","type-post","status-publish","format-standard","hentry","category-comunicati"],"_links":{"self":[{"href":"https:\/\/www.area-press.eu\/comunicatistampa\/wp-json\/wp\/v2\/posts\/43885","targetHints":{"allow":["GET"]}}],"collection":[{"href":"https:\/\/www.area-press.eu\/comunicatistampa\/wp-json\/wp\/v2\/posts"}],"about":[{"href":"https:\/\/www.area-press.eu\/comunicatistampa\/wp-json\/wp\/v2\/types\/post"}],"author":[{"embeddable":true,"href":"https:\/\/www.area-press.eu\/comunicatistampa\/wp-json\/wp\/v2\/users\/5899"}],"replies":[{"embeddable":true,"href":"https:\/\/www.area-press.eu\/comunicatistampa\/wp-json\/wp\/v2\/comments?post=43885"}],"version-history":[{"count":1,"href":"https:\/\/www.area-press.eu\/comunicatistampa\/wp-json\/wp\/v2\/posts\/43885\/revisions"}],"predecessor-version":[{"id":43886,"href":"https:\/\/www.area-press.eu\/comunicatistampa\/wp-json\/wp\/v2\/posts\/43885\/revisions\/43886"}],"wp:attachment":[{"href":"https:\/\/www.area-press.eu\/comunicatistampa\/wp-json\/wp\/v2\/media?parent=43885"}],"wp:term":[{"taxonomy":"category","embeddable":true,"href":"https:\/\/www.area-press.eu\/comunicatistampa\/wp-json\/wp\/v2\/categories?post=43885"},{"taxonomy":"post_tag","embeddable":true,"href":"https:\/\/www.area-press.eu\/comunicatistampa\/wp-json\/wp\/v2\/tags?post=43885"}],"curies":[{"name":"wp","href":"https:\/\/api.w.org\/{rel}","templated":true}]}}