{"id":43818,"date":"2019-09-18T10:04:20","date_gmt":"2019-09-18T08:04:20","guid":{"rendered":"https:\/\/www.area-press.eu\/comunicatistampa\/?p=43818"},"modified":"2019-09-18T10:04:20","modified_gmt":"2019-09-18T08:04:20","slug":"tempocasa-nomina-valerio-vacca-direttore-della-comunicazione","status":"publish","type":"post","link":"https:\/\/www.area-press.eu\/comunicatistampa\/2019\/09\/18\/tempocasa-nomina-valerio-vacca-direttore-della-comunicazione\/","title":{"rendered":"Tempocasa nomina Valerio Vacca Direttore della Comunicazione\u00a0"},"content":{"rendered":"<p><a href=\"https:\/\/www.tempocasa.it\/it\"><strong>Tempocasa<\/strong><\/a>, leader nell\u2019intermediazione immobiliare con oltre 400 punti vendita in tutta Italia, annuncia la nomina di <strong>Valerio Vacca\u00a0<\/strong>a <strong>Direttore della Comunicazione\u00a0<\/strong>con decorrenza da settembre 2019. Milanese, 37 anni, Valerio Vacca coordiner\u00e0 le attivit\u00e0 di comunicazione e il Centro Studi di Tempocasa, con riporto diretto alla Presidenza.<\/p>\n<p>Valerio Vacca vanta oltre 18 anni di esperienza nel settore immobiliare. In Tempocasa inizia la sua carriera lavorativa \u2013 come consulente immobiliare \u2013 nel 2001. Qui intraprende un percorso di crescita che lo porter\u00e0 a ricoprire ruoli di crescente responsabilit\u00e0 all\u2019interno dell\u2019azienda, dalla gestione dei punti vendita all\u2019organizzazione degli eventi aziendali, dalla valorizzazione del personale al coordinamento del marketing.<\/p>\n<p>Con la nomina del manager, la societ\u00e0 guidata dai tre soci fondatori Flavio Ferrari, Mileto Ferra e Nicola Caninorafforza il proprio management e prosegue l\u2019impegno nella crescita, con l\u2019obiettivo di raggiungere un totale di 500 agenzie entro il 2022.<\/p>\n<p>Commenta Valerio Vacca: \u201cVoglio ringraziare Daniele Palermo, supervisor del Gruppo e la propriet\u00e0 per la fiducia che mi \u00e8 stata accordata. Nel corso degli ultimi anni Tempocasa \u00e8 cresciuta fino a superare i 400 uffici sul territorio nazionale e si \u00e8 affermata come una realt\u00e0 solida e affidabile. Una grande crescita, che deve essere accompagnata da un grande lavoro di comunicazione, finalizzato a incrementare la visibilit\u00e0 del brand e a trasmetterne i valori in modo efficace\u201d.<\/p>\n","protected":false},"excerpt":{"rendered":"<p>Tempocasa, leader nell\u2019intermediazione immobiliare con oltre 400 punti vendita in tutta Italia, annuncia la nomina di Valerio Vacca\u00a0a Direttore della Comunicazione\u00a0con decorrenza da settembre 2019. Milanese, 37 anni, Valerio Vacca coordiner\u00e0 le attivit\u00e0 di comunicazione e il Centro Studi di Tempocasa, con riporto diretto alla Presidenza. Valerio Vacca vanta oltre 18 anni di esperienza nel [&hellip;]<\/p>\n","protected":false},"author":4629,"featured_media":0,"comment_status":"open","ping_status":"open","sticky":false,"template":"","format":"standard","meta":{"footnotes":""},"categories":[7],"tags":[24596],"class_list":["post-43818","post","type-post","status-publish","format-standard","hentry","category-economia-e-finanza","tag-tempocasa"],"_links":{"self":[{"href":"https:\/\/www.area-press.eu\/comunicatistampa\/wp-json\/wp\/v2\/posts\/43818","targetHints":{"allow":["GET"]}}],"collection":[{"href":"https:\/\/www.area-press.eu\/comunicatistampa\/wp-json\/wp\/v2\/posts"}],"about":[{"href":"https:\/\/www.area-press.eu\/comunicatistampa\/wp-json\/wp\/v2\/types\/post"}],"author":[{"embeddable":true,"href":"https:\/\/www.area-press.eu\/comunicatistampa\/wp-json\/wp\/v2\/users\/4629"}],"replies":[{"embeddable":true,"href":"https:\/\/www.area-press.eu\/comunicatistampa\/wp-json\/wp\/v2\/comments?post=43818"}],"version-history":[{"count":1,"href":"https:\/\/www.area-press.eu\/comunicatistampa\/wp-json\/wp\/v2\/posts\/43818\/revisions"}],"predecessor-version":[{"id":43820,"href":"https:\/\/www.area-press.eu\/comunicatistampa\/wp-json\/wp\/v2\/posts\/43818\/revisions\/43820"}],"wp:attachment":[{"href":"https:\/\/www.area-press.eu\/comunicatistampa\/wp-json\/wp\/v2\/media?parent=43818"}],"wp:term":[{"taxonomy":"category","embeddable":true,"href":"https:\/\/www.area-press.eu\/comunicatistampa\/wp-json\/wp\/v2\/categories?post=43818"},{"taxonomy":"post_tag","embeddable":true,"href":"https:\/\/www.area-press.eu\/comunicatistampa\/wp-json\/wp\/v2\/tags?post=43818"}],"curies":[{"name":"wp","href":"https:\/\/api.w.org\/{rel}","templated":true}]}}