{"id":43743,"date":"2019-09-16T22:09:07","date_gmt":"2019-09-16T20:09:07","guid":{"rendered":"https:\/\/www.area-press.eu\/comunicatistampa\/?p=43743"},"modified":"2019-09-16T22:09:07","modified_gmt":"2019-09-16T20:09:07","slug":"il-barcelo-gourmet-festival-celebra-la-quinta-edizione","status":"publish","type":"post","link":"https:\/\/www.area-press.eu\/comunicatistampa\/2019\/09\/16\/il-barcelo-gourmet-festival-celebra-la-quinta-edizione\/","title":{"rendered":"Il Barcel\u00f3 Gourmet Festival celebra la quinta edizione"},"content":{"rendered":"<p><em>Fino al 15 settembre il Barcel\u00f3 Maya Grand Resort ospita <\/em><\/p>\n<p><em>il Barcel\u00f3 Gourmet Festival, uno degli eventi gastronomici pi\u00f9 prestigiosi della Riviera Maya in Messico<\/em><\/p>\n<p><em>\u00a0<\/em><\/p>\n<p>Milano, 13 settembre 2019 &#8211; Il Barcel\u00f3 Maya Grand Resort, uno dei pi\u00f9 completi centri di vacanza della Riviera Maya in Messico, ha celebrato la quinta edizione del Barcel\u00f3 Gourmet Festival, un incontro gastronomico che riunisce per una settimana grandi chef della cucina tradizionale e moderna messicana.<\/p>\n<p>&nbsp;<\/p>\n<p>Fino al 15 settembre, i clienti dei 5 hotel che compongono questo spettacolare resort hanno potuto degustare le creazioni di chef prestigiosi come <strong>Alejandro S\u00e1nchez<\/strong>, direttore gastronomico del Royal Hideaway Playacar Hotel; <strong>Maximiliano Sola<\/strong>, Executive Chef del ristorante Passion di Martin Berasategui; gli chef<strong>Ryan Steyn <\/strong>e<strong>Mart\u00edn San Rom\u00e1n<\/strong>in rappresentanza di Baja California; <strong>Salvador Orozco<\/strong>, chef creativo del gruppo Bull &amp; Tank; <strong>Pedro Abascal<\/strong>, chef del ristorante Primo di Playa del Carmen; gli chef <strong>Israel Loyola, Roberto Sol\u00eds e Pablo Salas<\/strong>, riferimenti per l\u2019alta cucina messicana contempor\u00e1nea e lo chef <strong>Darren Walsh<\/strong>, che offre una combinazione inaspettata di sapori e presentazioni grazie all&#8217;uso di tecniche sperimentali che valorizzano al meglio ogni ingrediente. Ciliegina sulla torta , gli chef esecutivi del Barcel\u00f3 Maya Grand Resort, <strong>Julio Reyes, Jos\u00e9 Manuel Diego e Alejandro L\u00f3pez<\/strong>, parteciperanno alla cena di chiusura del Gourmet Festival che si svolger\u00e0 domenica 15 settembre.<\/p>\n<p>&nbsp;<\/p>\n<p>Per presentare l&#8217;evento, il resort ha ospitato un bellissimo spettacolo, che sotto il titolo &#8220;Mexico Tour&#8221; ha combinato un ricco campionario di musica e folklore messicano, soprattutto dagli stati di Jalisco, Veracruz e Oaxaca, tra gli altri.<\/p>\n<p>&nbsp;<\/p>\n<p>Rafael Medina, direttore generale del complesso Barcel\u00f3 Maya Grand Resort, ha dichiarato &#8220;Al Barcel\u00f3 Maya Grand Resort abbiamo un impegno costante per l&#8217;offerta gastronomica. I nostri 11 ristoranti di specialit\u00e0, buffet e grigliate cercano di sedurre i palati dei nostri ospiti, ma con questo festival vogliamo andare oltre con 8 cene in coppia con chef di fama internazionale, portando alla nostra struttura un&#8217;offerta culinaria senza pari.<\/p>\n<p>&nbsp;<\/p>\n<p><strong>Informazioni su Barcel\u00f3 Maya Grand Resort<\/strong><\/p>\n<p>Con 2.760 camere distribuite in 5 hotel, il Barcel\u00f3 Maya Grand Resort \u00e8 il pi\u00f9 grande complesso alberghiero di Barcel\u00f3 Hotel Group in Messico. A dicembre 2019 la catena inaugurer\u00e0 un sesto hotel, la Barcel\u00f3 Maya Riviera, che si concentrer\u00e0 sul pubblico adulto e avr\u00e0 850 camere, tutte con vasca idromassaggio sulla terrazza, molte delle quali con vista spettacolare sul Mar dei Caraibi.<\/p>\n<p><strong>\u00a0<\/strong><\/p>\n<p><strong>\u00a0<\/strong><\/p>\n<p><strong>\u00a0<\/strong><\/p>\n<p>&nbsp;<\/p>\n","protected":false},"excerpt":{"rendered":"<p>Fino al 15 settembre il Barcel\u00f3 Maya Grand Resort ospita il Barcel\u00f3 Gourmet Festival, uno degli eventi gastronomici pi\u00f9 prestigiosi della Riviera Maya in Messico \u00a0 Milano, 13 settembre 2019 &#8211; Il Barcel\u00f3 Maya Grand Resort, uno dei pi\u00f9 completi centri di vacanza della Riviera Maya in Messico, ha celebrato la quinta edizione del Barcel\u00f3 [&hellip;]<\/p>\n","protected":false},"author":4629,"featured_media":0,"comment_status":"open","ping_status":"open","sticky":false,"template":"","format":"standard","meta":{"footnotes":""},"categories":[29],"tags":[],"class_list":["post-43743","post","type-post","status-publish","format-standard","hentry","category-comunicati"],"_links":{"self":[{"href":"https:\/\/www.area-press.eu\/comunicatistampa\/wp-json\/wp\/v2\/posts\/43743","targetHints":{"allow":["GET"]}}],"collection":[{"href":"https:\/\/www.area-press.eu\/comunicatistampa\/wp-json\/wp\/v2\/posts"}],"about":[{"href":"https:\/\/www.area-press.eu\/comunicatistampa\/wp-json\/wp\/v2\/types\/post"}],"author":[{"embeddable":true,"href":"https:\/\/www.area-press.eu\/comunicatistampa\/wp-json\/wp\/v2\/users\/4629"}],"replies":[{"embeddable":true,"href":"https:\/\/www.area-press.eu\/comunicatistampa\/wp-json\/wp\/v2\/comments?post=43743"}],"version-history":[{"count":1,"href":"https:\/\/www.area-press.eu\/comunicatistampa\/wp-json\/wp\/v2\/posts\/43743\/revisions"}],"predecessor-version":[{"id":43744,"href":"https:\/\/www.area-press.eu\/comunicatistampa\/wp-json\/wp\/v2\/posts\/43743\/revisions\/43744"}],"wp:attachment":[{"href":"https:\/\/www.area-press.eu\/comunicatistampa\/wp-json\/wp\/v2\/media?parent=43743"}],"wp:term":[{"taxonomy":"category","embeddable":true,"href":"https:\/\/www.area-press.eu\/comunicatistampa\/wp-json\/wp\/v2\/categories?post=43743"},{"taxonomy":"post_tag","embeddable":true,"href":"https:\/\/www.area-press.eu\/comunicatistampa\/wp-json\/wp\/v2\/tags?post=43743"}],"curies":[{"name":"wp","href":"https:\/\/api.w.org\/{rel}","templated":true}]}}