{"id":43735,"date":"2019-09-15T21:50:00","date_gmt":"2019-09-15T19:50:00","guid":{"rendered":"https:\/\/www.area-press.eu\/comunicatistampa\/?p=43735"},"modified":"2019-09-15T21:50:00","modified_gmt":"2019-09-15T19:50:00","slug":"gli-ultimi-guerrieri-nuovo-libro-verita-dalla-parte-dei-nativi-americani","status":"publish","type":"post","link":"https:\/\/www.area-press.eu\/comunicatistampa\/2019\/09\/15\/gli-ultimi-guerrieri-nuovo-libro-verita-dalla-parte-dei-nativi-americani\/","title":{"rendered":"Gli Ultimi Guerrieri, nuovo libro-verit\u00e0 dalla parte dei Nativi Americani"},"content":{"rendered":"<p>E\u2019 in uscita \u201cGli Ultimi Guerrieri. Viaggio nelle Riserve Indiane\u201d, il sesto libro<\/p>\n<p>della attivista Raffaella Milandri, che racconta un viaggio-inchiesta tra i popoli<\/p>\n<p>Nativi Americani anticamente nemici: i Sioux-Lakota e i Crow, che si affrontarono<\/p>\n<p>nella famosa battaglia del Little Big Horn. Mentre i Lakota combattevano per la libert\u00e0,<\/p>\n<p>i Crow si erano alleati con Custer e l\u2019Uomo Bianco. Come vivono oggi queste due trib\u00f9,<\/p>\n<p>dopo anni di vita nelle riserve indiane? La Milandri, membro adottivo della trib\u00f9 Crow,<\/p>\n<p>racconta di riunioni segrete e suggestivi pow wow, e nel suo libro accende i riflettori<\/p>\n<p>sulla lotta odierna dei Lakota: sulle loro terre sacre, le Black Hills, incombono oleodotti,<\/p>\n<p>miniere di uranio e d\u2019oro. Una battaglia senza arco e frecce, ma con tanta determinazione<\/p>\n<p>da parte degli Uomini Rossi per difendere l\u2019ambiente e la propria identit\u00e0. La Milandri si<\/p>\n<p>schiera dalla parte dei Fratelli Rossi, dipingendo un Davide Nativo Americano contro il<\/p>\n<p>Golia rappresentato dalla avidit\u00e0 senza fine di governi e multinazionali. Nei suoi libri<\/p>\n<p>Raffaella Milandri promuove la cultura e i diritti umani dei Popoli Indigeni, che vivono<\/p>\n<p>ai margini del \u201cProgresso\u201d, ma i cui microcosmi sociali e culturali rappresentano esempi<\/p>\n<p>preziosi di convivenza pacifica ed ecosostenibile. Scrittrice e giornalista, fotografa umanitaria<\/p>\n<p>e viaggiatrice in solitaria, Raffaella Milandri, attivista per i diritti umani dei popoli indigeni,<\/p>\n<p>\u00e8 membro onorario della Four Winds Cherokee Tribe in Louisiana e della trib\u00f9 Crow in Montana.<\/p>\n<p>Come viaggiatrice solitaria \u00e8 stata accolta da trib\u00f9 nei pi\u00f9 remoti angoli di mondo.<\/p>\n<p>Il suo \u201cLiberi di non Comprare\u201d, dopo aver ricevuto diversi premi, \u00e8 appena uscito in seconda edizione.<br \/>\nHa pubblicato: Io e i Pigmei. Cronache di una donna nella Foresta (Polaris 2011);<\/p>\n<p>La mia Trib\u00f9. Storie autentiche di Indiani d&#8217;America (Polaris 2013);<\/p>\n<p>In India. Cronache per veri viaggiatori (Mauna Kea 2019, seconda edizione in uscita ottobre 2019);<\/p>\n<p>In Alaska. Il Paese degli Uomini Liberi (Mauna Kea 2019, seconda edizione in uscita ottobre 2019);<\/p>\n<p>Liberi di non Comprare. Un invito alla Rivoluzione (Mauna Kea 2019, seconda edizione);<\/p>\n<p>Gli Ultimi Guerrieri. Viaggio nelle Riserve Indiane (Mauna Kea 2019).<\/p>\n","protected":false},"excerpt":{"rendered":"<p>E\u2019 in uscita \u201cGli Ultimi Guerrieri. Viaggio nelle Riserve Indiane\u201d, il sesto libro della attivista Raffaella Milandri, che racconta un viaggio-inchiesta tra i popoli Nativi Americani anticamente nemici: i Sioux-Lakota e i Crow, che si affrontarono nella famosa battaglia del Little Big Horn. Mentre i Lakota combattevano per la libert\u00e0, i Crow si erano alleati [&hellip;]<\/p>\n","protected":false},"author":4363,"featured_media":0,"comment_status":"open","ping_status":"open","sticky":false,"template":"","format":"standard","meta":{"footnotes":""},"categories":[29],"tags":[],"class_list":["post-43735","post","type-post","status-publish","format-standard","hentry","category-comunicati"],"_links":{"self":[{"href":"https:\/\/www.area-press.eu\/comunicatistampa\/wp-json\/wp\/v2\/posts\/43735","targetHints":{"allow":["GET"]}}],"collection":[{"href":"https:\/\/www.area-press.eu\/comunicatistampa\/wp-json\/wp\/v2\/posts"}],"about":[{"href":"https:\/\/www.area-press.eu\/comunicatistampa\/wp-json\/wp\/v2\/types\/post"}],"author":[{"embeddable":true,"href":"https:\/\/www.area-press.eu\/comunicatistampa\/wp-json\/wp\/v2\/users\/4363"}],"replies":[{"embeddable":true,"href":"https:\/\/www.area-press.eu\/comunicatistampa\/wp-json\/wp\/v2\/comments?post=43735"}],"version-history":[{"count":1,"href":"https:\/\/www.area-press.eu\/comunicatistampa\/wp-json\/wp\/v2\/posts\/43735\/revisions"}],"predecessor-version":[{"id":43736,"href":"https:\/\/www.area-press.eu\/comunicatistampa\/wp-json\/wp\/v2\/posts\/43735\/revisions\/43736"}],"wp:attachment":[{"href":"https:\/\/www.area-press.eu\/comunicatistampa\/wp-json\/wp\/v2\/media?parent=43735"}],"wp:term":[{"taxonomy":"category","embeddable":true,"href":"https:\/\/www.area-press.eu\/comunicatistampa\/wp-json\/wp\/v2\/categories?post=43735"},{"taxonomy":"post_tag","embeddable":true,"href":"https:\/\/www.area-press.eu\/comunicatistampa\/wp-json\/wp\/v2\/tags?post=43735"}],"curies":[{"name":"wp","href":"https:\/\/api.w.org\/{rel}","templated":true}]}}