{"id":43688,"date":"2019-09-15T19:30:00","date_gmt":"2019-09-15T17:30:00","guid":{"rendered":"https:\/\/www.area-press.eu\/comunicatistampa\/?p=43688"},"modified":"2019-09-15T19:30:00","modified_gmt":"2019-09-15T17:30:00","slug":"pellicole-fotografiche-con-cui-scattare-in-analogico-quali-sono-le-migliori","status":"publish","type":"post","link":"https:\/\/www.area-press.eu\/comunicatistampa\/2019\/09\/15\/pellicole-fotografiche-con-cui-scattare-in-analogico-quali-sono-le-migliori\/","title":{"rendered":"Pellicole fotografiche con cui scattare in analogico, quali sono le migliori?"},"content":{"rendered":"<p>Chiunque si stia approcciando o sia gi\u00e0 appassionato di fotografia sar\u00e0 prima o poi venuto a patti con le domande tecniche pi\u00f9 importanti e a cui spesso \u00e8 difficile dare una risposta unica e concreta. Una fra queste \u00e8 sicuramente la seguente: quale <a href=\"https:\/\/www.sabatinifotografia.it\/pellicole-e-camera-oscura\/pellicole\">pellicole fotografiche<\/a> utilizzare? Quali sono le migliori? Ed in particolare, quali <strong>pellicole sono le migliori<\/strong> per le fotografie in analogico? Cominciamo dal precisare che, come gi\u00e0 accennato in precedenza, non esiste una risposta vera e propria. Questo perch\u00e9 non esistono pellicole migliori o peggiori. Come tante cose, scegliere il tipo di pellicola &#8220;migliore&#8221; (con migliore si intende che pi\u00f9 rispetti e soddisfi le esigenze della macchina fotografica e del suo possessore) dipende da una variabile di fattori. Detto ci\u00f2, siccome non esiste una risposta unica, di seguito avrete a disposizione una lista di pellicole -sia per la fotografia in bianco e nero, sia a colori- cos\u00ec che possiate informarvi al meglio su quella che fa pi\u00f9 al caso vostro. \u00c8 importante sottolineare che chi non \u00e8 gi\u00e0 esperto di <strong>fotografia<\/strong> dovr\u00e0 informarsi riguardo alla propria <strong>macchina fotografica<\/strong> ed alle sue capacit\u00e0 di adattamento alle varie pellicole e a cosa \u00e8 meglio utilizzare con quella particolare macchina fotografica.<\/p>\n<p>Migliori pellicole per la <strong>fotografia a colori<\/strong>:<\/p>\n<ul>\n<li style=\"list-style-type: none\">\n<ul>\n<li style=\"list-style-type: none\">\n<ul>\n<li style=\"list-style-type: none\">\n<ul style=\"list-style-type: circle\">\n<li>CineStill 50D: si tratta di una pellicola a colori bilanciata per 5500 K di ISO 50, pensata per la luce del giorno: funziona dunque molto bene in ambienti luminosi ed offre panoramiche dettagliate.<\/li>\n<\/ul>\n<\/li>\n<\/ul>\n<\/li>\n<\/ul>\n<\/li>\n<\/ul>\n<ul style=\"list-style-type: circle\">\n<li style=\"list-style-type: none\">\n<ul style=\"list-style-type: circle\">\n<li style=\"list-style-type: none\">\n<ul style=\"list-style-type: circle\">\n<li style=\"list-style-type: none\">\n<ul style=\"list-style-type: circle\">\n<li>Kodak Professional Portra 160 ha indice di esposizione di ISO 160, e si tratta di una pellicola a colori negativa. Sicuramente adatta per fotografie di ritrattistica e moda.<\/li>\n<\/ul>\n<\/li>\n<\/ul>\n<\/li>\n<\/ul>\n<\/li>\n<\/ul>\n<ul style=\"list-style-type: circle\">\n<li style=\"list-style-type: none\">\n<ul style=\"list-style-type: circle\">\n<li style=\"list-style-type: none\">\n<ul style=\"list-style-type: circle\">\n<li style=\"list-style-type: none\">\n<ul style=\"list-style-type: circle\">\n<li>La Lomography Color Negative 400 ISO, perfetta per fotografie dai colori vivaci e quando si desidera un&#8217;elevata saturazione e contrasto.<\/li>\n<\/ul>\n<\/li>\n<\/ul>\n<\/li>\n<\/ul>\n<\/li>\n<\/ul>\n<ul style=\"list-style-type: circle\">\n<li style=\"list-style-type: none\">\n<ul style=\"list-style-type: circle\">\n<li style=\"list-style-type: none\">\n<ul style=\"list-style-type: circle\">\n<li style=\"list-style-type: none\">\n<ul style=\"list-style-type: circle\">\n<li>Fujichrome Velvia RVP 50, un&#8217;altra pellicola a colori caratterizzata da una saturazione piuttosto elevata. Adatta per ambienti con scarsa illuminazione.<\/li>\n<\/ul>\n<\/li>\n<\/ul>\n<\/li>\n<\/ul>\n<\/li>\n<\/ul>\n<ul style=\"list-style-type: circle\">\n<li style=\"list-style-type: none\">\n<ul style=\"list-style-type: circle\">\n<li style=\"list-style-type: none\">\n<ul style=\"list-style-type: circle\">\n<li style=\"list-style-type: none\">\n<ul style=\"list-style-type: circle\">\n<li>Kodak Portra 400, altra pellicola a colori negativa con una saturazione fantastica e la grana estremamente fine, almeno rispetto a quelle precedentemente elencate.<\/li>\n<\/ul>\n<\/li>\n<\/ul>\n<\/li>\n<\/ul>\n<\/li>\n<\/ul>\n<p>Migliori pellicole per la fotografia in <strong>bianco e nero<\/strong>:<\/p>\n<ul>\n<li style=\"list-style-type: none\">\n<ul>\n<li style=\"list-style-type: none\">\n<ul>\n<li style=\"list-style-type: none\">\n<ul style=\"list-style-type: circle\">\n<li>Tri-X 400 di Kodak: si tratta di una pellicola in bianco e nero professionale, caratterizzata da un&#8217;alta velocit\u00e0 ed una vasta gamma di condizioni di ripresa. Per i professionisti che spesso hanno a che fare con ambienti e scenari dall&#8217;illuminazione difficile, questa pellicola pu\u00f2 essere molto di aiuto.<\/li>\n<\/ul>\n<\/li>\n<\/ul>\n<\/li>\n<\/ul>\n<\/li>\n<\/ul>\n<ul style=\"list-style-type: circle\">\n<li style=\"list-style-type: none\">\n<ul style=\"list-style-type: circle\">\n<li style=\"list-style-type: none\">\n<ul style=\"list-style-type: circle\">\n<li style=\"list-style-type: none\">\n<ul style=\"list-style-type: circle\">\n<li>Anche la FOMAPAN 400 \u00e8 una pellicola pi\u00f9 che apprezzabile. Ha indice di esposizione ISO 400, ed ha pi\u00f9 o meno le stesse caratteristiche della pellicola precedentemente nominata.<\/li>\n<\/ul>\n<\/li>\n<\/ul>\n<\/li>\n<\/ul>\n<\/li>\n<\/ul>\n<ul style=\"list-style-type: circle\">\n<li style=\"list-style-type: none\">\n<ul style=\"list-style-type: circle\">\n<li style=\"list-style-type: none\">\n<ul style=\"list-style-type: circle\">\n<li style=\"list-style-type: none\">\n<ul style=\"list-style-type: circle\">\n<li>La Neopan 100 Acros di Fujifilm \u00e8 un&#8217;altra pellicola in bianco e nero che ha il pregio di avere una vasta gamma tonale. \u00c8 particolarmente adatta per le situazioni di lunga esposizione grazie alle sue fantastiche caratteristiche di reciprocit\u00e0.<\/li>\n<\/ul>\n<\/li>\n<\/ul>\n<\/li>\n<\/ul>\n<\/li>\n<\/ul>\n","protected":false},"excerpt":{"rendered":"<p>Chiunque si stia approcciando o sia gi\u00e0 appassionato di fotografia sar\u00e0 prima o poi venuto a patti con le domande tecniche pi\u00f9 importanti e a cui spesso \u00e8 difficile dare una risposta unica e concreta. Una fra queste \u00e8 sicuramente la seguente: quale pellicole fotografiche utilizzare? Quali sono le migliori? Ed in particolare, quali pellicole [&hellip;]<\/p>\n","protected":false},"author":5837,"featured_media":0,"comment_status":"open","ping_status":"open","sticky":false,"template":"","format":"standard","meta":{"footnotes":""},"categories":[29],"tags":[],"class_list":["post-43688","post","type-post","status-publish","format-standard","hentry","category-comunicati"],"_links":{"self":[{"href":"https:\/\/www.area-press.eu\/comunicatistampa\/wp-json\/wp\/v2\/posts\/43688","targetHints":{"allow":["GET"]}}],"collection":[{"href":"https:\/\/www.area-press.eu\/comunicatistampa\/wp-json\/wp\/v2\/posts"}],"about":[{"href":"https:\/\/www.area-press.eu\/comunicatistampa\/wp-json\/wp\/v2\/types\/post"}],"author":[{"embeddable":true,"href":"https:\/\/www.area-press.eu\/comunicatistampa\/wp-json\/wp\/v2\/users\/5837"}],"replies":[{"embeddable":true,"href":"https:\/\/www.area-press.eu\/comunicatistampa\/wp-json\/wp\/v2\/comments?post=43688"}],"version-history":[{"count":1,"href":"https:\/\/www.area-press.eu\/comunicatistampa\/wp-json\/wp\/v2\/posts\/43688\/revisions"}],"predecessor-version":[{"id":43689,"href":"https:\/\/www.area-press.eu\/comunicatistampa\/wp-json\/wp\/v2\/posts\/43688\/revisions\/43689"}],"wp:attachment":[{"href":"https:\/\/www.area-press.eu\/comunicatistampa\/wp-json\/wp\/v2\/media?parent=43688"}],"wp:term":[{"taxonomy":"category","embeddable":true,"href":"https:\/\/www.area-press.eu\/comunicatistampa\/wp-json\/wp\/v2\/categories?post=43688"},{"taxonomy":"post_tag","embeddable":true,"href":"https:\/\/www.area-press.eu\/comunicatistampa\/wp-json\/wp\/v2\/tags?post=43688"}],"curies":[{"name":"wp","href":"https:\/\/api.w.org\/{rel}","templated":true}]}}