{"id":43623,"date":"2019-09-15T19:27:39","date_gmt":"2019-09-15T17:27:39","guid":{"rendered":"https:\/\/www.area-press.eu\/comunicatistampa\/?p=43623"},"modified":"2020-08-09T23:35:35","modified_gmt":"2020-08-09T21:35:35","slug":"luca-marino-non-va-piu-via-in-radio-dal-30-agosto-il-secondo-singolo-del-cantautore-errante","status":"publish","type":"post","link":"https:\/\/www.area-press.eu\/comunicatistampa\/2019\/09\/15\/luca-marino-non-va-piu-via-in-radio-dal-30-agosto-il-secondo-singolo-del-cantautore-errante\/","title":{"rendered":"Luca Marino \u201cNon va pi\u00f9 via\u201d in radio dal 30 agosto il secondo singolo del cantautore errante"},"content":{"rendered":"<p><i><span style=\"font-weight: 400\">Il brano che inscena un intricato giallo amoroso precede l\u2019album di prossima uscita \u201cVivere non \u00e8 di moda\u201d.<\/span><\/i><\/p>\n<p><img loading=\"lazy\" decoding=\"async\" class=\"size-full wp-image-453700\" title=\"luca marino non va piu via jpg th 320 0\" src=\"https:\/\/diffusionimusicali.altervista.org\/wp-content\/uploads\/2019\/09\/luca-marino-non-va-piu-via.jpg___th_320_0.jpg\" alt=\"luca marino non va piu via jpg th 320 0\" width=\"320\" height=\"320\" \/><\/p>\n<p><span style=\"font-weight: 400\">Chitarre classiche e sintetizzatori, surrealismo, atmosfere noire pop radio friendly, fanno da scenografia e da sottofondo alle parole di <\/span><b>&#8220;Non va pi\u00f9 via&#8221;,<\/b><span style=\"font-weight: 400\"> l&#8217;ultimo singolo del cantautore errante Luca Marino.<\/span><\/p>\n<p><i><span style=\"font-weight: 400\">\u00abParlare d&#8217;amore&#8230;lo faccio spesso. Questa volta per farlo ho messo in piedi un giallo. Il brano racconta di un&#8217;estate passata tra un\u2019intensa passione e la sua totale assenza. Offre diverse chiavi di lettura: chi \u00e8 la donna della canzone? \u00c8 una donna o \u00e8 qualcosa? Racconta forse di un amore clandestino o non \u00e8 che una metafora dell&#8217;esistenza? Da cosa sta fuggendo la voce narrante della canzone?\u00bb <\/span><\/i><span style=\"font-weight: 400\">Queste le domande con cui<\/span> <b>Luca Marino <\/b><span style=\"font-weight: 400\">stuzzica il suo pubblico.<\/span><\/p>\n<p><span style=\"font-weight: 400\">Il singolo, scritto prodotto e arrangiato dallo stesso cantautore, anticipa l&#8217;album di imminente uscita intitolato <\/span><b>&#8220;Vivere non \u00e8 di moda&#8221;.<\/b><\/p>\n<p>&nbsp;<\/p>\n<p><b>Radio date: 30 agosto 2019<\/b><\/p>\n<p><b>Autoproduzione<\/b><\/p>\n<p>&nbsp;<\/p>\n<p><b>BIO<\/b><\/p>\n<p><span style=\"font-weight: 400\">Luca Marino. Cantautore Errante. Nel 2010 vede il suo esordio al <\/span><b>&#8220;Festival di Sanremo&#8221; <\/b><span style=\"font-weight: 400\">con il brano <\/span><b>&#8220;Non mi dai pace&#8221;<\/b><span style=\"font-weight: 400\"> a cui segue il suo primo album <\/span><b>&#8220;Con la giacca di mio padre&#8221; <\/b><span style=\"font-weight: 400\">(Warner Music).\u00a0 Nel 2011 inizia la sua carriera come autore <\/span><b>scrivendo il brano, finalista ad X-Factor<\/b><span style=\"font-weight: 400\"> e divenuto poi disco d&#8217;oro, <\/span><b>&#8220;Cuore Scoppiato\u201d <\/b><span style=\"font-weight: 400\">(Sony Music). Nel 2015 pubblica il suo secondo album \u201cGuernica&#8221;, nel 2018,\u00a0dopo tre anni passati come busker girando le strade delle metropoli da nord a sud, pubblica il suo terzo album dal titolo omonimo <\/span><b>&#8220;Luca Marino\u201d.<\/b><span style=\"font-weight: 400\">\u00a0<\/span><\/p>\n<p><span style=\"font-weight: 400\">Il suo eclettismo innato e la sua scrittura, cos\u00ec fortemente caratterizzata dai contrasti e dagli estremi, rendono Luca Marino riconoscibile al primo ascolto. Animale da palcoscenico, autentico ed estemporaneo, che sia sopra un palco insieme ad una grande orchestra o da solo per le strade di una citt\u00e0, trova nell\u2019esibizione dal vivo il suo habitat naturale. Chitarra e voce gli bastano per creare un contatto, coinvolgere e trasportare chi lo ascolta nel suo immaginario musicale, fatto delle sue storie e delle storie di chi lo ha ispirato.<\/span><\/p>\n<p><span style=\"font-weight: 400\">Sin da bambino Luca Marino ha quattro grandi passioni. A 6 anni ascolta i Depeche Mode, a 12 dipinge i suoi primi quadri seguendo le orme degli impressionisti, a 14 frequenta gli studi artistici per diventare un fumettista e a 15 compone le sue prime canzoni musicando, in chiave punk\/grunge, poesie di T.S.Eliot, Oscar Wilde e William Blake. Raggiunta la maggiore et\u00e0 \u00e8 stato dapprima batterista di una band metal, poi chitarrista in un\u2019orchestra di liscio fino a quando, scoperta l\u2019opera di Lucio Battisti, comincia ufficialmente la sua carriera da cantautore.\u00a0<\/span><\/p>\n<p>&nbsp;<\/p>\n<p><b>Contatti social<\/b><\/p>\n<p><span style=\"font-weight: 400\">SITO WEB\/BLOG:\u00a0 <\/span><a href=\"https:\/\/lucamarinocantautore.wordpress.com\/\"><span style=\"font-weight: 400\">https:\/\/lucamarinocantautore.wordpress.com\/<\/span><\/a><\/p>\n<p><span style=\"font-weight: 400\">PAGINA FACEBOOK: <\/span><a href=\"https:\/\/www.facebook.com\/lucamarinocantautore\"><span style=\"font-weight: 400\">https:\/\/www.facebook.com\/lucamarinocantautore<\/span><\/a><span style=\"font-weight: 400\">\u00a0<\/span><\/p>\n<p><span style=\"font-weight: 400\">INSTAGRAM: <\/span><a href=\"https:\/\/www.instagram.com\/lucamarinocantautore\/\"><span style=\"font-weight: 400\">https:\/\/www.instagram.com\/lucamarinocantautore\/<\/span><\/a><\/p>\n<p><span style=\"font-weight: 400\">YOUTUBE: <\/span><span style=\"font-weight: 400\">https:\/\/www.youtube.com\/LucaMarinoOfficial<\/span><\/p>\n","protected":false},"excerpt":{"rendered":"<p>Il brano che inscena un intricato giallo amoroso precede l\u2019album di prossima uscita \u201cVivere non \u00e8 di moda\u201d. Chitarre classiche e sintetizzatori, surrealismo, atmosfere noire pop radio friendly, fanno da scenografia e da sottofondo alle parole di &#8220;Non va pi\u00f9 via&#8221;, l&#8217;ultimo singolo del cantautore errante Luca Marino. \u00abParlare d&#8217;amore&#8230;lo faccio spesso. Questa volta per [&hellip;]<\/p>\n","protected":false},"author":4383,"featured_media":0,"comment_status":"open","ping_status":"open","sticky":false,"template":"","format":"standard","meta":{"footnotes":""},"categories":[12],"tags":[],"class_list":["post-43623","post","type-post","status-publish","format-standard","hentry","category-musica"],"_links":{"self":[{"href":"https:\/\/www.area-press.eu\/comunicatistampa\/wp-json\/wp\/v2\/posts\/43623","targetHints":{"allow":["GET"]}}],"collection":[{"href":"https:\/\/www.area-press.eu\/comunicatistampa\/wp-json\/wp\/v2\/posts"}],"about":[{"href":"https:\/\/www.area-press.eu\/comunicatistampa\/wp-json\/wp\/v2\/types\/post"}],"author":[{"embeddable":true,"href":"https:\/\/www.area-press.eu\/comunicatistampa\/wp-json\/wp\/v2\/users\/4383"}],"replies":[{"embeddable":true,"href":"https:\/\/www.area-press.eu\/comunicatistampa\/wp-json\/wp\/v2\/comments?post=43623"}],"version-history":[{"count":1,"href":"https:\/\/www.area-press.eu\/comunicatistampa\/wp-json\/wp\/v2\/posts\/43623\/revisions"}],"predecessor-version":[{"id":43635,"href":"https:\/\/www.area-press.eu\/comunicatistampa\/wp-json\/wp\/v2\/posts\/43623\/revisions\/43635"}],"wp:attachment":[{"href":"https:\/\/www.area-press.eu\/comunicatistampa\/wp-json\/wp\/v2\/media?parent=43623"}],"wp:term":[{"taxonomy":"category","embeddable":true,"href":"https:\/\/www.area-press.eu\/comunicatistampa\/wp-json\/wp\/v2\/categories?post=43623"},{"taxonomy":"post_tag","embeddable":true,"href":"https:\/\/www.area-press.eu\/comunicatistampa\/wp-json\/wp\/v2\/tags?post=43623"}],"curies":[{"name":"wp","href":"https:\/\/api.w.org\/{rel}","templated":true}]}}