{"id":43542,"date":"2019-09-06T17:34:14","date_gmt":"2019-09-06T15:34:14","guid":{"rendered":"https:\/\/www.area-press.eu\/comunicatistampa\/?p=43542"},"modified":"2019-09-06T17:34:14","modified_gmt":"2019-09-06T15:34:14","slug":"punture-da-acari-del-legno-agosto-da-incubo-nel-bresciano","status":"publish","type":"post","link":"https:\/\/www.area-press.eu\/comunicatistampa\/2019\/09\/06\/punture-da-acari-del-legno-agosto-da-incubo-nel-bresciano\/","title":{"rendered":"Punture da acari del legno: agosto da incubo nel bresciano"},"content":{"rendered":"<p>Conservare il legno delle abitazioni da ogni forma di attacco dei parassiti con un <a href=\"http:\/\/www.trattamentoantitarlo.net\/\"><strong><u>trattamento antitarlo ecologico<\/u><\/strong><\/a> \u00e8 oggi pi\u00f9 che mai importante per un duplice motivo: garantire integrit\u00e0 e stabilit\u00e0 a tutte le strutture lignee presenti e tutelare la salute di chi ci abita. Se ne sono accorti molto bene dalle parti del bresciano, dove si \u00e8 registrata una vera e propria emergenza dermatiti che sta provocando non pochi problemi a tanti cittadini.<\/p>\n<p>Responsabili di questo disagio sono gli acari del legno che si nutrono delle larve dei tarli. E quella messa in atto da questi microorganismi invisibili \u00e8 una vera e propria aggressione nei confronti dell\u2019uomo dagli effetti collaterali allarmanti: punture sparse su tutto il corpo accompagnate da infiammazione, prurito e, nei casi pi\u00f9 gravi, febbre, cefalea, vomito e diarrea. Un\u2019emergenza che ha interessato una vasta area compresa tra la bassa bresciana e la Franciacorta e che ha allertato le autorit\u00e0 sanitarie locali.<\/p>\n<p>A favorire la loro proliferazione non solo un\u2019estate particolarmente umida, ma soprattutto i mobili antichi. Secondo fonti attendibili, infatti, pare che ad essere la principale fonte di infestazione siano stati proprio mobili in legno un po&#8217; antiquati. Per subire l\u2019attacco di questi minuscoli insetti, i cui effetti si manifestano dopo alcune ore, \u00e8 sufficiente indossare un indumento riposto in un vecchio com\u00f2, oppure sedersi su una vecchia sedia o cassapanca. Ma un ottimo rifugio possono essere anche le travi in legno di un locale: \u00e8 quello che \u00e8 successo, ad esempio, ad un gruppo di ragazzi a Carpendolo durante una festa in una taverna.<\/p>\n<p>I casi di aggressione da parte degli acari del legno dimostrano come anche un semplice <a href=\"http:\/\/www.trattamentoantitarlo.net\/aree\/restauro-mobili-antichi\"><strong><u>restauro mobili antichi<\/u><\/strong><\/a> pu\u00f2 diventare un\u2019operazione necessaria per tutelare la nostra salute, oltre che a preservare pezzi di antiquariato.<\/p>\n","protected":false},"excerpt":{"rendered":"<p>Conservare il legno delle abitazioni da ogni forma di attacco dei parassiti con un trattamento antitarlo ecologico \u00e8 oggi pi\u00f9 che mai importante per un duplice motivo: garantire integrit\u00e0 e stabilit\u00e0 a tutte le strutture lignee presenti e tutelare la salute di chi ci abita. Se ne sono accorti molto bene dalle parti del bresciano, [&hellip;]<\/p>\n","protected":false},"author":5108,"featured_media":0,"comment_status":"open","ping_status":"open","sticky":false,"template":"","format":"standard","meta":{"footnotes":""},"categories":[4],"tags":[21091,21090,21092],"class_list":["post-43542","post","type-post","status-publish","format-standard","hentry","category-attualita-e-societa","tag-disinfestazione-tarli","tag-restauro-mobili-antichi","tag-trattamento-antitarlo"],"_links":{"self":[{"href":"https:\/\/www.area-press.eu\/comunicatistampa\/wp-json\/wp\/v2\/posts\/43542","targetHints":{"allow":["GET"]}}],"collection":[{"href":"https:\/\/www.area-press.eu\/comunicatistampa\/wp-json\/wp\/v2\/posts"}],"about":[{"href":"https:\/\/www.area-press.eu\/comunicatistampa\/wp-json\/wp\/v2\/types\/post"}],"author":[{"embeddable":true,"href":"https:\/\/www.area-press.eu\/comunicatistampa\/wp-json\/wp\/v2\/users\/5108"}],"replies":[{"embeddable":true,"href":"https:\/\/www.area-press.eu\/comunicatistampa\/wp-json\/wp\/v2\/comments?post=43542"}],"version-history":[{"count":1,"href":"https:\/\/www.area-press.eu\/comunicatistampa\/wp-json\/wp\/v2\/posts\/43542\/revisions"}],"predecessor-version":[{"id":43543,"href":"https:\/\/www.area-press.eu\/comunicatistampa\/wp-json\/wp\/v2\/posts\/43542\/revisions\/43543"}],"wp:attachment":[{"href":"https:\/\/www.area-press.eu\/comunicatistampa\/wp-json\/wp\/v2\/media?parent=43542"}],"wp:term":[{"taxonomy":"category","embeddable":true,"href":"https:\/\/www.area-press.eu\/comunicatistampa\/wp-json\/wp\/v2\/categories?post=43542"},{"taxonomy":"post_tag","embeddable":true,"href":"https:\/\/www.area-press.eu\/comunicatistampa\/wp-json\/wp\/v2\/tags?post=43542"}],"curies":[{"name":"wp","href":"https:\/\/api.w.org\/{rel}","templated":true}]}}