{"id":43488,"date":"2019-09-06T17:30:10","date_gmt":"2019-09-06T15:30:10","guid":{"rendered":"https:\/\/www.area-press.eu\/comunicatistampa\/?p=43488"},"modified":"2019-09-06T17:30:10","modified_gmt":"2019-09-06T15:30:10","slug":"dal-passato-al-futuro-geoplant-lancia-una-proposta-per-il-comparto-pericolo","status":"publish","type":"post","link":"https:\/\/www.area-press.eu\/comunicatistampa\/2019\/09\/06\/dal-passato-al-futuro-geoplant-lancia-una-proposta-per-il-comparto-pericolo\/","title":{"rendered":"Dal passato al futuro\u2026  Geoplant lancia una proposta per il comparto pericolo"},"content":{"rendered":"<p>Si alza <strong>dal cuore della Romagna una speranza per il settore pericolo<\/strong>, quest\u2019anno letteralmente messo <strong>in ginocchio<\/strong> dalle condizioni climatiche, dai parassiti e dai portinnesti classici del cotogno che hanno portato alla morte fino al 20% delle piante e una scarsit\u00e0 di frutti, spesso rovinati a terra, con picchi negativi anche del 50-70%.<\/p>\n<p><strong>Una speranza<\/strong> \u00e8 stata per\u00f2 messa in luce lo scorso 27 agosto <strong>nell\u2019area di Fusignano-Bagnacavallo (RA)<\/strong>, <strong>dove la Fondazione Navarra di Ferrara<\/strong>, tra i pi\u00f9 attivi e stimati centri di ricerca dell\u2019Emilia-Romagna, <strong>ha comprovato in campo l\u2019efficacia dei portinnesti franchi rispetto ai tradizionali cotogni<\/strong>. Si tratta di <strong>un ritorno al passato, ma che si proietta nel futuro<\/strong>, perch\u00e9 questa formula era stata progressivamente abbandonata a partire dagli anni \u201990. Non da <strong>Geoplant Vivai, per\u00f2! L\u2019azienda vivaistica ravennate ha infatti continuato gli studi e le migliorie su questa tipologia di portinnesto, <\/strong>osservandone la valenza e incrementando<strong> i risultati<\/strong>. Tra questi<strong>, impianti produttivi con piante vigorose e non soggette a fenomeni clorotici, nel complesso meglio gestibili, frutti di aspetto bello e regolare, tipicamente calebassiforme<\/strong> e ben lontano dei frutti tozzi non graditi al pubblico moderno.<\/p>\n<p>Grazie alle sperimentazioni presso alcune realt\u00e0 del territorio, la Fondazione Navarra ha mostrato i riscontri effettivi dell\u2019anno 2019, in assoluta controtendenza rispetto allo scenario corrente. Come confermato dal <strong>Dott. Michele Mariani, Responsabile dell\u2019Area Frutticola e Coordinamento Attivit\u00e0 Sperimentali<\/strong> la Fondazione quest&#8217;anno metter\u00e0 a dimora un campo prova dove verr\u00e0 messa a confronto la variet\u00e0 Abate innestata su diversi portinnesti (franchi vs cotogni) per poi dare indicazioni pi\u00f9 precise ai produttori supportati anche dai dati di raccolta in campagna, come rapidit\u00e0 di messa a frutto, calibri, pezzatura.<\/p>\n<p><strong>Una grande possibilit\u00e0, dunque, per William e Abate<\/strong>, produzioni fondamentali del territorio regionale emiliano-romagnolo, note e apprezzate in tutto il mondo. A confermare l\u2019importanza di questi risultati \u00e8 <strong>Gianluca Pasi,<\/strong> <strong>tecnico di Geoplant Vivai<\/strong>:<strong> \u201c<\/strong><em>Non abbiamo mai smesso di guardare con interesse ai portinnesti franchi, convinti che la loro storicit\u00e0 fosse un punto di forza purch\u00e9 adeguandolo ai nostri tempi. Ricerca ed evoluzione sono la risposta a una crescente difficolt\u00e0 dei cotogni che mai come quest\u2019anno, hanno dimostrato tutta la loro debolezza. Grazie agli investimenti effettuati e i riscontri ottenuti, <strong>Geoplant pu\u00f2 oggi porsi come referente referenziato e autorevole nel contrasto alla debacle del mondo pericolo e partner efficace nel rilancio di un settore strategico<\/strong> per il sistema agricolo regionale. L\u2019esperienza maturata in questi anni e la collaborazione con realt\u00e0 quale la Fondazione Navarra ci consentono di poter <strong>offrire una soluzione in grado di contribuire al rilancio<\/strong> di un settore determinante per l\u2019economia del territorio<\/em>\u201d.<\/p>\n<p>www.geoplantvivai.com<\/p>\n<p>&nbsp;<\/p>\n","protected":false},"excerpt":{"rendered":"<p>Si alza dal cuore della Romagna una speranza per il settore pericolo, quest\u2019anno letteralmente messo in ginocchio dalle condizioni climatiche, dai parassiti e dai portinnesti classici del cotogno che hanno portato alla morte fino al 20% delle piante e una scarsit\u00e0 di frutti, spesso rovinati a terra, con picchi negativi anche del 50-70%. Una speranza [&hellip;]<\/p>\n","protected":false},"author":3854,"featured_media":0,"comment_status":"open","ping_status":"open","sticky":false,"template":"","format":"standard","meta":{"footnotes":""},"categories":[29],"tags":[21189,24439,19437,24442,24443,24440,24441],"class_list":["post-43488","post","type-post","status-publish","format-standard","hentry","category-comunicati","tag-azienda-vivaistica","tag-fondazione-navarra-di-ferrara","tag-geoplant-vivai","tag-innovazione-agricola","tag-rilancio-agricoltura","tag-settore-agricolo","tag-settore-pericolo"],"_links":{"self":[{"href":"https:\/\/www.area-press.eu\/comunicatistampa\/wp-json\/wp\/v2\/posts\/43488","targetHints":{"allow":["GET"]}}],"collection":[{"href":"https:\/\/www.area-press.eu\/comunicatistampa\/wp-json\/wp\/v2\/posts"}],"about":[{"href":"https:\/\/www.area-press.eu\/comunicatistampa\/wp-json\/wp\/v2\/types\/post"}],"author":[{"embeddable":true,"href":"https:\/\/www.area-press.eu\/comunicatistampa\/wp-json\/wp\/v2\/users\/3854"}],"replies":[{"embeddable":true,"href":"https:\/\/www.area-press.eu\/comunicatistampa\/wp-json\/wp\/v2\/comments?post=43488"}],"version-history":[{"count":1,"href":"https:\/\/www.area-press.eu\/comunicatistampa\/wp-json\/wp\/v2\/posts\/43488\/revisions"}],"predecessor-version":[{"id":43489,"href":"https:\/\/www.area-press.eu\/comunicatistampa\/wp-json\/wp\/v2\/posts\/43488\/revisions\/43489"}],"wp:attachment":[{"href":"https:\/\/www.area-press.eu\/comunicatistampa\/wp-json\/wp\/v2\/media?parent=43488"}],"wp:term":[{"taxonomy":"category","embeddable":true,"href":"https:\/\/www.area-press.eu\/comunicatistampa\/wp-json\/wp\/v2\/categories?post=43488"},{"taxonomy":"post_tag","embeddable":true,"href":"https:\/\/www.area-press.eu\/comunicatistampa\/wp-json\/wp\/v2\/tags?post=43488"}],"curies":[{"name":"wp","href":"https:\/\/api.w.org\/{rel}","templated":true}]}}