{"id":43481,"date":"2019-09-06T17:30:10","date_gmt":"2019-09-06T15:30:10","guid":{"rendered":"https:\/\/www.area-press.eu\/comunicatistampa\/?p=43481"},"modified":"2019-09-06T17:30:10","modified_gmt":"2019-09-06T15:30:10","slug":"cinema-e-nuovi-media-i-luoghi-di-racconto-delleccellenza-la-seduzione-digitale-rinnova-lamarcord","status":"publish","type":"post","link":"https:\/\/www.area-press.eu\/comunicatistampa\/2019\/09\/06\/cinema-e-nuovi-media-i-luoghi-di-racconto-delleccellenza-la-seduzione-digitale-rinnova-lamarcord\/","title":{"rendered":"\u201cCinema e Nuovi Media: i luoghi di racconto dell\u2019eccellenza. La seduzione digitale rinnova l\u2019amarcord\u201d"},"content":{"rendered":"<div>Comunicato incontro gioved\u00ec 5 settembre, ore 9\/10, Italian Pavilion Sala Tropicana Hotel Excelsior Lido.<\/div>\n<div><\/div>\n<div><\/div>\n<div>Nell\u2019ambito della 76esima Mostra Internazionale d\u2019arte cinematografica della Biennale di Venezia nello spazio istituzionale di ANICA col Ministero per i Beni e le attivit\u00e0 culturali torna l\u2019appuntamento \u201cCinema e Web\u201d ideato dal giornalista economico Massimo Lucidi, autore di numerosi eventi, internazionali come il \u201cPremio Eccellenza Italiana\u201d a Washington DC e, libri, i \u201cquaderni social\u201d best sellers su Amazon. L\u2019incontro annuale a Venezia nato lo scorso anno in collaborazione con \u201cCasa Sanremo\u201d presieduta da Vincenzo Russolillo, si candida ad essere un momento di riflessione sul rapporto tra l\u2019emozione e la seduzione del Cinema al tempo dei nuovi strumenti web. Un incontro di contenuti impreziosito da tanti ospiti che testimoniano nell\u2019impresa e nella professione l\u2019evoluzione della societ\u00e0 digitale e il rischio della scarsa consapevolezza nel #webdelleopportunit\u00e0.<\/div>\n<div><\/div>\n<div>L\u2019incontro \u201cCinema e web\u201d vedr\u00e0 la partecipazione dell\u2019onorevole Nicola Acunzo, presidente intergruppo parlamentare \u201cCinema e Arti nello Spettacolo\u201d che sta portando nei palazzi istituzionali i protagonisti dell\u2019arte cinematografica con una rassegna che \u201crinnova l\u2019amarcord\u201d: i maestri del cinema che ricordano i propri maestri. Accomunati da storie di cinema e di cultura, di impegno e di eccellenza tanti ospiti che hanno assicurato la propria presenza. Atteso anche Paolo Del Brocco direttore di Rai Cinema.<\/div>\n<div><\/div>\n<div>L\u2019incontro apre con la proiezione del corto curato da Sanremo Coffee Machines, l\u2019azienda trevigiana della famiglia De Sordi, leader nel mondo della fabbricazione di macchine da caff\u00e8: un corto perch\u00e9 sempre pi\u00f9 nei prossimi mesi ed anni sar\u00e0 determinante costruire uno storytelling emozionale e \u201cadulto\u201d di proporsi ai mercati internazionali. E la Sanremo dimostra di voler investire e puntare alle tecniche cinematografiche per comunicare. Anche il product placement diventa uno strumento di promozione di prodotti di eccellenza nei film: ne \u00e8 convinto il Presidente di \u201cArte e Tradizioni\u201d Claudio Mele che a Venezia porta la propria esperienza di imprese piccole e medie presenti sui mercati internazionali dalle forti potenzialit\u00e0, come gli stivali da donna di Angelo Bervicato, i materassi innovativi della Silver Prince, il cachemire di Fool Company, la bicicletta innovativa firmata da Bad Bike. Ma anche altre aziende, altre storie attenzionate dall\u2019Asmef, l\u2019associazione presieduta da Salvo Iavarone che ha candidato per il Premio a Washington, Luigi Acanfora ceo del gruppo alberghiero Acanfora, il Comune di Montescano sulla Marcellana con il suo sindaco Giuseppe Rinaldi, Walter Maiocchi \u00a0presidente del maglificio Malo e Mariano Negri ceo della CMD realt\u00e0 leader nella componentistica motori. Storie e aziende che stanno guardando al cinema e al web per evolvere il dialogo col mercato, spesso internazionale.<\/div>\n<div><\/div>\n<div>Al dibattito in Laguna, organizzato da Massimo Lucidi, \u00a0nella preziosa cornice del Grand Hotel al Lido, nel penultimo giorno del Festival interverranno Judy e Leonard Gingerella la Famiglia americana discendente dei Ferrara, quelli della omonima caramella, comprata dai Ferrero, l\u2019inventore Giorgio Torchio e la figlia Francesca titolare della TRC che si sta distinguendo come start up innovativa. Ma anche Giovanni Caria, l\u2019ethical hacker a capo di Centuria Security, il colonnello dei Carabinieri Orazio Anania ideatore peraltro del Premio Apoxiomeno del cinema in divisa, le produttrici cinematografiche Daniela Sabella ed Elisa Russo, il regista Enzo Acri che sar\u00e0 accompagnato dalla giovane attrice Anna De Angelis scelta per il nuovo cortometraggio sul bullismo, \u201cBaby Gang\u201d, gi\u00e0 protagonista di \u201cun amore malato\u201d di Antonio Rosolino.<\/div>\n<div>Anna De Angelis sar\u00e0 premiata per la candidatura a Washington DC da Giovanni Trevisan, ambasciatore del Premio Eccellenza Italiana, quale gestore tra i pi\u00f9 bei ristoranti di Venezia come Taverna La Fenice, i Gondolieri e il Museum Cafe della collezione del Peggy Guggenheim.<\/div>\n<div>Al dibattito parteciper\u00e0 anche l\u2019esperto di televisione e patron di Canale Europa Roberto Salvini, che sar\u00e0 accompagnato da Orietta Trevisanato fondatrice e presidente di Blue Knowledge, organizzatrice del progetto e del \u201cPremio Marco Polo\u201d; e da Simona Balduzzi autrice e attrice del trailer \u201cLa Via della vita\u201d che sar\u00e0 d\u2019ispirazione alla realizzazione dell\u2019omonimo film.<\/div>\n<div>Dopo Venezia, gi\u00e0 si calendarizzano i prossimi incontri di approfondimento pubblico sul web, a Casa Sanremo in occasione del Festival della canzone italiana; a Palma di Maiorca al Club de Vela di Giuliano Di Matteo. \u201cSi fa maturo il tempo per lanciare un festival sul cinema e web, magari sul corto, avendo realizzato di fatto un pensatoio itinerante su come stia cambiando la vita di imprenditori e professionisti\u201d conclude Massimo Lucidi che lancia un messaggio di #networking a tutti i partecipanti.<\/div>\n<div><\/div>\n<div>Ufficio Stampa e Info al +39 339 8772770<\/div>\n","protected":false},"excerpt":{"rendered":"<p>Comunicato incontro gioved\u00ec 5 settembre, ore 9\/10, Italian Pavilion Sala Tropicana Hotel Excelsior Lido. Nell\u2019ambito della 76esima Mostra Internazionale d\u2019arte cinematografica della Biennale di Venezia nello spazio istituzionale di ANICA col Ministero per i Beni e le attivit\u00e0 culturali torna l\u2019appuntamento \u201cCinema e Web\u201d ideato dal giornalista economico Massimo Lucidi, autore di numerosi eventi, internazionali [&hellip;]<\/p>\n","protected":false},"author":4753,"featured_media":0,"comment_status":"open","ping_status":"open","sticky":false,"template":"","format":"standard","meta":{"footnotes":""},"categories":[3],"tags":[16220,24438],"class_list":["post-43481","post","type-post","status-publish","format-standard","hentry","category-arte-e-cultura","tag-massimo-lucidi","tag-venezia76"],"_links":{"self":[{"href":"https:\/\/www.area-press.eu\/comunicatistampa\/wp-json\/wp\/v2\/posts\/43481","targetHints":{"allow":["GET"]}}],"collection":[{"href":"https:\/\/www.area-press.eu\/comunicatistampa\/wp-json\/wp\/v2\/posts"}],"about":[{"href":"https:\/\/www.area-press.eu\/comunicatistampa\/wp-json\/wp\/v2\/types\/post"}],"author":[{"embeddable":true,"href":"https:\/\/www.area-press.eu\/comunicatistampa\/wp-json\/wp\/v2\/users\/4753"}],"replies":[{"embeddable":true,"href":"https:\/\/www.area-press.eu\/comunicatistampa\/wp-json\/wp\/v2\/comments?post=43481"}],"version-history":[{"count":1,"href":"https:\/\/www.area-press.eu\/comunicatistampa\/wp-json\/wp\/v2\/posts\/43481\/revisions"}],"predecessor-version":[{"id":43482,"href":"https:\/\/www.area-press.eu\/comunicatistampa\/wp-json\/wp\/v2\/posts\/43481\/revisions\/43482"}],"wp:attachment":[{"href":"https:\/\/www.area-press.eu\/comunicatistampa\/wp-json\/wp\/v2\/media?parent=43481"}],"wp:term":[{"taxonomy":"category","embeddable":true,"href":"https:\/\/www.area-press.eu\/comunicatistampa\/wp-json\/wp\/v2\/categories?post=43481"},{"taxonomy":"post_tag","embeddable":true,"href":"https:\/\/www.area-press.eu\/comunicatistampa\/wp-json\/wp\/v2\/tags?post=43481"}],"curies":[{"name":"wp","href":"https:\/\/api.w.org\/{rel}","templated":true}]}}