{"id":43466,"date":"2019-09-06T17:30:09","date_gmt":"2019-09-06T15:30:09","guid":{"rendered":"https:\/\/www.area-press.eu\/comunicatistampa\/?p=43466"},"modified":"2019-09-06T17:30:09","modified_gmt":"2019-09-06T15:30:09","slug":"clara-woods-in-mostra-con-i-grandi-maestri-a-bologna","status":"publish","type":"post","link":"https:\/\/www.area-press.eu\/comunicatistampa\/2019\/09\/06\/clara-woods-in-mostra-con-i-grandi-maestri-a-bologna\/","title":{"rendered":"Clara Woods &#8220;In mostra con i grandi maestri&#8221; a Bologna"},"content":{"rendered":"<p><img decoding=\"async\" src=\"http:\/\/www.puntoventi.it\/wp-content\/uploads\/2019\/09\/copertina-in-mostra-con-i-grandi-maestri.png\" \/><\/p>\n<p style=\"text-align: justify\">Per la prima volta a <strong>Bologna<\/strong>, per la prima volta accanto a grandi <strong>maestri italiani<\/strong> e per la prima volta insieme a <strong>Galleria Farini<\/strong>. Tante le novit\u00e0 che costelleranno il settembre di <strong>Clara Woods<\/strong>, la pittrice fiorentina di 13 anni che non pu\u00f2 parlare a causa di un ictus perinatale ma capisce tre lingue (italiano, inglese e portoghese) e usa tela e pennello per raccontare e raccontarsi.<\/p>\n<p style=\"text-align: justify\">Grazie alla tenacia dei suoi genitori, per\u00f2, gi\u00e0 da piccolissima Clara ha iniziato un <strong>percorso riabilitativo<\/strong> di cui la <strong>pittura<\/strong> \u00e8 stata una parte fondamentale, che l&#8217;ha portata a fare grandi progressi comunicativi. Attraverso i suoi quadri, infatti, Clara ha trovato il modo di esternare i suoi sentimenti pi\u00f9 profondi e realizzare se stessa.<\/p>\n<p style=\"text-align: justify\">Attraverso i <strong>social<\/strong>, poi, Clara ha avuto l\u2019occasione di <strong>aprirsi ulteriormente al mondo<\/strong>, condividendo la sua storia e la sua arte, motivando e ispirando, attraverso il passaparola dei suoi oltre <strong>26mila follower su Instagram<\/strong>, le persone a trovare forza nelle avversit\u00e0. Un\u2019energia positiva, quella di Clara, che si alimenta proprio grazie all\u2019affetto di tutti colore che la seguano, la motivano e la spingono a continuare a perseguire i suoi sogni e a non mollare.<\/p>\n<p style=\"text-align: justify\"><img loading=\"lazy\" decoding=\"async\" class=\"alignright\" src=\"http:\/\/www.puntoventi.it\/wp-content\/uploads\/2019\/09\/Locandina-In-mostra-con-i-grandi-maestri.jpg\" alt=\"\" width=\"350\" height=\"515\" \/>La collettiva &#8220;<strong>In mostra con i Grandi Maestri<\/strong>&#8220;, allestita presso la <strong>Galleria Farini dal 7 al 17 settembre<\/strong>, vedr\u00e0 artisti emergenti italiani e stranieri esporre accanto a grandi nomi come <strong>Franco Angeli e Mario Schifano<\/strong> e sar\u00e0 presentata dal Professor Luca Raccagni. In occasione di questa esposizione la Galleria Farini presenter\u00e0 le opere di Clara Woods, <strong>per la prima volta a Bologna<\/strong>! Tra le opere in mostra <strong>Rebel Heart<\/strong>, il cui titolo riprende quello di una celebre canzona di Madonna che racconta di superare le difficolt\u00e0 della vita grazie alla tenacia del cuore, e <strong>Save the Oceans<\/strong>, un appello ad acquisire tutti una maggior consapevolezza dell\u2019inquinamento ambientale moderno, in particolare quello di mari e oceani.<\/p>\n<p style=\"text-align: justify\">\u201cSiamo molti contenti di questa opportunit\u00e0 &#8211; spiega la mamma di Clara, <strong>Betina Genovesi<\/strong> &#8211; e di poter seguire da vicino la crescita di Clara, sia a livello artistico che personale. Come famiglia ci stiamo impegnando perch\u00e9 lei possa avere un futuro e fare quello che li piace di pi\u00f9: <strong>riuscire a comunicare sia attraverso l\u2019arte, sia attraverso i mezzi di comunicazione che ha a disposizione<\/strong>. Vogliamo insegnare a lei e a Davi, nostro figlio minore, che \u00e8 possibile abbattere le barriere e raggiungere ci\u00f2 che prima sembrava l\u2019impossibile, basta metterci la giusta motivazione e il giusto impegno e saper coglierle le opportunit\u00e0 che la vita ci d\u00e0. Vogliamo lanciare un messaggio e lasciare un\u2019eredit\u00e0 non solo per i nostri figlia ma anche per tutte quelle famiglie che vivono difficolt\u00e0 simili alle nostre. Certo, \u00e8 una strada ardua e costruita con lacrime ma oggi vedere i frutti dei nostri sforzi ci rende felici e ci d\u00e0 speranza per continuare\u201d.<\/p>\n<p style=\"text-align: justify\">Il <strong>vernissage<\/strong> dell\u2019esposizione bolognese si terr\u00e0 <strong>sabato 7 settembre a partire dalle ore 18.00<\/strong>, nei giorni successivi la mostra rimarr\u00e0 invece aperta dal marted\u00ec alla domenica con orario 15.00-19.00. Clara e la sua famiglia saranno presenti e disponibili per interviste sia in occasione del vernissage che nei giorni successivi di allestimento, negli orari di apertura indicati.<\/p>\n<p style=\"text-align: justify\">La collaborazione di Clara con la Galleria Farini proseguir\u00e0 poi durante la <strong>Fashion Week di Milano<\/strong>, <strong>dal 17 al 25 settembre<\/strong>, con un allestimento all\u2019interno dello spazio espositivo della Galleria nel Art Mall Gallery, e poi a <strong>Londra<\/strong>, <strong>dal 30 settembre al 6 ottobre<\/strong>, nell\u2019ambito dell\u2019evento \u201cIV Art Expo Galleria Farini a Londra, Mostra Collettiva alla Arthill Gallery.<\/p>\n<p style=\"text-align: justify\">\u201cScoprendo i dipinti di Clara &#8211; spiega <strong>Grazia Galdenzi<\/strong>, <strong>titolare della Galleria<\/strong> &#8211; siamo rimasti colpiti da come, grazie all\u2019arte, lei abbia intrapreso un incredibile viaggio nel cuore della vita, generando una pittura di grande forza espressiva, attraverso cui riesce a esprimere tutto il suo universo interiore e condividerlo con tutti\u201d. \u201cAlcune delle sue opere &#8211; prosegue Galdenzi &#8211; ci hanno impressionato in maniera particolare per la loro <strong>sorprendente e vibrante energia<\/strong>, caratterizzata da <strong>cromie ricche<\/strong> e da <strong>narrazioni che invitano a riflettere<\/strong> su s\u00e9 stessi e sul mondo\u201d.<\/p>\n<p style=\"text-align: justify\">\u201c\u00c8 con immenso piacere &#8211; ha aggiunto <strong>Roberto Dudine<\/strong>, <strong>direttore artistico della Farini Concept<\/strong> &#8211; che invitiamo tutti a scoprire l\u2019arte di Clara Woods, interprete eccezionale del nostro contemporaneo, esponente del ruolo unico che l\u2019Arte riveste nella vita di ognuno di noi\u201d.<\/p>\n<p style=\"text-align: justify\">La\u00a0<strong>Galleria Farini Concept<\/strong>\u00a0\u00e8 la perfetta fusione di amore per l\u2019arte, storia e visione del futuro, in\u00a0un palazzo nobiliare del Cinquecento, in centro storico a Bologna,\u00a0450 mq di ambienti espositivi rinascimentali con\u00a0Collettive internazionali, Personali di grande prestigio,\u00a0workshop, conferenze, eventi internazionali d\u2019arte. La Galleria non \u00e8 solo uno spazio espositivo permanente in una prestigiosa location, ma molto presto\u00a0essa ospiter\u00e0 un\u2019<strong>importante Scuola d\u2019arte<\/strong>, aperta a tutti coloro i quali vorranno avvicinarsi personalmente all\u2019arte, da fruitori a protagonisti.<\/p>\n<p style=\"text-align: justify\">\n<p style=\"text-align: justify\"><strong><u>Per approfondimenti:<\/u><\/strong><\/p>\n<p style=\"text-align: justify\"><a href=\"http:\/\/www.clarawoods.art\">www.clarawoods.art<\/a><\/p>\n<p style=\"text-align: justify\"><a href=\"http:\/\/www.instagram.com\/woods_clara_\">www.instagram.com\/woods_clara_<\/a><\/p>\n<p style=\"text-align: justify\"><a href=\"https:\/\/www.galleriafarini.com\/\">https:\/\/www.galleriafarini.com\/<\/a><\/p>\n<p style=\"text-align: justify\"><strong>\u00a0<\/strong><\/p>\n","protected":false},"excerpt":{"rendered":"<p>Per la prima volta a Bologna, per la prima volta accanto a grandi maestri italiani e per la prima volta insieme a Galleria Farini. Tante le novit\u00e0 che costelleranno il settembre di Clara Woods, la pittrice fiorentina di 13 anni che non pu\u00f2 parlare a causa di un ictus perinatale ma capisce tre lingue (italiano, [&hellip;]<\/p>\n","protected":false},"author":5547,"featured_media":0,"comment_status":"open","ping_status":"open","sticky":false,"template":"","format":"standard","meta":{"footnotes":""},"categories":[3],"tags":[],"class_list":["post-43466","post","type-post","status-publish","format-standard","hentry","category-arte-e-cultura"],"_links":{"self":[{"href":"https:\/\/www.area-press.eu\/comunicatistampa\/wp-json\/wp\/v2\/posts\/43466","targetHints":{"allow":["GET"]}}],"collection":[{"href":"https:\/\/www.area-press.eu\/comunicatistampa\/wp-json\/wp\/v2\/posts"}],"about":[{"href":"https:\/\/www.area-press.eu\/comunicatistampa\/wp-json\/wp\/v2\/types\/post"}],"author":[{"embeddable":true,"href":"https:\/\/www.area-press.eu\/comunicatistampa\/wp-json\/wp\/v2\/users\/5547"}],"replies":[{"embeddable":true,"href":"https:\/\/www.area-press.eu\/comunicatistampa\/wp-json\/wp\/v2\/comments?post=43466"}],"version-history":[{"count":1,"href":"https:\/\/www.area-press.eu\/comunicatistampa\/wp-json\/wp\/v2\/posts\/43466\/revisions"}],"predecessor-version":[{"id":43467,"href":"https:\/\/www.area-press.eu\/comunicatistampa\/wp-json\/wp\/v2\/posts\/43466\/revisions\/43467"}],"wp:attachment":[{"href":"https:\/\/www.area-press.eu\/comunicatistampa\/wp-json\/wp\/v2\/media?parent=43466"}],"wp:term":[{"taxonomy":"category","embeddable":true,"href":"https:\/\/www.area-press.eu\/comunicatistampa\/wp-json\/wp\/v2\/categories?post=43466"},{"taxonomy":"post_tag","embeddable":true,"href":"https:\/\/www.area-press.eu\/comunicatistampa\/wp-json\/wp\/v2\/tags?post=43466"}],"curies":[{"name":"wp","href":"https:\/\/api.w.org\/{rel}","templated":true}]}}