{"id":43451,"date":"2019-09-06T17:30:08","date_gmt":"2019-09-06T15:30:08","guid":{"rendered":"https:\/\/www.area-press.eu\/comunicatistampa\/?p=43451"},"modified":"2020-08-09T23:35:35","modified_gmt":"2020-08-09T21:35:35","slug":"andrea-giraudo-chi-sarai-mai-e-il-nuovo-singolo-estratto-dallalbum-stare-bene","status":"publish","type":"post","link":"https:\/\/www.area-press.eu\/comunicatistampa\/2019\/09\/06\/andrea-giraudo-chi-sarai-mai-e-il-nuovo-singolo-estratto-dallalbum-stare-bene\/","title":{"rendered":"Andrea Giraudo &#8211;\u00a0 \u201cChi sarai mai\u201d \u00e8 il nuovo singolo estratto dall\u2019album \u201cStare bene\u201d\u00a0"},"content":{"rendered":"<p><img decoding=\"async\" src=\"https:\/\/www.earone.it\/newsimages\/andrea_giraudo_chi_sarai_mai.jpg___th_320_0.jpg\" alt=\"\" \/><\/p>\n<p><i><span style=\"font-weight: 400\">Una canzone di condivisione.<\/span><\/i><\/p>\n<p><b>Chi sarai mai<\/b><span style=\"font-weight: 400\"> \u00e8 un brano da spiaggia, chitarra intorno a un fal\u00f2, senso di amicizia, condivisione. L\u2019intento \u00e8 quello di arrivare a tutti, chiunque nella vita si trova intorno ad un fal\u00f2 con una chitarra.\u00a0<\/span><\/p>\n<p><b>\u201cStare bene<\/b><span style=\"font-weight: 400\">\u201d (album in uscita a gennaio 2019) <\/span><b>rappresenta il diritto di essere qui adesso. <\/b><span style=\"font-weight: 400\">Attraverso questo progetto, Andrea Giraudo vuole parlare di musica universale, quella che non si assoggetta a target, etichette o alla moda del momento. <\/span><b>La musica \u00e8<\/b><span style=\"font-weight: 400\">, appunto, <\/span><b>un linguaggio universale,<\/b><span style=\"font-weight: 400\"> primordiale, non traducibile. La musica unisce, perch\u00e9 cancella differenze altrimenti insormontabili, d\u00e0 risposte semplici con strumenti semplici.<\/span><\/p>\n<p><span style=\"font-weight: 400\">\u201cStare bene\u201d arriva a chiunque, \u00e8 un\u2019esperienza diretta, semplice, fluisce libera come una metafora di colori, odori, sensazioni, sentimenti.<\/span><\/p>\n<p>&nbsp;<\/p>\n<p><b>DICONO DI \u201cSTARE BENE\u201d<\/b><\/p>\n<p><i><span style=\"font-weight: 400\">\u201cStare bene \u00e8 un lavoro dotato di una scrittura arguta, confezionato in maniera semplice ma non per questo demod\u00e8, in cui questo simpatico cantautore si diverte ora a giogioneggiare, ora a indossare i panni dell\u2019elegante chansonnier\u201d. <\/span><\/i><b>Rumore\u00a0\u00a0<\/b><\/p>\n<p><i><span style=\"font-weight: 400\">\u201cStare bene \u00e8 un disco di tante forme e stili diversi, \u00e8 la faccia sorridente di un artista che ci sa fare tanto comunque lontano dai clich\u00e8\u201d. <\/span><\/i><b>Raro Pi\u00f9<\/b><\/p>\n<p><i><span style=\"font-weight: 400\">\u201cMalinconica allegria\u201d. <\/span><\/i><b>Rockerilla<\/b><\/p>\n<p><i><span style=\"font-weight: 400\">\u201cAndrea Giraudo \u00e8 un artigiano della musica non omologato agli stilemi del mainstream, ma piuttosto delle radici ben piantate nella migliore canzone d\u2019autore italiana\u201d. <\/span><\/i><b>Blogfolk<\/b><\/p>\n<p><i><span style=\"font-weight: 400\">\u201cQuesto album \u00e8 una miscela di rock, pop, blues e tango argentino colorato da una voce potente, graffiante, sapientemente controllata che permette di spaziare tra i diversi generi senza difficolt\u00e0 alcuna\u201d.\u00a0<\/span><\/i><b>Music Mag<\/b><\/p>\n<p>&nbsp;<\/p>\n<p><b>Radio date: 30 agosto 2019<\/b><\/p>\n<p><b>Pubblicazione album: 18 gennaio 2019<\/b><\/p>\n<p><b>Etichetta: Rossodisera<\/b><\/p>\n<p>&nbsp;<\/p>\n<p><b>BIO<\/b><\/p>\n<p><span style=\"font-weight: 400\">Non omologato all&#8217;interno di un filone stantio o troppo nuovo. Proiettato dal pianoforte verso il pubblico. Confermato dal labiale e dal piedino di chi ascolta, restituisce sonorit\u00e0 con il calore di una voce roca che rimanda a suoni profondi. La musica e le parole di <\/span><b>Andrea Giraudo<\/b><span style=\"font-weight: 400\"> sanno catturare e avvolgere lo spettatore nella rete magica dell\u2019emozione.<\/span><\/p>\n<p><span style=\"font-weight: 400\">Negli anni di attivit\u00e0 i suoi spettacoli hanno alternato esecuzioni altisonanti come quella del 2007 al <\/span><b>palazzo reale di Aqaba in occasione del compleanno della principessa Bashma Hussein di Giordania<\/b><span style=\"font-weight: 400\"> a intime sonorit\u00e0 in locali di nicchia. Nato nel 1971 Andrea Giraudo ascolta la collezione musicale di famiglia, si appassiona al pianoforte, delizia gi\u00e0 a 10 anni i genitori con La Patetica di Beethoven. Dura poco il rigore di allievo. La sonorit\u00e0 \u00e8 nelle sue vene, nei profondi anfratti della sua mente e per questo abbandona gli studi musicali e lascia scorrere il suo talento.<\/span><\/p>\n<p><span style=\"font-weight: 400\">Il pianoforte diventa la partenza per una rete di sentieri che si diramano dal <\/span><b>tango argentino al pop melodico, al rock\u2018n\u2019roll e tocca il suo vertice pi\u00f9 elevato con l&#8217;amato Blues.<\/b><\/p>\n<p><span style=\"font-weight: 400\">Coofondatore nel 1995 dei &#8220;Madai&#8221;, formazione Rock-Blues che <\/span><b>vince l&#8217;Heineken Tour nel 1996.<\/b><\/p>\n<p><span style=\"font-weight: 400\">Il percorso musicale di Andrea Giraudo tende a esser pi\u00f9 produttivo che interpretativo. Questo non impedisce di partecipare a Festival e Kermesse come <\/span><b>&#8220;Pavese Festival, La Luna e i Fal\u00f2&#8221; <\/b><span style=\"font-weight: 400\">ad agosto 2016 a Santo Stefano Belbo. Dal mese di Ottobre 2016 collabora come ospite musicista al <\/span><b>Teatro &#8220;CAB 41&#8221; di Torino, diretto da Gianpiero Perone.<\/b><\/p>\n<p>&nbsp;<\/p>\n<p><b>Contatti e social<\/b><\/p>\n<p><b>INSTAGRAM: <\/b><a href=\"http:\/\/www.instagram.com\/andreagiragiraudo\/?hl=it\"><b>www.instagram.com\/andreagiragiraudo\/?hl=it<\/b><\/a><\/p>\n<p><b>FACEBOOK:<\/b> <a href=\"http:\/\/www.facebook.com\/staffandreagiraudo\/\"><b>www.facebook.com\/staffandreagiraudo\/<\/b><\/a><\/p>\n<p><b>YOUTUBE:<\/b> <a href=\"http:\/\/www.youtube.com\/channel\/UC-hzh372fqtUK2UfTfaG82A\/featured\"><b>www.youtube.com\/channel\/UC-hzh372fqtUK2UfTfaG82A\/featured<\/b><\/a><b>\u00a0<\/b><\/p>\n","protected":false},"excerpt":{"rendered":"<p>Una canzone di condivisione. Chi sarai mai \u00e8 un brano da spiaggia, chitarra intorno a un fal\u00f2, senso di amicizia, condivisione. L\u2019intento \u00e8 quello di arrivare a tutti, chiunque nella vita si trova intorno ad un fal\u00f2 con una chitarra.\u00a0 \u201cStare bene\u201d (album in uscita a gennaio 2019) rappresenta il diritto di essere qui adesso. [&hellip;]<\/p>\n","protected":false},"author":4383,"featured_media":0,"comment_status":"open","ping_status":"open","sticky":false,"template":"","format":"standard","meta":{"footnotes":""},"categories":[12],"tags":[],"class_list":["post-43451","post","type-post","status-publish","format-standard","hentry","category-musica"],"_links":{"self":[{"href":"https:\/\/www.area-press.eu\/comunicatistampa\/wp-json\/wp\/v2\/posts\/43451","targetHints":{"allow":["GET"]}}],"collection":[{"href":"https:\/\/www.area-press.eu\/comunicatistampa\/wp-json\/wp\/v2\/posts"}],"about":[{"href":"https:\/\/www.area-press.eu\/comunicatistampa\/wp-json\/wp\/v2\/types\/post"}],"author":[{"embeddable":true,"href":"https:\/\/www.area-press.eu\/comunicatistampa\/wp-json\/wp\/v2\/users\/4383"}],"replies":[{"embeddable":true,"href":"https:\/\/www.area-press.eu\/comunicatistampa\/wp-json\/wp\/v2\/comments?post=43451"}],"version-history":[{"count":1,"href":"https:\/\/www.area-press.eu\/comunicatistampa\/wp-json\/wp\/v2\/posts\/43451\/revisions"}],"predecessor-version":[{"id":43452,"href":"https:\/\/www.area-press.eu\/comunicatistampa\/wp-json\/wp\/v2\/posts\/43451\/revisions\/43452"}],"wp:attachment":[{"href":"https:\/\/www.area-press.eu\/comunicatistampa\/wp-json\/wp\/v2\/media?parent=43451"}],"wp:term":[{"taxonomy":"category","embeddable":true,"href":"https:\/\/www.area-press.eu\/comunicatistampa\/wp-json\/wp\/v2\/categories?post=43451"},{"taxonomy":"post_tag","embeddable":true,"href":"https:\/\/www.area-press.eu\/comunicatistampa\/wp-json\/wp\/v2\/tags?post=43451"}],"curies":[{"name":"wp","href":"https:\/\/api.w.org\/{rel}","templated":true}]}}