{"id":433,"date":"2015-07-21T17:23:04","date_gmt":"2015-07-21T15:23:04","guid":{"rendered":"http:\/\/www.area-press.eu\/comunicatistampa\/?p=433"},"modified":"2015-07-21T17:23:04","modified_gmt":"2015-07-21T15:23:04","slug":"nasce-sky-beach-la-nuova-frontiera-del-relax-al-perla-di-nova-gorica","status":"publish","type":"post","link":"https:\/\/www.area-press.eu\/comunicatistampa\/2015\/07\/21\/nasce-sky-beach-la-nuova-frontiera-del-relax-al-perla-di-nova-gorica\/","title":{"rendered":"Nasce \u201cSky Beach\u201d, la nuova frontiera del relax al Perla di Nova Gorica"},"content":{"rendered":"<p style=\"text-align: justify\">Giocare al casin\u00f2, dedicarsi allo sport all\u2019aria aperta, scoprire il patrimonio culturale della regione Gori\u0161ka\u2026 senza rinunciare ad un\u2019invidiabile abbronzatura! E\u2019 quanto promette la <strong>nuova terrazza panoramica \u201cSky Beach\u201d di 170 mq al Perla Casin\u00f2 &amp; Hotel di Nova Gorica, inaugurata sabato 18 luglio<\/strong>.<\/p>\n<p>Attrezzata con comodi lettini, tavolini di appoggio in teak, pavimento in legno sudamericano IPE, due vasche jacuzzi a 5 posti per l\u2019idromassaggio, docce e due aree riservate delimitate da ampie tende bianche, con disponibilit\u00e0 di connessione wi-fi, la terrazza Sky Beach \u00e8 dedicata a tutti coloro che desiderano prendersi una pausa, lasciandosi baciare dai raggi del sole e godendosi un drink insieme agli amici \u2026 a due passi dal cielo!<br \/>\nUn\u2019occasione privilegiata per godere a pieno del sole sempre splendente, ma mai eccessivamente caldo che caratterizza il clima di Nova Gorica anche in piena estate. E a proposito di abbronzatura, presso i numerosi bar del centro \u00e8 possibile optare per <strong>cocktail, bibite isotoniche per recuperare i minerali, succhi di frutta fresca, smoothie, frutta e healthy snack<\/strong>, per proteggere la pelle e garantirle un colore dorato e persistente.<br \/>\nRealizzata con l\u2019impiego di materiali ecocompatibili, la \u201cSky Beach\u201d \u00e8 stata progettata secondo i pi\u00f9 recenti canoni dell\u2019architettura legata al benessere per offrire un\u2019esperienza di relax unica nel suo genere, ed \u00e8 collegata direttamente alla <strong>SPA di 1.000 mq<\/strong>\u00a0dove \u00e8 possibile approfittare di piscine, massaggi e diversi trattamenti benessere. Dedicato in primo luogo agli ospiti dell\u2019hotel, il solarium \u00e8 aperto anche a tutti coloro che accedono alla SPA dall\u2019esterno, in sinergia con gli altri \u201chighlights\u201d del centro: il casin\u00f2 pi\u00f9 grande d\u2019Europa, con 946 slot machines, 87 tavoli da gioco e area \u201cOpen Air\u201d, una cucina di qualit\u00e0 con proposte gastronomiche sfiziose e ricercate nei ristoranti self-service e \u00e0 la carte, e un ricco programma di intrattenimento.<\/p>\n<p>\u201cQuest\u2019anno stiamo investendo molto nel potenziamento dell\u2019offerta alberghiera \u2013 dichiara il <strong>dott. Dimitrij Piciga, presidente CDA della societ\u00e0 Hit<\/strong> \u2013 per offrire sempre pi\u00f9 occasioni di divertimento e benessere ai nostri ospiti e per spingerli a soggiornare pi\u00f9 a lungo e pi\u00f9 volte nel corso dell\u2019anno nelle nostre strutture, approfittando anche delle tante attrattive di carattere turistico e culturale che la nostra regione ha da offrire\u201d.<\/p>\n<p>Nel frattempo continuano i lavori per la ristrutturazione e l\u2019ampliamento del <strong>Caff\u00e8 Dolce Vita<\/strong>, caffetteria interna al Perla che si presenter\u00e0 completamente rinnovata a partire dal mese di agosto.<\/p>\n","protected":false},"excerpt":{"rendered":"<p>Giocare al casin\u00f2, dedicarsi allo sport all\u2019aria aperta, scoprire il patrimonio culturale della regione Gori\u0161ka\u2026 senza rinunciare ad un\u2019invidiabile abbronzatura! E\u2019 quanto promette la nuova terrazza panoramica \u201cSky Beach\u201d di 170 mq al Perla Casin\u00f2 &amp; Hotel di Nova Gorica, inaugurata sabato 18 luglio. Attrezzata con comodi lettini, tavolini di appoggio in teak, pavimento in [&hellip;]<\/p>\n","protected":false},"author":49,"featured_media":0,"comment_status":"open","ping_status":"open","sticky":false,"template":"","format":"standard","meta":{"footnotes":""},"categories":[5,29],"tags":[],"class_list":["post-433","post","type-post","status-publish","format-standard","hentry","category-aziendali","category-comunicati"],"_links":{"self":[{"href":"https:\/\/www.area-press.eu\/comunicatistampa\/wp-json\/wp\/v2\/posts\/433","targetHints":{"allow":["GET"]}}],"collection":[{"href":"https:\/\/www.area-press.eu\/comunicatistampa\/wp-json\/wp\/v2\/posts"}],"about":[{"href":"https:\/\/www.area-press.eu\/comunicatistampa\/wp-json\/wp\/v2\/types\/post"}],"author":[{"embeddable":true,"href":"https:\/\/www.area-press.eu\/comunicatistampa\/wp-json\/wp\/v2\/users\/49"}],"replies":[{"embeddable":true,"href":"https:\/\/www.area-press.eu\/comunicatistampa\/wp-json\/wp\/v2\/comments?post=433"}],"version-history":[{"count":1,"href":"https:\/\/www.area-press.eu\/comunicatistampa\/wp-json\/wp\/v2\/posts\/433\/revisions"}],"predecessor-version":[{"id":450,"href":"https:\/\/www.area-press.eu\/comunicatistampa\/wp-json\/wp\/v2\/posts\/433\/revisions\/450"}],"wp:attachment":[{"href":"https:\/\/www.area-press.eu\/comunicatistampa\/wp-json\/wp\/v2\/media?parent=433"}],"wp:term":[{"taxonomy":"category","embeddable":true,"href":"https:\/\/www.area-press.eu\/comunicatistampa\/wp-json\/wp\/v2\/categories?post=433"},{"taxonomy":"post_tag","embeddable":true,"href":"https:\/\/www.area-press.eu\/comunicatistampa\/wp-json\/wp\/v2\/tags?post=433"}],"curies":[{"name":"wp","href":"https:\/\/api.w.org\/{rel}","templated":true}]}}