{"id":43197,"date":"2019-08-12T16:52:25","date_gmt":"2019-08-12T14:52:25","guid":{"rendered":"https:\/\/www.area-press.eu\/comunicatistampa\/?p=43197"},"modified":"2020-08-09T23:35:36","modified_gmt":"2020-08-09T21:35:36","slug":"leikie-andiamo-al-mare-e-il-nuovo-singolo-della-misteriosa-cantautrice-che-promuove-la-satira-al-femminile","status":"publish","type":"post","link":"https:\/\/www.area-press.eu\/comunicatistampa\/2019\/08\/12\/leikie-andiamo-al-mare-e-il-nuovo-singolo-della-misteriosa-cantautrice-che-promuove-la-satira-al-femminile\/","title":{"rendered":"LeiKi\u00e8 \u201cANDIAMO AL MARE\u201d \u00e8 il nuovo singolo della misteriosa cantautrice che promuove la satira al femminile"},"content":{"rendered":"<p><img loading=\"lazy\" decoding=\"async\" class=\"size-full wp-image-304630 aligncenter\" src=\"https:\/\/www.joyfreepress.com\/wp-content\/uploads\/2019\/08\/leiki\u00e8.png\" alt=\"\" width=\"360\" height=\"360\" \/><\/p>\n<p style=\"text-align: center\"><i><span style=\"font-weight: 400\">Ilarit\u00e0 e riflessione sociale convivono nel brano in uscita durante il solstizio d\u2019estate.\u00a0\u00a0<\/span><\/i><\/p>\n<p><span style=\"font-weight: 400\">Il 21 giugno, per festeggiare il primo giorno d\u2019estate, \u201cLeiKi\u00e8 ci invita ad andare al mare e a ballare con un brano estivo divertente, ironico e ritmato. Non manca per\u00f2 anche un velato invito a riflettere sulle condizioni attuali del nostro ecosistema.\u00a0<\/span><\/p>\n<p><span style=\"font-weight: 400\">Il ritmo da tormentone di \u201cAndiamo al mare\u201d diventa ancora pi\u00f9 virale grazie al suo video musicale buffo e divertente, realizzato con tecniche miste. La cantautrice e attrice, recita live su fondali cartoon animati in mothion graphic, arricchiti con il fotomontaggio di diversi animali. \u00c8 un invito a entrare in un mondo fantasioso, divertente, ingenuo e ludico che ti conquista con le parole, i colori e il ritmo.<\/span><\/p>\n<p><iframe loading=\"lazy\" title=\"Leiki\u00e8 - Andiamo al Mare (Official Video)\" width=\"500\" height=\"281\" src=\"https:\/\/www.youtube.com\/embed\/4XX7r1gakp0?feature=oembed\" frameborder=\"0\" allow=\"accelerometer; autoplay; clipboard-write; encrypted-media; gyroscope; picture-in-picture; web-share\" referrerpolicy=\"strict-origin-when-cross-origin\" allowfullscreen><\/iframe><\/p>\n<p><b>Radiodate: 21 giugno 2019<\/b><\/p>\n<p><b>Etichetta: Not Just Music<\/b><\/p>\n<p>&nbsp;<\/p>\n<p><b>Chi \u00e8 LeiKi\u00e8?<\/b><\/p>\n<p><b>Leiki\u00e8 \u00e8 una domanda, la ricerca di una risposta, o una presa in giro?\u00a0<\/b><\/p>\n<p><span style=\"font-weight: 400\">Nulla di tutto ci\u00f2. Leiki\u00e8 \u00e8 un nome che non conosciamo, o meglio, \u00e8 il nome di una sconosciuta, o meglio ancora, di un\u2019artista sconosciuta. Non solo. \u00c8 il nome di un personaggio che vorremmo conoscere, il cui volto \u00e8 nascosto da un\u2019interpretazione.\u00a0<\/span><\/p>\n<p><b>Satira al femminile, ecco chi \u00e8 Leiki\u00e8.\u00a0<\/b><\/p>\n<p><span style=\"font-weight: 400\">Seppure non ci sia dato sapere chi lei sia, appare al pubblico attraverso l\u2019interpretazione dei suoi buffi personaggi. LeiKie\u2019 si sveler\u00e0 al pubblico attraverso i gli archetipi che interpreter\u00e0 nei videomusicali animati con tecniche miste e da lei diretti. Per ora \u00e8 possibile parlare e conoscere LeiKi\u00e8\u2019 attraverso i protagonisti dell\u2019allegra famigliola e la presentatrice del tg stagionale, presenti in \u201cAndiamo al Mare\u201d.\u00a0<\/span><\/p>\n<p>&nbsp;<\/p>\n<p><b>Contatti e social<\/b><\/p>\n<p><b>\u00a0YOUTUBE\u00a0<\/b><\/p>\n<p><a href=\"https:\/\/www.youtube.com\/channel\/UCzyP6VpwQj-jD5O1SafbDRA\/\"><b>https:\/\/www.youtube.com\/channel\/UCzyP6VpwQj-jD5O1SafbDRA\/<\/b><\/a><b>\u00a0<\/b><\/p>\n<p><b>FACEBOOK\u00a0<\/b><\/p>\n<p><a href=\"https:\/\/www.facebook.com\/Not-Just-Music-402739866740012\/\"><b>https:\/\/www.facebook.com\/Not-Just-Music-402739866740012\/<\/b><\/a><b>\u00a0<\/b><\/p>\n<p><b>INSTAGRAM\u00a0<\/b><\/p>\n<p><a href=\"https:\/\/www.instagram.com\/njm_notjustmusic\/\"><b>https:\/\/www.instagram.com\/njm_notjustmusic\/<\/b><\/a><b>\u00a0<\/b><\/p>\n<p><b>TWITTER\u00a0<\/b><\/p>\n<p><b>https:\/\/twitter.com\/NotJustMusic2<\/b><b>\u00a0<\/b><\/p>\n<p><b>PINTEREST\u00a0<\/b><\/p>\n<p><b>https:\/\/www.pinterest.it\/NotJustMusicNJM<\/b><b>\u00a0<\/b><\/p>\n<p><b>VIMEO\u00a0<\/b><\/p>\n<p><b>https:\/\/vimeo.com\/user85418960<\/b><b>\u00a0<\/b><\/p>\n<p><b>DAILYMOTION\u00a0<\/b><\/p>\n<p><b>https:\/\/www.dailymotion.com\/njmmateriali<\/b><\/p>\n","protected":false},"excerpt":{"rendered":"<p>Ilarit\u00e0 e riflessione sociale convivono nel brano in uscita durante il solstizio d\u2019estate.\u00a0\u00a0 Il 21 giugno, per festeggiare il primo giorno d\u2019estate, \u201cLeiKi\u00e8 ci invita ad andare al mare e a ballare con un brano estivo divertente, ironico e ritmato. Non manca per\u00f2 anche un velato invito a riflettere sulle condizioni attuali del nostro ecosistema.\u00a0 [&hellip;]<\/p>\n","protected":false},"author":4383,"featured_media":0,"comment_status":"open","ping_status":"open","sticky":false,"template":"","format":"standard","meta":{"footnotes":""},"categories":[12],"tags":[],"class_list":["post-43197","post","type-post","status-publish","format-standard","hentry","category-musica"],"_links":{"self":[{"href":"https:\/\/www.area-press.eu\/comunicatistampa\/wp-json\/wp\/v2\/posts\/43197","targetHints":{"allow":["GET"]}}],"collection":[{"href":"https:\/\/www.area-press.eu\/comunicatistampa\/wp-json\/wp\/v2\/posts"}],"about":[{"href":"https:\/\/www.area-press.eu\/comunicatistampa\/wp-json\/wp\/v2\/types\/post"}],"author":[{"embeddable":true,"href":"https:\/\/www.area-press.eu\/comunicatistampa\/wp-json\/wp\/v2\/users\/4383"}],"replies":[{"embeddable":true,"href":"https:\/\/www.area-press.eu\/comunicatistampa\/wp-json\/wp\/v2\/comments?post=43197"}],"version-history":[{"count":1,"href":"https:\/\/www.area-press.eu\/comunicatistampa\/wp-json\/wp\/v2\/posts\/43197\/revisions"}],"predecessor-version":[{"id":43199,"href":"https:\/\/www.area-press.eu\/comunicatistampa\/wp-json\/wp\/v2\/posts\/43197\/revisions\/43199"}],"wp:attachment":[{"href":"https:\/\/www.area-press.eu\/comunicatistampa\/wp-json\/wp\/v2\/media?parent=43197"}],"wp:term":[{"taxonomy":"category","embeddable":true,"href":"https:\/\/www.area-press.eu\/comunicatistampa\/wp-json\/wp\/v2\/categories?post=43197"},{"taxonomy":"post_tag","embeddable":true,"href":"https:\/\/www.area-press.eu\/comunicatistampa\/wp-json\/wp\/v2\/tags?post=43197"}],"curies":[{"name":"wp","href":"https:\/\/api.w.org\/{rel}","templated":true}]}}