{"id":43185,"date":"2019-08-12T16:52:24","date_gmt":"2019-08-12T14:52:24","guid":{"rendered":"https:\/\/www.area-press.eu\/comunicatistampa\/?p=43185"},"modified":"2020-08-09T23:35:37","modified_gmt":"2020-08-09T21:35:37","slug":"ivan-malibu-e-il-nuovo-singolo-del-cantautore-milanese","status":"publish","type":"post","link":"https:\/\/www.area-press.eu\/comunicatistampa\/2019\/08\/12\/ivan-malibu-e-il-nuovo-singolo-del-cantautore-milanese\/","title":{"rendered":"IVAN \u201cMALIBU\u201d \u00e8 il nuovo singolo del cantautore milanese"},"content":{"rendered":"<p><img loading=\"lazy\" decoding=\"async\" class=\"size-full wp-image-303777 aligncenter\" src=\"https:\/\/www.joyfreepress.com\/wp-content\/uploads\/2019\/07\/image1.png\" alt=\"\" width=\"400\" height=\"400\" \/><\/p>\n<p><i><span style=\"font-weight: 400\">Fal\u00f2 in spiaggia, serate danzanti, amici e mare: questi sono gli elementi perfetti che costruiscono lo scenario disegnato dalla canzone pop-dance in radio dal 12 luglio.<\/span><\/i><\/p>\n<p><span style=\"font-weight: 400\">Malibu \u00e8 un party estivo a bordo piscina, in un locale o in barca, \u00e8 freschezza, \u00e8 voglia di amare, voglia di gridare, voglia di non avere limiti n\u00e9 regole, voglia di non avere orari. <\/span><b>Malibu \u00e8 estate.<\/b><\/p>\n<p><span style=\"font-weight: 400\">Con una <\/span><b>ritmica decisa e un synth rivoluzionaro<\/b><span style=\"font-weight: 400\">, il pezzo richiama le sonorit\u00e0 americane di Major Lazer e dei The Chainsmokers. Il brano ha <\/span><b>un\u2019anima pop<\/b><span style=\"font-weight: 400\">, sia nella strofa e nei bridge, <\/span><b>ma soprattutto dance<\/b><span style=\"font-weight: 400\">, in un ritornello che esplode in una melodia che sar\u00e0 difficile togliersi dalla testa.\u00a0<\/span><\/p>\n<p><b>Malibu racconta di un amore estivo<\/b><span style=\"font-weight: 400\"> che scotta, pi\u00f9 della sabbia rovente. Come la maggior parte degli amori estivi, anche questo, sembra destinato ad affievolirsi, fino a spegnersi, con il cessare delle vacanze, senza per\u00f2 perdere la voglia di essere vissuto a pieno fino all\u2019ultimo secondo.\u00a0<\/span><\/p>\n<p><b>Il brano \u00e8 stato prodotto dal team di Nuvole e Sole Produzioni musicali<\/b><span style=\"font-weight: 400\">, a cui Ivan ha affidato il suo primo disco, la cui uscita \u00e8 programmata per i primi mesi del 2020.<\/span><\/p>\n<p>&nbsp;<\/p>\n<p><a href=\"https:\/\/youtu.be\/58IpxnCxDSI\">https:\/\/youtu.be\/58IpxnCxDSI<\/a><\/p>\n<p>&nbsp;<\/p>\n<p><b>Radio date: 12 luglio 2019<\/b><\/p>\n<p><b>Etichetta\/edizioni: Nuvole e Sole\u00a0<\/b><\/p>\n<p>&nbsp;<\/p>\n<p><b>BIO<\/b><\/p>\n<p><b>Ivan Fiorentino nasce al Milano il 15 gennaio 1996<\/b><span style=\"font-weight: 400\">, sin da piccolo si dimostra amante della musica. All&#8217;et\u00e0 di sedici anni, contemporaneamente con gli studi superiori, intraprende la via del canto, incominciando a prendere lezioni presso l&#8217;istituto Franco Vittadini di Pavia. Sotto la guida della sua insegnante, Claudia D&#8217;Ulisse, Ivan inizia a delineare il suo mood musicale. I successivi due anni sono stati fondamentali per la crescita vocale e artistica del cantante. Ivan ha iniziato a lavorare con Luigi La Grassa (pi\u00f9 noto come Gino, frontman della band &#8220;Studio3&#8221;) con il quale, presso l&#8217;Overdrive Studio di Milano, ha prodotto un EP di 4 brani. A Gennaio 2018 Ivan inizia a lavorare con il team Nuvole e Sole produzioni musicali. A loro affida il remix di due dei brani prodotti in precedenza e la produzione di un nuovo progetto discografico. Il primo dei due brani ad essere pubblicato \u00e8 stato &#8220;Vento e cenere&#8221;, disponibile su tutti i digital stores dal 1\/6\/2018. Il testo \u00e8 stato scritto interamente da Ivan e parla di un giovane amore che fa di tutto per non sbiadire. Nell\u2019autunno del 2018 intraprende il cammino di <\/span><b>Area Sanremo<\/b><span style=\"font-weight: 400\"> giungendo e purtroppo fermandosi alle finali nazionali. Nello stesso periodo pubblica il suo secondo singolo, \u201cE\u2019 tutto chiaro adesso\u201d, una ballad d\u2019amore, che ad oggi conta 35 mila streams su Spotify. Ivan, durante la primavera del 2019 ha partecipato ad altri concorsi che lo hanno portato a due secondi posti, il primo a Riccione nel contest <\/span><b>\u201cPromuovi la tua musica\u201d<\/b><span style=\"font-weight: 400\"> ed il secondo a Foggia, al concorso <\/span><b>\u201cUmberto Giordano\u201d<\/b><span style=\"font-weight: 400\">, dove in giuria presiedevano L\u2019Olandese Volante e Elio di Elio e le storie tese. Attualmente, il giovane cantante, sta ultimando il suo primo disco in studio, preparando inoltre, un nuovo brano con cui ritentare il percorso sanremese.<\/span><\/p>\n<p>&nbsp;<\/p>\n<p><b>Contatti e social<\/b><\/p>\n<p><span style=\"font-weight: 400\">Instagram\u00a0<\/span><a href=\"https:\/\/www.instagram.com\/ivhin.mp3\/\"><span style=\"font-weight: 400\">https:\/\/www.instagram.com\/ivhin.mp3\/<\/span><\/a><\/p>\n<p><span style=\"font-weight: 400\">Facebook\u00a0<\/span><a href=\"https:\/\/www.facebook.com\/ivanfiorentino96\/?ref=bookmarks\"><span style=\"font-weight: 400\">https:\/\/www.facebook.com\/ivanfiorentino96\/?ref=bookmarks<\/span><\/a><\/p>\n<p><span style=\"font-weight: 400\">Spotify\u00a0<\/span><a href=\"https:\/\/open.spotify.com\/artist\/6cywO6x5BhgEXxZMyRmbWz\"><span style=\"font-weight: 400\">https:\/\/open.spotify.com\/artist\/6cywO6x5BhgEXxZMyRmbWz<\/span><\/a><\/p>\n","protected":false},"excerpt":{"rendered":"<p>Fal\u00f2 in spiaggia, serate danzanti, amici e mare: questi sono gli elementi perfetti che costruiscono lo scenario disegnato dalla canzone pop-dance in radio dal 12 luglio. Malibu \u00e8 un party estivo a bordo piscina, in un locale o in barca, \u00e8 freschezza, \u00e8 voglia di amare, voglia di gridare, voglia di non avere limiti n\u00e9 [&hellip;]<\/p>\n","protected":false},"author":4383,"featured_media":0,"comment_status":"open","ping_status":"open","sticky":false,"template":"","format":"standard","meta":{"footnotes":""},"categories":[12],"tags":[],"class_list":["post-43185","post","type-post","status-publish","format-standard","hentry","category-musica"],"_links":{"self":[{"href":"https:\/\/www.area-press.eu\/comunicatistampa\/wp-json\/wp\/v2\/posts\/43185","targetHints":{"allow":["GET"]}}],"collection":[{"href":"https:\/\/www.area-press.eu\/comunicatistampa\/wp-json\/wp\/v2\/posts"}],"about":[{"href":"https:\/\/www.area-press.eu\/comunicatistampa\/wp-json\/wp\/v2\/types\/post"}],"author":[{"embeddable":true,"href":"https:\/\/www.area-press.eu\/comunicatistampa\/wp-json\/wp\/v2\/users\/4383"}],"replies":[{"embeddable":true,"href":"https:\/\/www.area-press.eu\/comunicatistampa\/wp-json\/wp\/v2\/comments?post=43185"}],"version-history":[{"count":1,"href":"https:\/\/www.area-press.eu\/comunicatistampa\/wp-json\/wp\/v2\/posts\/43185\/revisions"}],"predecessor-version":[{"id":43187,"href":"https:\/\/www.area-press.eu\/comunicatistampa\/wp-json\/wp\/v2\/posts\/43185\/revisions\/43187"}],"wp:attachment":[{"href":"https:\/\/www.area-press.eu\/comunicatistampa\/wp-json\/wp\/v2\/media?parent=43185"}],"wp:term":[{"taxonomy":"category","embeddable":true,"href":"https:\/\/www.area-press.eu\/comunicatistampa\/wp-json\/wp\/v2\/categories?post=43185"},{"taxonomy":"post_tag","embeddable":true,"href":"https:\/\/www.area-press.eu\/comunicatistampa\/wp-json\/wp\/v2\/tags?post=43185"}],"curies":[{"name":"wp","href":"https:\/\/api.w.org\/{rel}","templated":true}]}}