{"id":43183,"date":"2019-08-12T16:52:24","date_gmt":"2019-08-12T14:52:24","guid":{"rendered":"https:\/\/www.area-press.eu\/comunicatistampa\/?p=43183"},"modified":"2020-08-09T23:42:30","modified_gmt":"2020-08-09T21:42:30","slug":"fiumano-domenico-violi-nu-cantu-anticu","status":"publish","type":"post","link":"https:\/\/www.area-press.eu\/comunicatistampa\/2019\/08\/12\/fiumano-domenico-violi-nu-cantu-anticu\/","title":{"rendered":"FIUMAN\u00d2 DOMENICO VIOLI \u201cNU CANTU ANTICU\u201d"},"content":{"rendered":"<p><img loading=\"lazy\" decoding=\"async\" class=\"wp-image-302910 aligncenter\" src=\"https:\/\/www.joyfreepress.com\/wp-content\/uploads\/2019\/07\/fiumna\u00f2.jpg\" alt=\"\" width=\"404\" height=\"404\" \/><\/p>\n<p><i><span style=\"font-weight: 400\">I<\/span><\/i><i><span style=\"font-weight: 400\">n radio dal 29 giugno, il singolo anticipa \u201c9 minuti 9\u201d, il concept album del compositore-poeta che verr\u00e0 pubblicato in autunno.<\/span><\/i><\/p>\n<p><b>Illustrazione di Lorenzo Fantetti<\/b><\/p>\n<p><b>\u201cNu cantu anticu\u201d<\/b><span style=\"font-weight: 400\"> \u00e8 un canto antico, una storia che ci ripropone drammi gi\u00e0 visti, il passo dell\u2019uomo antiorario, una storia stanca e rassegnata come rassegnato sembra il mondo. Un racconto di sale tra le labbra, di radici recise e forzati distacchi. Di genti che nulla hanno mai posseduto, se non la dignit\u00e0, quella dignit\u00e0 dentro lo sguardo che quando ti prende in quadrato, ti disarma e che dentro ti taglia. Nulla in tasca se non un pugno di terra, la propria, per raccontare ai propri figli un giorno da dove si \u00e8 scappati e del perch\u00e9, di quella disperazione tra utopia e sogno, la speranza di trovare un po&#8217; di vita, ovunque e a qualunque costo.<\/span><\/p>\n<p><span style=\"font-weight: 400\">\u201cNu cantu anticu\u201d anticipa <\/span><b>\u201c9 MINUTI 9\u201d, un percorso sonoro e al contempo umano, politico, poetico, spirituale e affettivo<\/b><span style=\"font-weight: 400\"> che apre finestre da dove guardare e guardarsi, da dove rallentare, fermarsi:<\/span><\/p>\n<p><i><span style=\"font-weight: 400\">\u00abSono stato in silenzio molti anni, come sapete. Un silenzio pubblico, non certo dell\u2019anima e della mente. Un silenzio che sentivo necessario, vitale, per potermi concentrare, con tempi e spazi opportuni, sulla scrittura. E oggi \u00e8 con una grande emozione, un&#8217;emozione quasi commossa, certamente orgogliosa, che sono qui a parlarvi del mio ultimo intenso parto creativo. Non lo chiamer\u00f2 \u201cdisco\u201d, non lo chiamer\u00f2 \u201calbum\u201d, non lo chiamer\u00f2 \u201cprodotto discografico\u201d, perch\u00e9 (per me) \u00e8 molto pi\u00f9 di questo. \u00c8 la mia voce forte e chiara a dire, a chi vorr\u00e0 ascoltare, che la vita \u00e8 sacra, che la vita \u00e8 diritto primario e primordiale, e come tale va protetta e tutelata a qualunque costo, in qualunque circostanza. \u00c8 l\u2019impegno che ho scelto di prendermi per far s\u00ec che la mia musica non si vestisse solo d\u2019estetica, ma potesse essere anche un etico strumento da mettere al servizio dei senza voce. \u00c8 un viaggio in certi gironi della vita di chi ha commesso errori il cui prezzo gli \u00e8 stato presentato con troppi interessi, interessi inaccettabili. Un viaggio tra i condannati. Condannati per un crimine.<\/span><\/i><i><span style=\"font-weight: 400\"><br \/>\n<\/span><\/i><i><span style=\"font-weight: 400\">Condannati per una scelta impopolare. Condannati per un&#8217;idea. Condannati per essere venuti al mondo alla latitudine sbagliata. \u00c8 un viaggio complesso, che racconter\u00f2 con la dovuta calma, amici miei, la stessa con cui l&#8217;ho intrapreso io\u00bb <\/span><\/i><b>Fiuman\u00f2 Domenico Violi<\/b><\/p>\n<p><b>Radio date: 29 giugno 2019<\/b><\/p>\n<p><b>Pubblicazione album: autunno 2019<\/b><\/p>\n<p>&nbsp;<\/p>\n<p><b>BREVE TRATTO BIOGRAFICO, COGNITIVO ED EMOTIVO<\/b> <b>DI FIUMAN\u00d2 DOMENICO VIOLI<\/b><\/p>\n<p><span style=\"font-weight: 400\">Debutta discograficamente nel 1996: con \u201c<\/span><b>Exodos 23\/11\/1080\u201d preludio<\/b> <b>in SI b minore,<\/b> <b>dedicato al sisma dell\u2019Irpinia con recitativo in Grecanico. <\/b><span style=\"font-weight: 400\">Alla musica e alle parole unisce la fotografia, la scultura, il viaggiare, da dove trae ispirazione, tessendo parole su armonie e melodie, trame, sceneggiature per piccoli film in parte ancora tutti da girare. Nel 2004 arriva il suo primo contratto discografico (Dogimi Edizioni Musicali \/ Sony Music) con l\u2019album di canzoni <\/span><b>Ero jazz e non lo sapevo<\/b><span style=\"font-weight: 400\"> da cui ha tratto i corto metraggi ad indirizzo pedagogico: &#8211; GIORNI STRANI &#8211; COME UN ALBERO PICCOLO &#8211; in ordine, seconda e ottava traccia dell\u2019album, molto apprezzati dal mondo dell\u2019istruzione, dal pubblico e dalla critica. Presentato a Milano, alla Salumeria della Musica, il concerto ottiene un tutto esaurito che gli \u00e8 valso un tour promozionale alle librerie Feltrinelli di tutta la Penisola, e poi ancora un cospicuo numero di concerti, interviste, recensioni, ospite in radio e in televisione. Ed ecco, ancora un altro viaggio un altro mezzo, in sella alla sua bicicletta, multi cromatica, assieme a JLC fidatissimo sestante e navigato motorista di antiche rotte, fratello ed utopista sognatore, visionario e combattente. Dunque, altre visioni altre prospettive, F.D.V inizia a pedalare fino al 2008, anno in cui, per Dogimi Edizioni Musicali \/ Sony Music\/ BMG pubblica il suo secondo album di canzoni: <\/span><b>Il Biciclettista<\/b><span style=\"font-weight: 400\">, album che mette d\u2019accordo ancora una volta pubblico e critica, un viaggio che riconferma, una forte attenzione al sociale, dove le parole diventano impegno verso l\u2019altro, poesia e musica dal tratto personale e riconoscibile. Al Giffoni Film Festival, con <\/span><i><span style=\"font-weight: 400\">Pedala Pedala<\/span><\/i><span style=\"font-weight: 400\"> e <\/span><i><span style=\"font-weight: 400\">Anime Contro Anime<\/span><\/i><span style=\"font-weight: 400\">, in ordine, prima e terza traccia dell\u2019album colonna sonora del corto metraggio fuori concorso nella sezione Verso Sud: The Red Ballon, tratto dal libro \u201cIl bambino Golia\u201d di Alfonso Gatto, regia di Attilio Bonadies &amp; Mario Guarino. Fiuman\u00f2 Domenico Violi, un\u2019anima oltre il bordo del mare, di cui \u00e8 voce e strumento principe, un tempio armonico, melodico, ritmico, eufonico ed empatico, incorniciato in brevi ed intensi quadri espositivi.\u00a0<\/span><\/p>\n<p><b>Contatti social<\/b><\/p>\n<p><b>Fb <\/b><a href=\"https:\/\/www.facebook.com\/fiumanodomenicovioli\/\"><b>https:\/\/www.facebook.com\/fiumanodomenicovioli\/<\/b><\/a><\/p>\n","protected":false},"excerpt":{"rendered":"<p>In radio dal 29 giugno, il singolo anticipa \u201c9 minuti 9\u201d, il concept album del compositore-poeta che verr\u00e0 pubblicato in autunno. Illustrazione di Lorenzo Fantetti \u201cNu cantu anticu\u201d \u00e8 un canto antico, una storia che ci ripropone drammi gi\u00e0 visti, il passo dell\u2019uomo antiorario, una storia stanca e rassegnata come rassegnato sembra il mondo. Un [&hellip;]<\/p>\n","protected":false},"author":4383,"featured_media":0,"comment_status":"open","ping_status":"open","sticky":false,"template":"","format":"standard","meta":{"footnotes":""},"categories":[12],"tags":[],"class_list":["post-43183","post","type-post","status-publish","format-standard","hentry","category-musica"],"_links":{"self":[{"href":"https:\/\/www.area-press.eu\/comunicatistampa\/wp-json\/wp\/v2\/posts\/43183","targetHints":{"allow":["GET"]}}],"collection":[{"href":"https:\/\/www.area-press.eu\/comunicatistampa\/wp-json\/wp\/v2\/posts"}],"about":[{"href":"https:\/\/www.area-press.eu\/comunicatistampa\/wp-json\/wp\/v2\/types\/post"}],"author":[{"embeddable":true,"href":"https:\/\/www.area-press.eu\/comunicatistampa\/wp-json\/wp\/v2\/users\/4383"}],"replies":[{"embeddable":true,"href":"https:\/\/www.area-press.eu\/comunicatistampa\/wp-json\/wp\/v2\/comments?post=43183"}],"version-history":[{"count":1,"href":"https:\/\/www.area-press.eu\/comunicatistampa\/wp-json\/wp\/v2\/posts\/43183\/revisions"}],"predecessor-version":[{"id":43184,"href":"https:\/\/www.area-press.eu\/comunicatistampa\/wp-json\/wp\/v2\/posts\/43183\/revisions\/43184"}],"wp:attachment":[{"href":"https:\/\/www.area-press.eu\/comunicatistampa\/wp-json\/wp\/v2\/media?parent=43183"}],"wp:term":[{"taxonomy":"category","embeddable":true,"href":"https:\/\/www.area-press.eu\/comunicatistampa\/wp-json\/wp\/v2\/categories?post=43183"},{"taxonomy":"post_tag","embeddable":true,"href":"https:\/\/www.area-press.eu\/comunicatistampa\/wp-json\/wp\/v2\/tags?post=43183"}],"curies":[{"name":"wp","href":"https:\/\/api.w.org\/{rel}","templated":true}]}}