{"id":43053,"date":"2019-08-04T01:03:17","date_gmt":"2019-08-03T23:03:17","guid":{"rendered":"https:\/\/www.area-press.eu\/comunicatistampa\/?p=43053"},"modified":"2019-08-04T01:03:17","modified_gmt":"2019-08-03T23:03:17","slug":"luigi-ferraris-la-carriera-dellamministratore-delegato-e-dg-di-terna","status":"publish","type":"post","link":"https:\/\/www.area-press.eu\/comunicatistampa\/2019\/08\/04\/luigi-ferraris-la-carriera-dellamministratore-delegato-e-dg-di-terna\/","title":{"rendered":"Luigi Ferraris: la carriera dell\u2019Amministratore Delegato e DG di Terna"},"content":{"rendered":"<p><em><strong>Originario di Legnano, paese della provincia di Milano, <a title=\"Luigi Ferraris - Luiss\" href=\"https:\/\/businessschool.luiss.it\/faculty-research\/adjunct-faculty\/ferraris-luigi\/\">Luigi Ferraris<\/a> ha alle spalle un background di matrice economico-commerciale. Laureatosi presso l&#8217;Universit\u00e0 di Genova, oggi \u00e8 Amministratore Delegato e Direttore Generale del Gruppo Terna. <\/strong><\/em><\/p>\n<p><a title=\"Luigi Ferraris, AD Terna: biografia Luiss\" href=\"https:\/\/businessschool.luiss.it\/faculty-research\/adjunct-faculty\/ferraris-luigi\/\"><img loading=\"lazy\" decoding=\"async\" src=\"https:\/\/businessschool.luiss.it\/wp-content\/uploads\/2016\/05\/Luigi_Ferraris.jpg\" alt=\"Luigi Ferraris\" width=\"130\" height=\"130\" \/><\/a><\/p>\n<h2>Luigi Ferraris: l&#8217;iter professionale dell&#8217;Amministratore Delegato e Direttore Generale di Terna<\/h2>\n<p><strong>Luigi Ferraris<\/strong>, originario di Legnano, paese della provincia di Milano consegue la laurea in Economia e Commercio presso l&#8217;Universit\u00e0 di Genova. Muove i primi passi professionali nel 1988 presso Price Waterhouse e gli anni successivi matura diverse esperienze all&#8217;interno di importanti aziende internazionali quali Agusta, Piaggio VE, Sasib Beverage, Elsag Bailey Process Automation, Enel e il Gruppo Poste Italiane, dove si occupa del monitoraggio della quotazione in Borsa della societ\u00e0. Nell&#8217;aprile del 2017, ottenuta la nomina di Amministratore Delegato e Direttore Generale di <strong>Terna<\/strong> S.p.A., si impegna a incoraggiare e agevolare il processo di innovazione, digitalizzazione e sostenibilit\u00e0. Luigi Ferraris ha all&#8217;attivo esperienze in campo accademico: \u00e8 docente di &#8220;Corporate Strategy&#8221; presso la LUISS Business School, dove \u00e8 stato altres\u00ec docente di numerosi corsi come quelli di &#8220;Energy Management&#8221; e &#8220;Strategie d&#8217;impresa&#8221; nell&#8217;ambito del Master in Business Administration. In passato ha tenuto i corsi di &#8220;Planning and Control&#8221;, &#8220;Sistemi di controllo di Gestione&#8221;, &#8220;Corporate finance avanzato&#8221; e &#8220;Corporate Strategy&#8221; presso il dipartimento di Impresa e Management dell&#8217;Universit\u00e0 LUISS Guido Carli di Roma.<\/p>\n<h2>Terna: il profilo della societ\u00e0 guidata da Luigi Ferraris<\/h2>\n<p>Guidata dall&#8217;Amministratore Delegato e Direttore Generale <strong><a title=\"Luigi Ferraris, profilo universit\u00e0 Luiss\" href=\"https:\/\/businessschool.luiss.it\/faculty-research\/adjunct-faculty\/ferraris-luigi\/\">Luigi Ferraris<\/a><\/strong>, <strong>Terna<\/strong> \u00e8 uno dei pi\u00f9 grandi operatori di reti per la trasmissione dell&#8217;energia elettrica e si inserisce tra le realt\u00e0 d&#8217;eccellenza italiana. Nello specifico, si occupa della programmazione, sviluppo e manutenzione della Rete coniugando competenze, tecnologie e innovazione in linea con le best practices internazionali. Il Gruppo gestisce 72.900 km di linee in alta tensione ed \u00e8 responsabile della trasmissione e del dispacciamento dell&#8217;energia, e pertanto della gestione in totale sicurezza dell&#8217;equilibrio tra la domanda e l&#8217;offerta di energia elettrica in Italia. La societ\u00e0 guidata da <strong>Luigi Ferraris<\/strong> ha conseguito importanti traguardi e risultati durante gli ultimi anni di attivit\u00e0, riuscendo ad essere inclusa in prestigiosi indici di sostenibilit\u00e0, tra cui il Bloomberg Gender Equality Index, che la pone tra le 230 aziende al mondo che contribuiscono a creare ambienti di lavoro pi\u00f9 equi e inclusivi. Grazie al Piano di Sviluppo decennale approvato nel 2017, <strong>Terna<\/strong> ha portato avanti, sotto la guida di Ferraris, il processo di integrazione delle fonti energetiche rinnovabili, creando un profondo cambio di marcia a livello ambientale ed economico. Nel marzo 2019, \u00e8 stato presentato il nuovo piano strategico quinquennale del Gruppo che prevede 6,2 miliardi di investimenti sulla rete elettrica italiana, l&#8217;impegno economico pi\u00f9 alto di sempre.<\/p>\n","protected":false},"excerpt":{"rendered":"<p>Originario di Legnano, paese della provincia di Milano, Luigi Ferraris ha alle spalle un background di matrice economico-commerciale. Laureatosi presso l&#8217;Universit\u00e0 di Genova, oggi \u00e8 Amministratore Delegato e Direttore Generale del Gruppo Terna. Luigi Ferraris: l&#8217;iter professionale dell&#8217;Amministratore Delegato e Direttore Generale di Terna Luigi Ferraris, originario di Legnano, paese della provincia di Milano consegue [&hellip;]<\/p>\n","protected":false},"author":3860,"featured_media":0,"comment_status":"open","ping_status":"open","sticky":false,"template":"","format":"standard","meta":{"footnotes":""},"categories":[5,29],"tags":[13847,17416],"class_list":["post-43053","post","type-post","status-publish","format-standard","hentry","category-aziendali","category-comunicati","tag-luigi-ferraris","tag-terna"],"_links":{"self":[{"href":"https:\/\/www.area-press.eu\/comunicatistampa\/wp-json\/wp\/v2\/posts\/43053","targetHints":{"allow":["GET"]}}],"collection":[{"href":"https:\/\/www.area-press.eu\/comunicatistampa\/wp-json\/wp\/v2\/posts"}],"about":[{"href":"https:\/\/www.area-press.eu\/comunicatistampa\/wp-json\/wp\/v2\/types\/post"}],"author":[{"embeddable":true,"href":"https:\/\/www.area-press.eu\/comunicatistampa\/wp-json\/wp\/v2\/users\/3860"}],"replies":[{"embeddable":true,"href":"https:\/\/www.area-press.eu\/comunicatistampa\/wp-json\/wp\/v2\/comments?post=43053"}],"version-history":[{"count":1,"href":"https:\/\/www.area-press.eu\/comunicatistampa\/wp-json\/wp\/v2\/posts\/43053\/revisions"}],"predecessor-version":[{"id":43055,"href":"https:\/\/www.area-press.eu\/comunicatistampa\/wp-json\/wp\/v2\/posts\/43053\/revisions\/43055"}],"wp:attachment":[{"href":"https:\/\/www.area-press.eu\/comunicatistampa\/wp-json\/wp\/v2\/media?parent=43053"}],"wp:term":[{"taxonomy":"category","embeddable":true,"href":"https:\/\/www.area-press.eu\/comunicatistampa\/wp-json\/wp\/v2\/categories?post=43053"},{"taxonomy":"post_tag","embeddable":true,"href":"https:\/\/www.area-press.eu\/comunicatistampa\/wp-json\/wp\/v2\/tags?post=43053"}],"curies":[{"name":"wp","href":"https:\/\/api.w.org\/{rel}","templated":true}]}}