{"id":43047,"date":"2019-08-04T01:02:38","date_gmt":"2019-08-03T23:02:38","guid":{"rendered":"https:\/\/www.area-press.eu\/comunicatistampa\/?p=43047"},"modified":"2019-08-04T01:02:38","modified_gmt":"2019-08-03T23:02:38","slug":"dal-7-al-9-agosto-torna-la-vi-edizione-di-escajazz-tre-giorni-indimenticabili-di-jazz-internazionale-nel-cuore-dellirpinia-dei-grandi-vini-in-programma-anche-laboratori-per-bambini-yoga","status":"publish","type":"post","link":"https:\/\/www.area-press.eu\/comunicatistampa\/2019\/08\/04\/dal-7-al-9-agosto-torna-la-vi-edizione-di-escajazz-tre-giorni-indimenticabili-di-jazz-internazionale-nel-cuore-dellirpinia-dei-grandi-vini-in-programma-anche-laboratori-per-bambini-yoga\/","title":{"rendered":"Dal 7 al 9 agosto torna la VI edizione di EscaJazz, tre giorni indimenticabili di jazz internazionale nel cuore dell\u2019Irpinia dei grandi vini. In programma anche laboratori per bambini, yoga,&#8230;"},"content":{"rendered":"<p>Al via la VI edizione per il festival <a href=\"http:\/\/www.escajazz.com\"><b>EscaJazz<\/b><\/a><b> <\/b>che si svolger\u00e0, da mercoled\u00ec 7 a venerd\u00ec 9 agosto, nel centro storico di Sant\u2019Angelo all\u2019Esca (Av). In programma tre intense giornate di grande jazz internazionale ma non solo; EscaJazz, infatti, promuove il territorio con l\u2019enogastronomia e la cultura con momenti formativi, per musicisti e bambini, e l\u2019antica saggezza orientale dello yoga.<\/p>\n<p>Sul grande palco di Piazza Fante d\u2019Italia, che ha come scenografia il panorama della media Valle del Calore, sono ormai di casa le star del jazz italiano ed internazionale, grazie alla passione dell\u2019Associazione EscaJazz di cui \u00e8 Presidente e Direttore Artistico Michele Penta.<span class=\"Apple-converted-space\">\u00a0<\/span><\/p>\n<p>\u201cVogliamo offrire al pubblico un\u2019esperienza sempre migliore &#8211; spiega Michele Penta &#8211; EscaJazz \u00e8 nato come una scommessa: portare il grande jazz in un paese di 700 abitanti nel cuore dell\u2019Irpinia. Oggi \u00e8 un Festival riconosciuto, che richiama appassionati dalla Campania e oltre, anche grazie ad un territorio che, per la sua vocazione vitivinicola, vanta paesaggi ameni e ottimi prodotti. Il programma mette insieme proposte variegate, per avvicinare i neofiti al jazz ma anche per soddisfare gli appassionati di strumenti e stili diversi. Partiremo infatti con la cantante americana Lauren Henderson accompagnata da Flavio Boltro, uno dei pi\u00f9 grandi trombettisti italiani; nella seconda serata avremo il classico trio jazzistico nella doppia versione al tramonto, con Ergio Valente Trio, e alla sera, con Francesco Ciniglio, Danny Grissett e Dario Deidda. Il terzo concerto, quello con Francesco Cafiso, ci mostrer\u00e0 l\u2019amore di questo musicista per la sua Sicilia, virando quindi verso sonorit\u00e0 pi\u00f9 mediterranee\u201d.<span class=\"Apple-converted-space\">\u00a0<\/span><\/p>\n<p>La manifestazione si apre mercoled\u00ec 7 il primo live della serata \u00e8 con il chitarrista <b>Giuliano Vozella<\/b>, alle 19.30. Alle 21.30 <b>Lauren Henderson<\/b> salir\u00e0 sul palco del belvedere di Piazza Fante d\u2019Italia per il concerto con <b>Flavio Boltro<\/b> e l\u2019<b>Elio Coppola Quartet<\/b>. Questa la formazione: Lauren Henderson, voce; Flavio Boltro, tromba; Elio Coppola, batteria, Massimo Barrella, chitarra e Giuseppe Venezia, contrabbasso. Segue la jam session con l\u2019<b>Andrea Rea Trio<\/b> con il pianista napoletano accompagnato da Gianfranco Coppola al contrabbasso e Marco Gagliano alla batteria. Gioved\u00ec 8 la musica inizia al tramonto con <b>Ergio Valente Trio<\/b> che presenter\u00e0 il suo disco \u201cStarter\u201d suonando con Aldo Capasso al contrabbasso e Marco Fazzari alla batteria. Alle 21.30, sempre sul main stage di Piazza Fante d\u2019Italia \u00e8 la volta di <b>Francesco Ciniglio<\/b>, batterista, con il pianista americano <b>Danny Grissett <\/b>e il bassista <b>Dario Deidda<\/b>. Chiude la serata la jam session con Ergio Valente Trio. La giornata conclusiva, venerd\u00ec 9, si apre alle 11 con l\u2019Aperijazz con la musica della marching band irpina <b>Boomerang Street Band<\/b> che, alle 16, sfiler\u00e0 in parata per il centro storico del paese. Il concerto della sera \u00e8 alle 21.30, sempre sul main stage, con i<span class=\"Apple-converted-space\">\u00a0 <\/span><b>Two Late<\/b> <b>Klain Gurrisi Duo feat Francesco Cafiso<\/b>, ovvero Laura Klain alla batteria, Alberto Gurrisi all\u2019organo Hammond e Francesco Cafiso al sax alto. Chiude la serata l\u2019ormai rituale Djazz set con <b>Rino dj <\/b>e stumenti dal vivo.<\/p>\n<p>Tante le iniziative collaterali dalla <b>Masterclass<\/b> con Lauren Henderson mercoled\u00ec 7 (posti limitati solo su prenotazione al 329 8835212 Michele); al <b>Laboratorio Musicale per i pi\u00f9 piccini<\/b> di gioved\u00ec 8, ore 16 in Piazza Fante d\u2019Italia, con Pasquale Renna e il Centro di Formazione Musicale Sonoria seguito, alle 18.30 presso la Cantina Borgodangelo, dal ritorno di <b>YogaInJazz<\/b>, la lezione di yoga con musica jazz dal vivo tenuta dal M\u00b0 Michelangelo Melchionna dell\u2019Associazione JayAnanda Yoga &amp; Ayurveda di Avellino (posti limitati info 342 9950937 Maria Chiara) e di <b>BeerdLand<\/b>, degustazione guidata di birre artigianali a cura di Michele Penta, responsabile produzione del Birrificio di Cagliari (info 340 0950650 Gianluca). Venerd\u00ec 9, alle 17:30 in Piazza San Pio da Pietrelcina torna l\u2019<b>AIS Associazione Italiana Sommerlier<\/b> di Avellino per degustazioni guidate dei vini del territorio (info e prenotazioni 342 0972300 Giovanni)<span class=\"Apple-converted-space\">\u00a0<\/span><\/p>\n<p>Il festival EscaJazz \u00e8 organizzato con il patrocinio del Comune di Sant\u2019Angelo all\u2019Esca e Main Sponsor Sistema Tetto, tutti i concerti sono gratuiti (info e programma su <a href=\"http:\/\/www.escajazz.com\">www.escajazz.com<\/a>).<\/p>\n","protected":false},"excerpt":{"rendered":"<p>Al via la VI edizione per il festival EscaJazz che si svolger\u00e0, da mercoled\u00ec 7 a venerd\u00ec 9 agosto, nel centro storico di Sant\u2019Angelo all\u2019Esca (Av). In programma tre intense giornate di grande jazz internazionale ma non solo; EscaJazz, infatti, promuove il territorio con l\u2019enogastronomia e la cultura con momenti formativi, per musicisti e bambini, [&hellip;]<\/p>\n","protected":false},"author":261,"featured_media":0,"comment_status":"open","ping_status":"open","sticky":false,"template":"","format":"standard","meta":{"footnotes":""},"categories":[3,9,17],"tags":[24320,746],"class_list":["post-43047","post","type-post","status-publish","format-standard","hentry","category-arte-e-cultura","category-gastronomia","category-turismo","tag-escajazz","tag-jazz"],"_links":{"self":[{"href":"https:\/\/www.area-press.eu\/comunicatistampa\/wp-json\/wp\/v2\/posts\/43047","targetHints":{"allow":["GET"]}}],"collection":[{"href":"https:\/\/www.area-press.eu\/comunicatistampa\/wp-json\/wp\/v2\/posts"}],"about":[{"href":"https:\/\/www.area-press.eu\/comunicatistampa\/wp-json\/wp\/v2\/types\/post"}],"author":[{"embeddable":true,"href":"https:\/\/www.area-press.eu\/comunicatistampa\/wp-json\/wp\/v2\/users\/261"}],"replies":[{"embeddable":true,"href":"https:\/\/www.area-press.eu\/comunicatistampa\/wp-json\/wp\/v2\/comments?post=43047"}],"version-history":[{"count":1,"href":"https:\/\/www.area-press.eu\/comunicatistampa\/wp-json\/wp\/v2\/posts\/43047\/revisions"}],"predecessor-version":[{"id":43048,"href":"https:\/\/www.area-press.eu\/comunicatistampa\/wp-json\/wp\/v2\/posts\/43047\/revisions\/43048"}],"wp:attachment":[{"href":"https:\/\/www.area-press.eu\/comunicatistampa\/wp-json\/wp\/v2\/media?parent=43047"}],"wp:term":[{"taxonomy":"category","embeddable":true,"href":"https:\/\/www.area-press.eu\/comunicatistampa\/wp-json\/wp\/v2\/categories?post=43047"},{"taxonomy":"post_tag","embeddable":true,"href":"https:\/\/www.area-press.eu\/comunicatistampa\/wp-json\/wp\/v2\/tags?post=43047"}],"curies":[{"name":"wp","href":"https:\/\/api.w.org\/{rel}","templated":true}]}}