{"id":43033,"date":"2019-08-04T01:02:37","date_gmt":"2019-08-03T23:02:37","guid":{"rendered":"https:\/\/www.area-press.eu\/comunicatistampa\/?p=43033"},"modified":"2019-08-04T01:02:37","modified_gmt":"2019-08-03T23:02:37","slug":"lastronomo-walter-ferreri-dona-delle-pubblicazioni-al-centro-di-documentazione-e-divulgazione-di-cosmobserver","status":"publish","type":"post","link":"https:\/\/www.area-press.eu\/comunicatistampa\/2019\/08\/04\/lastronomo-walter-ferreri-dona-delle-pubblicazioni-al-centro-di-documentazione-e-divulgazione-di-cosmobserver\/","title":{"rendered":"L\u2019astronomo Walter Ferreri dona delle pubblicazioni al Centro di Documentazione e Divulgazione di COSMOBSERVER"},"content":{"rendered":"<p><em>L\u2019astronomo torinese ha donato alcuni volumi della sua collezione privata al <\/em><em>Centro di Ricerca, Divulgazione e Documentazione di<\/em> <em>COSMOBSERVER<\/em><\/p>\n<p>&nbsp;<\/p>\n<p><strong>COSMOBSERVER<\/strong> \u00e8 un progetto di <strong>divulgazione scientifica<\/strong> dedicato allo <strong>spazio<\/strong>. Nato come un blog alla fine del 2014, si \u00e8 evoluto dapprima in un <strong>sito scientifico<\/strong> (<a href=\"http:\/\/www.cosmobserver.com\">www.cosmobserver.com<\/a>) e successivamente in un <strong>progetto di divulgazione<\/strong> che ha varcato i confini del web per arrivare nel \u201cmondo reale\u201d.<\/p>\n<p>&nbsp;<\/p>\n<p>Nel 2018, nasce infatti il <strong>G.R.O.C.A.<\/strong> (<strong>Gruppo di Ricerca e Osservazione Cosmica e Astronomica<\/strong>) e nel 2019 \u201c<strong>MISSION DARK SKY<\/strong>\u201d, la <strong>campagna di sensibilizzazione globale<\/strong> dedicata ai temi dell\u2019<strong>inquinamento luminoso. <\/strong>Due progetti di <strong>COSMOBSERVER<\/strong> che hanno richiamato l\u2019interesse della stampa e del pubblico.<\/p>\n<p>&nbsp;<\/p>\n<p>Il prossimo progetto \u201c<em>off line<\/em>\u201d di COSMOBSERVER che vedr\u00e0 la luce, \u00e8 la creazione di un <strong>Centro di Ricerca, Divulgazione e Documentazione<\/strong> nel quale saranno conservati <strong>volumi<\/strong>, <strong>riviste<\/strong>, <strong>dvd<\/strong> e materiale tecnico <strong>astronomico<\/strong> e <strong>astronautico<\/strong>. Un luogo aperto al pubblico, dove la conoscenza dello spazio viene messa a disposizione di ricercatori, appassionati e curiosi del cielo.<\/p>\n<p>Attualmente sono state attivate leprocedure per la ricerca di un luogo adatto a questa attivit\u00e0 a Torino. Contemporaneamente, \u00e8 gi\u00e0 iniziato il lavoro di raccolta e catalogazione del materiale che sar\u00e0 contenuto all\u2019interno del centro.<\/p>\n<p>&nbsp;<\/p>\n<p>Nelle scorse ore, l\u2019<strong>astronomo<\/strong> torinese <strong>Walter Ferreri<\/strong>, fondatore della rivista \u201c<strong>Orione<\/strong>\u201d \u2013 evolutosi poi in \u201c<strong>Nuovo Orione<\/strong>\u201d \u2013 ha generosamente dato il suo contributo all\u2019arricchimeto della collezione di volumi che sar\u00e0 messa a disposizione del pubblico. Il Prof. Ferreri infatti, ha donato alcuni dei prezioni primi numeri della rivista \u201cOrione\u201d, dei primi anni \u201980, oltre ad altre pubblicazioni. Un dono che ha arricchito dal punto di vista quantitativo e qualitativo la collezione COSMOBSERVER, che ad oggi conta pi\u00f9 di 200 pezzi tra volumi, riviste e DVD, e che \u00e8 in continua crescita.<\/p>\n<p>&nbsp;<\/p>\n<p><u>Walter Ferreri:<\/u> ha svolto la sua attivit\u00e0 professionale presso <strong>l\u2019Osservatorio Astrofisico di Torino<\/strong> dove, oltre che di ricerca scientifica si \u00e8 occupato di telescopi e di astrofotografia.<\/p>\n<p>Sul tema della ricerca scientifica ha svolto numerosi lavori sulle stelle doppie, <strong>comete<\/strong>, su <strong>Plutone<\/strong>, sulle posizioni degli <strong>asteroidi<\/strong>, loro principali caratteristiche e oro ricerca. Per questi lavori ha utilizzato i maggiori <strong>telescopi<\/strong> italiani ed ha lavorato presso alcuni osservatori all\u2019estero. In particolare presso l\u2019<strong>ESO<\/strong>, in <strong>Cile<\/strong>, ha scoperto circa una trentina di asteroidi.<\/p>\n<p>Per il lavoro svolto nel 1987 la comunit\u00e0 scientifica internazionale ha dato il nome \u201cFerreri\u201d all\u2019asteroide 3308 (1981 EP). Ha scritto molti libri, collaborato ad opere enciclopediche e stilato centinaia di articoli. Nel 1977 ha fondato la rivista \u201c<strong>Orione<\/strong>\u201d, nella cui versione attuale \u201c<strong>Nuovo Orione<\/strong>\u201d \u00e8 stato direttore scientifico.<\/p>\n<p>\u00c8 consulente di enti pubblici, privati, emittenti radio-televisive e giornali.<\/p>\n<p>Tiene regolarmente corsi di astronomia e conferenze. Nel 1993 gli \u00e8 stato assegnato il premio \u201c<strong>Targa Piazzi<\/strong>\u201d e nel 2013 ha ricevuto il premio \u201c<strong>GAL Hassin<\/strong>\u201d. E\u2019 membro onorario del G.R.O.C.A. (Gruppo di Ricerca e Osservazione Cosmica e Astronomica).<\/p>\n<p>&nbsp;<\/p>\n<p>\u201c<em>Il Prof. Ferreri ha dimostrato una grande sensibilit\u00e0 nei confronti di COSMOBSERVER e del progetto del <\/em><em>Centro di Ricerca, Divulgazione e Documentazione al quale stiamo lavorando<\/em> \u2013 dichiara il <strong>divulgatore scientifico Emmanuele Macaluso<\/strong>, fondatore di COSMOBSERVER, che continua \u2013 <em>Il professore ha dedicato molto tempo nel corso della sua carriera alla divulgazione dell\u2019astronomia pubblicando decine di libri e incontrando migliaia di persone. Ha voluto dare con grande generosit\u00e0 il suo contributo a questo progetto, arricchendo con volumi dal grande valore storico e scientifico la collezione del centro. Gli sono personalmente riconoscente<\/em>\u201d.<\/p>\n<p>&nbsp;<\/p>\n<p>Il progetto del <strong>Centro di Ricerca, Divulgazione e Documentazione di COSMOBSERVER<\/strong> continuer\u00e0 le attivit\u00e0 di ricerca della sede, di allestimento, di raccolta e catalogazione del materiale.<\/p>\n<p>COSMOBSERVER \u00e8 disponibile a valutare donazioni. Per informazioni <a href=\"mailto:thecosmobserver@gmail.com\">thecosmobserver@gmail.com<\/a> .<\/p>\n<p>&nbsp;<\/p>\n<p>Web: <a href=\"http:\/\/www.cosmobserver.com\">www.cosmobserver.com<\/a><\/p>\n","protected":false},"excerpt":{"rendered":"<p>L\u2019astronomo torinese ha donato alcuni volumi della sua collezione privata al Centro di Ricerca, Divulgazione e Documentazione di COSMOBSERVER &nbsp; COSMOBSERVER \u00e8 un progetto di divulgazione scientifica dedicato allo spazio. Nato come un blog alla fine del 2014, si \u00e8 evoluto dapprima in un sito scientifico (www.cosmobserver.com) e successivamente in un progetto di divulgazione che [&hellip;]<\/p>\n","protected":false},"author":4938,"featured_media":0,"comment_status":"open","ping_status":"open","sticky":false,"template":"","format":"standard","meta":{"footnotes":""},"categories":[18,3,4,29],"tags":[5960,24317,24318,5954,9538,15974,784,7858,1790,787,22257],"class_list":["post-43033","post","type-post","status-publish","format-standard","hentry","category-altri-vari","category-arte-e-cultura","category-attualita-e-societa","category-comunicati","tag-astronomia","tag-astronomo","tag-centro-di-documentazione","tag-cosmobserver","tag-divulgazione-scientifica","tag-emmanuele-macaluso","tag-libri","tag-pubblicazioni","tag-ricerca","tag-scienza","tag-walter-ferreri"],"_links":{"self":[{"href":"https:\/\/www.area-press.eu\/comunicatistampa\/wp-json\/wp\/v2\/posts\/43033","targetHints":{"allow":["GET"]}}],"collection":[{"href":"https:\/\/www.area-press.eu\/comunicatistampa\/wp-json\/wp\/v2\/posts"}],"about":[{"href":"https:\/\/www.area-press.eu\/comunicatistampa\/wp-json\/wp\/v2\/types\/post"}],"author":[{"embeddable":true,"href":"https:\/\/www.area-press.eu\/comunicatistampa\/wp-json\/wp\/v2\/users\/4938"}],"replies":[{"embeddable":true,"href":"https:\/\/www.area-press.eu\/comunicatistampa\/wp-json\/wp\/v2\/comments?post=43033"}],"version-history":[{"count":1,"href":"https:\/\/www.area-press.eu\/comunicatistampa\/wp-json\/wp\/v2\/posts\/43033\/revisions"}],"predecessor-version":[{"id":43034,"href":"https:\/\/www.area-press.eu\/comunicatistampa\/wp-json\/wp\/v2\/posts\/43033\/revisions\/43034"}],"wp:attachment":[{"href":"https:\/\/www.area-press.eu\/comunicatistampa\/wp-json\/wp\/v2\/media?parent=43033"}],"wp:term":[{"taxonomy":"category","embeddable":true,"href":"https:\/\/www.area-press.eu\/comunicatistampa\/wp-json\/wp\/v2\/categories?post=43033"},{"taxonomy":"post_tag","embeddable":true,"href":"https:\/\/www.area-press.eu\/comunicatistampa\/wp-json\/wp\/v2\/tags?post=43033"}],"curies":[{"name":"wp","href":"https:\/\/api.w.org\/{rel}","templated":true}]}}