{"id":42820,"date":"2019-07-25T18:00:51","date_gmt":"2019-07-25T16:00:51","guid":{"rendered":"https:\/\/www.area-press.eu\/comunicatistampa\/?p=42820"},"modified":"2019-07-25T18:00:51","modified_gmt":"2019-07-25T16:00:51","slug":"gss-laguna-seca-eccellente-sesto-posto-per-torres","status":"publish","type":"post","link":"https:\/\/www.area-press.eu\/comunicatistampa\/2019\/07\/25\/gss-laguna-seca-eccellente-sesto-posto-per-torres\/","title":{"rendered":"GSS Laguna Seca: Eccellente sesto posto per Torres"},"content":{"rendered":"<p><em>Straordinaria prestazione del\u00a0<strong>Team Pedercini Racing<\/strong>\u00a0by\u00a0<strong>Global Service Solutions<\/strong>che in gara uno a\u00a0<strong>Laguna Seca<\/strong>, disputata nella notte italiana, ha conquistato il miglior risultato della stagione Motul FIM Superbike 2019 con Jordi Torres e la Kawasaki Ninja ZX-10RR #81 al sesto posto assoluto, secondi fra gli indipendenti.<\/em><\/p>\n<p><img decoding=\"async\" class=\"aligncenter size-full wp-image-2693\" src=\"https:\/\/20taskforceitaly.files.wordpress.com\/2019\/07\/global-service-solutions-spa-laguna-seca-sesto-posto-per-torres.jpg?w=1000\" alt=\"\" data-attachment-id=\"2693\" data-permalink=\"https:\/\/20taskforceitaly.wordpress.com\/2019\/07\/17\/globalservicesolutions-straordinaria-prestazione-del-team-pedercini-racing-a-laguna-seca\/sbk-round-9-laguna\/\" data-orig-file=\"https:\/\/20taskforceitaly.files.wordpress.com\/2019\/07\/global-service-solutions-spa-laguna-seca-sesto-posto-per-torres.jpg\" data-orig-size=\"900,600\" data-comments-opened=\"0\" data-image-meta=\"{&quot;aperture&quot;:&quot;14&quot;,&quot;credit&quot;:&quot;&quot;,&quot;camera&quot;:&quot;NIKON D5&quot;,&quot;caption&quot;:&quot;81,Jordi Torres,ESP,Team Pedercini Racing&quot;,&quot;created_timestamp&quot;:&quot;1563136144&quot;,&quot;copyright&quot;:&quot;Zac srl&quot;,&quot;focal_length&quot;:&quot;500&quot;,&quot;iso&quot;:&quot;500&quot;,&quot;shutter_speed&quot;:&quot;0.0008&quot;,&quot;title&quot;:&quot;Sbk - Round 9 - Laguna&quot;,&quot;orientation&quot;:&quot;1&quot;}\" data-image-title=\"\" data-image-description=\"\" data-medium-file=\"https:\/\/20taskforceitaly.files.wordpress.com\/2019\/07\/global-service-solutions-spa-laguna-seca-sesto-posto-per-torres.jpg?w=300\" data-large-file=\"https:\/\/20taskforceitaly.files.wordpress.com\/2019\/07\/global-service-solutions-spa-laguna-seca-sesto-posto-per-torres.jpg?w=900\" \/><\/p>\n<p>Prima della sfida Torres ha dimostrato nel corso della Tissot Superpole che le modifiche al set up della moto apportate dal suo staff tecnico durante la notte hanno funzionato a dovere e lo ha fatto con un certo stile. Settimo al termine della terza sessione di libere, nel turno di prove ufficiali ha chiuso con il sesto miglior tempo interpretando al meglio l\u2019intesto circuito californiano di 3.660 metri.<\/p>\n<p>In gara Torres non si \u00e8 mai risparmiato, ha mantenuto la posizione con caparbiet\u00e0 salvo poi salire al quinto posto alla luce della caduta di Alvaro Bautista. Il ritmo gli ha permesso di avvicinarsi a Tom Sykes per tentare l\u2019assalto alla quarta posizione, ma nel finale ha dovuto abbassare il suo passo perch\u00e9 la gomma posteriore ha iniziato a deteriorarsi.<\/p>\n<p>Negli ultimi giri, la Yamaha ufficiale di Alex Lowes si \u00e8 fatta sotto e Jordi ha cos\u00ec concluso sesto sotto alla bandiera a scacchi, concretizzando il miglior risultato dell\u2019anno. La prestazione, sulla calda e asciutta pista americana, ha permesso a Torres di chiudere al secondo posto tra gli indipendenti.<\/p>\n<p>Il T<strong>eam Pedercini Racing<\/strong>\u00a0by\u00a0<strong>Global Service Solutions<\/strong>\u00a0affronter\u00e0 ora altre due gare WorldSBK negli USA in programma domenica 14 luglio, prima dell\u2019inizio della pausa estiva. Aprir\u00e0 la gara \u201csprint\u201d Tissot-Superpole di dieci giri, in programma alle 11:00 ora locale e 18:00 ora italiana e poi il gran finale con gara due alle 23:00 ora italiana, in diretta TV su TV8 (CH 8 DTT).<\/p>\n<p><strong>Jordi Torres #81 \u2013 Pilota:<\/strong><br \/>\n<em>\u201cOggi non \u00e8 stata affatto una cattiva giornata, anzi! Su questo tipo di pista, dove le curve sono molto vicine tra loro in un continuo cambio di direzione, la moto \u00e8 stata molto competitiva. Nella sessione di prove finali abbiamo apportato alcune buone regolazioni per essere pi\u00f9 veloci in gara, e il lavoro ha pagato. La direzione in cui abbiamo lavorato \u00e8 stata molto buona, quindi alla fine questo grande risultato \u00e8 merito anche e soprattutto dei meccanici e della squadra pi\u00f9 che del pilota. Personalmente devo imparare ad essere pi\u00f9 veloce quando l\u2019aderenza posteriore inizia a diminuire, devo cambiare le mie traiettorie per avere pi\u00f9 prestazione in uscita, ma abbiamo raccolto un sacco di informazioni utili prima dell\u2019ultima giornata. Vedremo come andremo domenica ma siamo felici, dobbiamo essere felici oggi!<\/em><\/p>\n<p><strong>Lucio Pedercini \u2013 Team Owner:<\/strong><br \/>\n<em>\u201cLa miglior gara dell\u2019anno per noi, quindi siamo contenti, soprattutto perch\u00e9 anche le prove del mattino e la Superpole sono state buone. Forse ora dobbiamo trovare qualcosa di pi\u00f9 per la fine della gara, relativamente alle prestazioni della gomma posteriore. Domani cercheremo di fare un piccolo passo in pi\u00f9, ma oggi siamo assolutamente felici! Ben fatto a tutti i membri della squadra\u201d.<\/em><\/p>\n<p><strong>Global Service Solutions Spa<\/strong><\/p>\n<p>Un unico interlocutore per tutti i servizi.\u200b\u00a0<strong>Global Service Solutions Spa \u00e8 lo specialista del Facility Management sostenibile in Italia<\/strong>. Presente anche sul mercato internazionale, offre una vasta gamma di soluzioni integrate per la gestione dei progetti, la manutenzione, la bioedilizia, l\u2019ingegneria meccanica, la pulizia e la sanificazione.<\/p>\n<p>\u200bLa ricerca continua unita al rispetto per l\u2019ambiente sono alla base della mission aziendale. \u200bL\u2019azienda ha un approccio strategico sostenibile ed eco-compatibile. Questo significa beneficiare di molti vantaggi operativi: design integrato sempre coordinato, efficienza operativa e garanzie di mantenimento degli standard.<\/p>\n<p>Global Service Solutions Spa offre un servizio eco-innovativo in linea con tutte le normative ambientali europee.<\/p>\n<p><strong>Fonte<\/strong>:\u00a0<a href=\"https:\/\/pr24.news\/eccellente-sesto-posto-per-torres-e-il-team-pedercini-racing-by-global-service-solutions\/\" target=\"_blank\" rel=\"noopener noreferrer\">pr24.news<\/a><\/p>\n<p><strong>Ufficio Stampa \u2013 Pr24.news<\/strong><br \/>\nSalvatore Ponticelli<br \/>\nponticelli@pr24.news<br \/>\n+393928394600<\/p>\n","protected":false},"excerpt":{"rendered":"<p>Straordinaria prestazione del\u00a0Team Pedercini Racing\u00a0by\u00a0Global Service Solutionsche in gara uno a\u00a0Laguna Seca, disputata nella notte italiana, ha conquistato il miglior risultato della stagione Motul FIM Superbike 2019 con Jordi Torres e la Kawasaki Ninja ZX-10RR #81 al sesto posto assoluto, secondi fra gli indipendenti. Prima della sfida Torres ha dimostrato nel corso della Tissot Superpole [&hellip;]<\/p>\n","protected":false},"author":5451,"featured_media":0,"comment_status":"open","ping_status":"open","sticky":false,"template":"","format":"standard","meta":{"footnotes":""},"categories":[15],"tags":[23071,23889,23069,24218,23070],"class_list":["post-42820","post","type-post","status-publish","format-standard","hentry","category-sport","tag-globalservicesolutions","tag-facility-management-sostenibile","tag-global-service-solutions-spa","tag-gss-laguna-seca","tag-team-pedercini-racing"],"_links":{"self":[{"href":"https:\/\/www.area-press.eu\/comunicatistampa\/wp-json\/wp\/v2\/posts\/42820","targetHints":{"allow":["GET"]}}],"collection":[{"href":"https:\/\/www.area-press.eu\/comunicatistampa\/wp-json\/wp\/v2\/posts"}],"about":[{"href":"https:\/\/www.area-press.eu\/comunicatistampa\/wp-json\/wp\/v2\/types\/post"}],"author":[{"embeddable":true,"href":"https:\/\/www.area-press.eu\/comunicatistampa\/wp-json\/wp\/v2\/users\/5451"}],"replies":[{"embeddable":true,"href":"https:\/\/www.area-press.eu\/comunicatistampa\/wp-json\/wp\/v2\/comments?post=42820"}],"version-history":[{"count":1,"href":"https:\/\/www.area-press.eu\/comunicatistampa\/wp-json\/wp\/v2\/posts\/42820\/revisions"}],"predecessor-version":[{"id":42821,"href":"https:\/\/www.area-press.eu\/comunicatistampa\/wp-json\/wp\/v2\/posts\/42820\/revisions\/42821"}],"wp:attachment":[{"href":"https:\/\/www.area-press.eu\/comunicatistampa\/wp-json\/wp\/v2\/media?parent=42820"}],"wp:term":[{"taxonomy":"category","embeddable":true,"href":"https:\/\/www.area-press.eu\/comunicatistampa\/wp-json\/wp\/v2\/categories?post=42820"},{"taxonomy":"post_tag","embeddable":true,"href":"https:\/\/www.area-press.eu\/comunicatistampa\/wp-json\/wp\/v2\/tags?post=42820"}],"curies":[{"name":"wp","href":"https:\/\/api.w.org\/{rel}","templated":true}]}}