{"id":42806,"date":"2019-07-25T18:00:50","date_gmt":"2019-07-25T16:00:50","guid":{"rendered":"https:\/\/www.area-press.eu\/comunicatistampa\/?p=42806"},"modified":"2020-08-09T23:42:32","modified_gmt":"2020-08-09T21:42:32","slug":"margherita-zanin-non-mi-diverto-se-penso-troppo-e-il-primo-estratto-dallalbum-distanza-in-stanza","status":"publish","type":"post","link":"https:\/\/www.area-press.eu\/comunicatistampa\/2019\/07\/25\/margherita-zanin-non-mi-diverto-se-penso-troppo-e-il-primo-estratto-dallalbum-distanza-in-stanza\/","title":{"rendered":"MARGHERITA ZANIN \u201cNon mi diverto se penso troppo\u201d \u00e8 il primo estratto dall\u2019album \u201cDistanza in Stanza\u201d"},"content":{"rendered":"<p><img decoding=\"async\" class=\"aligncenter\" src=\"https:\/\/www.earone.it\/newsimages\/margherita-zanin-non-mi-diverto-se-penso-troppo.jpg___th_320_0.jpg\" alt=\"\" \/><\/p>\n<p><i><span style=\"font-weight: 400\">La cantautrice ligure che si \u00e8 esibita sul palco del Concertone di Roma tra i vincitori del contest 1M Next, apre un nuovo capitolo del proprio percorso musicale con un brano indie-pop che esplora il labirinto nocivo dell\u2019overthinking.<\/span><\/i><\/p>\n<p><i><span style=\"font-weight: 400\">\u00abPensare troppo non \u00e8 che mi diverta molto se poi lo stesso pensiero diventa tossico. <\/span><\/i><b><i>Questa canzone<\/i><\/b> <b><i>parla di mancanza, di attese, di lavoro, di limbo cortese<\/i><\/b><i><span style=\"font-weight: 400\">. L\u2019asfissia di alcuni sentimenti che pian piano si trasformano in consapevolezza sovrastando questo nostro tempo malandato e cambiando abitudini e mete. Iniziamo ad abituarci al cambiamento e quando cambiamo lo facciamo sia in meglio che in peggio. Questa canzone parla di amore e responsabilit\u00e0 cos\u00ec come di sostanze che mai pi\u00f9 di oggi diventano parte preponderante della nostra societ\u00e0 e del nostro esistere\u00bb. <\/span><\/i><b>Margherita Zanin<\/b><\/p>\n<p>&nbsp;<\/p>\n<p style=\"text-align: center\">\n<p>&nbsp;<\/p>\n<p><b>Il singolo lancia l\u2019album \u201cDISTANZA IN STANZA\u201d,<\/b><span style=\"font-weight: 400\"> un \u201cnon-luogo\u201d protetto dove ritrovarsi, cambiare, sintetizzarsi, evolversi, ragionare. Un disco che tratta di tematiche importanti legate all\u2019essere umano. Alle sue stanze, alle sue distanze, alle essenze dei sentimenti e alle altalene di pensieri semplici e profondi, capaci di trasformarci e darci una visione personale sul senso della vita.\u00a0 Tutti riflettiamo la nostra epoca, e le distanze fortunatamente non generano solo conflitti, ma anche riconciliazioni con il nostro Io.\u00a0<\/span><\/p>\n<p>&nbsp;<\/p>\n<p><span style=\"font-weight: 400\">Un concept in cui ogni canzone racconta una stanza in cui vivere emozioni sonore. Nell\u2019ambiente la filodiffusione di un mondo carico di sperimentazione.\u00a0 Ogni stanza ha una chiave per accedervi, che viene rappresentata da una frase, un incipit di accesso, una intro letta da grandi artisti che hanno voluto spalancare la porta: <\/span><b>APPINO<\/b><span style=\"font-weight: 400\"> (The Zen Circus), <\/span><b>PIERPAOLO CAPOVILLA, MAURO ERMANNO GIOVANARDI, CRISTIANO GODANO<\/b><span style=\"font-weight: 400\"> (Marlene Kuntz), <\/span><b>LODO GUENZI<\/b><span style=\"font-weight: 400\"> (Lo Stato Sociale), <\/span><b>MORGAN, MOTTA, OMAR PEDRINI, RICCARDO SINIGALLIA, DAVIDE TOFFOLO<\/b><span style=\"font-weight: 400\"> (Tre Allegri Ragazzi Morti), oltrech\u00e9 da <\/span><b>LELE BATTISTA<\/b><span style=\"font-weight: 400\"> produttore artistico del disco, che ha dato a <\/span><b>\u201cDISTANZA IN STANZA\u201d <\/b><span style=\"font-weight: 400\">fortI identit\u00e0 sonore che <\/span><b>GIOVANNI VERSARI <\/b><span style=\"font-weight: 400\">ha sapientemente amalgamato.<\/span><\/p>\n<p>&nbsp;<\/p>\n<p><b>Etichetta: Volume!\/Platform Music<\/b><\/p>\n<p><b>Radio date: 21 maggio 2019<\/b><\/p>\n<p><b>Pubblicazione album: 7 giugno 2019<\/b><\/p>\n<p>&nbsp;<\/p>\n<p style=\"text-align: center\"><b>1 MAGGIO ROMA 2019<\/b><\/p>\n<p style=\"text-align: center\">\n<p>&nbsp;<\/p>\n<p><b>BIO<\/b><\/p>\n<p>&nbsp;<\/p>\n<p><b>Margherita Zanin <\/b><span style=\"font-weight: 400\">\u00e8 una cantautrice ligure.\u00a0<\/span><\/p>\n<p>&nbsp;<\/p>\n<p><span style=\"font-weight: 400\">Dopo aver vinto il Contest 1MNext il 1 maggio si \u00e8 esibita al Concertone di Piazza San Giovanni in diretta Tv. Da giovanissima matura esperienze attraverso live e festival in Italia e all\u2019estero. Nel 2015 incontra Roberto Costa, bassista storico di Lucio Dalla, gi\u00e0 produttore dello stesso Dalla, Carboni, Ron, Gli Stadio, e producono il suo primo disco <\/span><b>ZANIN<\/b><span style=\"font-weight: 400\"> che esce nel 2016. Otto brani, due in italiano e sei in inglese. L\u2019album ha ottenuto riscontri molto positivi dai media, e uno dei singoli, &#8221;Travel Crazy&#8221;, diventa parte della colonna sonora di Donnavventura in onda su Rete4, ed entra a far parte della Compilation &#8221;Libera Veramente Vol.7&#8221; per Rolling Stone Italia.<\/span> <span style=\"font-weight: 400\">Nel 2018 nasce la collaborazione con Lele Battista, e il produttore milanese la conduce<\/span> <span style=\"font-weight: 400\">nelle sperimentazioni del suo nuovo immaginario musicale. A marzo 2018 esce &#8221;Amaro&#8221; (anche questo scelto per la compilation di Rolling Stone), a luglio il singolo \u201cRosa\u201d in cui prendono forma le sonorit\u00e0 elettroniche e trip-hop. A novembre esce per l\u2019etichetta Volume! l\u2019EP \u201cRadioMarghe\u201d contenente gli ultimi 4 singoli della cantautrice, un ponte ideale tra il primo disco e il nuovo lavoro. \u201cDistanza in stanza\u201d \u00e8 il suo nuovo disco in cui ci sono gli interventi di alcuni dei pi\u00f9 importanti artisti della scena alternative italiana: Appino, Lodo Guenzi, Motta, Mauro Ermanno Giovanardi, Davide Toffolo, Cristiano Godano, Omar Pedrini, Morgan, Riccardo Sinigallia e Pierpaolo Capovilla. Prodotto da Lele Battista e masterizzato da Giovanni Versari.<\/span><\/p>\n<p>&nbsp;<\/p>\n<p>&nbsp;<\/p>\n<p>&nbsp;<\/p>\n<p><b>Contatti e social<\/b><\/p>\n<p>&nbsp;<\/p>\n<p><span style=\"font-weight: 400\">Fb <\/span><a href=\"http:\/\/www.facebook.com\/margheritazaninsinger\/\"><span style=\"font-weight: 400\">www.facebook.com\/margheritazaninsinger\/<\/span><\/a><\/p>\n<p><span style=\"font-weight: 400\">Instagram margheritazanin.music<\/span><\/p>\n<p>&nbsp;<\/p>\n<p><span style=\"font-weight: 400\">Etichetta Volume! \/ Platform Music<\/span><\/p>\n<p><span style=\"font-weight: 400\">Fb <\/span><a href=\"http:\/\/www.facebook.com\/volumedm\/\"><span style=\"font-weight: 400\">www.facebook.com\/volumedm\/<\/span><\/a><\/p>\n<p><span style=\"font-weight: 400\">Instagram @volume_label<\/span><\/p>\n<p>&nbsp;<\/p>\n","protected":false},"excerpt":{"rendered":"<p>La cantautrice ligure che si \u00e8 esibita sul palco del Concertone di Roma tra i vincitori del contest 1M Next, apre un nuovo capitolo del proprio percorso musicale con un brano indie-pop che esplora il labirinto nocivo dell\u2019overthinking. \u00abPensare troppo non \u00e8 che mi diverta molto se poi lo stesso pensiero diventa tossico. Questa canzone [&hellip;]<\/p>\n","protected":false},"author":4383,"featured_media":0,"comment_status":"open","ping_status":"open","sticky":false,"template":"","format":"standard","meta":{"footnotes":""},"categories":[12],"tags":[],"class_list":["post-42806","post","type-post","status-publish","format-standard","hentry","category-musica"],"_links":{"self":[{"href":"https:\/\/www.area-press.eu\/comunicatistampa\/wp-json\/wp\/v2\/posts\/42806","targetHints":{"allow":["GET"]}}],"collection":[{"href":"https:\/\/www.area-press.eu\/comunicatistampa\/wp-json\/wp\/v2\/posts"}],"about":[{"href":"https:\/\/www.area-press.eu\/comunicatistampa\/wp-json\/wp\/v2\/types\/post"}],"author":[{"embeddable":true,"href":"https:\/\/www.area-press.eu\/comunicatistampa\/wp-json\/wp\/v2\/users\/4383"}],"replies":[{"embeddable":true,"href":"https:\/\/www.area-press.eu\/comunicatistampa\/wp-json\/wp\/v2\/comments?post=42806"}],"version-history":[{"count":2,"href":"https:\/\/www.area-press.eu\/comunicatistampa\/wp-json\/wp\/v2\/posts\/42806\/revisions"}],"predecessor-version":[{"id":42813,"href":"https:\/\/www.area-press.eu\/comunicatistampa\/wp-json\/wp\/v2\/posts\/42806\/revisions\/42813"}],"wp:attachment":[{"href":"https:\/\/www.area-press.eu\/comunicatistampa\/wp-json\/wp\/v2\/media?parent=42806"}],"wp:term":[{"taxonomy":"category","embeddable":true,"href":"https:\/\/www.area-press.eu\/comunicatistampa\/wp-json\/wp\/v2\/categories?post=42806"},{"taxonomy":"post_tag","embeddable":true,"href":"https:\/\/www.area-press.eu\/comunicatistampa\/wp-json\/wp\/v2\/tags?post=42806"}],"curies":[{"name":"wp","href":"https:\/\/api.w.org\/{rel}","templated":true}]}}