{"id":42767,"date":"2019-07-25T17:59:21","date_gmt":"2019-07-25T15:59:21","guid":{"rendered":"https:\/\/www.area-press.eu\/comunicatistampa\/?p=42767"},"modified":"2020-08-09T23:35:38","modified_gmt":"2020-08-09T21:35:38","slug":"cubi-rossi-basta-un-attimo-arriva-il-secondo-singolo-della-giovane-band-pisana","status":"publish","type":"post","link":"https:\/\/www.area-press.eu\/comunicatistampa\/2019\/07\/25\/cubi-rossi-basta-un-attimo-arriva-il-secondo-singolo-della-giovane-band-pisana\/","title":{"rendered":"CUBI ROSSI \u201cBASTA UN ATTIMO\u201d arriva il secondo singolo della giovane band pisana"},"content":{"rendered":"<p><img decoding=\"async\" class=\"aligncenter\" src=\"https:\/\/www.earone.it\/newsimages\/cubi-rossi-basta-un-attimo.jpg___th_320_0.jpg\" alt=\"\" \/><\/p>\n<p><i><span style=\"font-weight: 400\">Dopo il successo del precedente singolo \u201cNel Disordine\u201d, dal 28 maggio in radio il nuovo brano pop rock melodico che anticipa il tour estivo che porter\u00e0 i quattro musicisti in giro per tutta l\u2019Italia.\u00a0<\/span><\/i><\/p>\n<p><span style=\"font-weight: 400\">\u201cBasta un Attimo\u201d \u00e8 una canzone che a<\/span><span style=\"font-weight: 400\">\ufb00<\/span><span style=\"font-weight: 400\">ronta <\/span><b>il tema dell\u2019amore:<\/b><\/p>\n<p><i><span style=\"font-weight: 400\">\u00abL\u2019amore \u00e8 in s\u00e9 complicato e improvviso, a volte pu\u00f2 spingerci a scappare dai problemi, a fuggire dalle persone che si amano e a correre via, come se fosse una malattia. Nella vita bisogna lasciarsi prendere dall\u2019imprevedibile\u00bb. <\/span><\/i><b>Cubi Rossi<\/b><\/p>\n<p>&nbsp;<\/p>\n<p style=\"text-align: center\"><img decoding=\"async\" src=\"https:\/\/youtu.be\/EbmnEcmoltw\" alt=\"\" \/><\/p>\n<p>&nbsp;<\/p>\n<p><b>Etichetta: ADVICE MUSIC<\/b><\/p>\n<p><b>Radio date: 28 maggio 2019<\/b><\/p>\n<p>&nbsp;<\/p>\n<p><b>CUBI ROSSI<\/b><\/p>\n<p><b>Basta un attimo (Fabio Vaccaro)<\/b><\/p>\n<p><b>Produzione Advice Music\u00a0<\/b><\/p>\n<p><b>Arrangiamento (Fabio\/Biko Vaccaro)<\/b><\/p>\n<p><b>Rec-Mix-Mastering sound engineering Alberto Boi e Pablo Coniglio<\/b><\/p>\n<p>&nbsp;<\/p>\n<p><b>BIO<\/b><\/p>\n<p>&nbsp;<\/p>\n<p><span style=\"font-weight: 400\">I Cubi Rossi sono una <\/span><b>giovane band pisana<\/b><span style=\"font-weight: 400\"> nata da circa 2 anni composta da 4 ragazzi: Marina Giusti voce &#8211; 18 anni; Federica Sutera basso &#8211; 19 anni, Gianluca Leoncini Chitarra &#8211; 20 anni, Alessandro Leoncini batteria &#8211; 18 anni. Tre di loro stanno terminando gli studi presso il liceo musicale Carducci di Pisa, e privatamente tutti i ragazzi frequentano anche accademie di strumento.<\/span><\/p>\n<p><span style=\"font-weight: 400\">Nel 2017 si presentano ad <\/span><b>Area Sanremo Tour<\/b><span style=\"font-weight: 400\">, unico concorso che porta due giovani sul palco dell\u2019Ariston, superano le fasi iniziali e arrivano a Sanremo tra i finalisti piazzandosi alle prime posizioni con i complimenti della commissione e dell\u2019organizzazione che durante la settimana del Festival a febbraio li invita ad esibirsi a <\/span><b>Casa Siae<\/b><span style=\"font-weight: 400\"> oltre ad altri locali della zona. Partecipano all\u2019 <\/span><b>European Social Sound<\/b><span style=\"font-weight: 400\"> di Perugia dove arrivano in finale piazzandosi al 4\u00b0 posto tra tutte le band. Nel 2018-2019 girano la toscana e altre regioni limitrofe per concerti e aperture. Suonano al <\/span><b>The Cage<\/b><span style=\"font-weight: 400\"> di Livorno e al <\/span><b>Legend Club<\/b><span style=\"font-weight: 400\"> di Milano in occasione di <\/span><b>Emergenza Festival<\/b><span style=\"font-weight: 400\">, vincendo il 18 maggio 2019 la finale livornese che li porter\u00e0 a calcare il palco dell\u2019Alcatraz di Milano a fine Giugno.<\/span><\/p>\n<p><span style=\"font-weight: 400\">Tra i vari eventi, i pi\u00f9 importanti sono:<\/span><\/p>\n<p><b>Apertura alla cover band europea di David Bowie<\/b><span style=\"font-weight: 400\"> al Santomato Live Club di Pistoia; Concerto all Hard Rock Caffe di Firenze<\/span><\/p>\n<p><b>Concerto al Blitz Music Live di Pisa<\/b><span style=\"font-weight: 400\"> Concerto Roof Live Music Pub di Lucca Concerto al FIM di Milano<\/span><\/p>\n<p><span style=\"font-weight: 400\">Il loro genere \u00e8 un <\/span><b>pop<\/b> <b>rock melodico<\/b><span style=\"font-weight: 400\">. Da maggio 2018 collaborano con l\u2019etichetta <\/span><b>ADVICE MUSIC di Milano.<\/b><\/p>\n<p><span style=\"font-weight: 400\">A novembre esce il loro primo singolo curato dal produttore Alberto Boi e promosso dall\u2019ufficio stampa L\u2019Altoparlante di Milano. Raggiungono la posizione 48 della classifica MEI indipendenti davanti a nomi importanti della musica italiana. <\/span><b>Le date del Tour 2019 (Nel Disordine Tour) sono disponibili su tutti i social.<\/b><\/p>\n<p>&nbsp;<\/p>\n<p><b>Contatti e social<\/b><\/p>\n<p>&nbsp;<\/p>\n<p><b>Facebook:<\/b> <a href=\"https:\/\/www.facebook.com\/Cubirossi\/\"><b>https:\/\/www.facebook.com\/Cubirossi\/<\/b><\/a><\/p>\n<p><b>Instagram: cubirossi<\/b><\/p>\n<p><b>Twitter: Cubi Rossi<\/b><\/p>\n<p><b>Sito internet:<\/b> <a href=\"http:\/\/www.cubirossi.com\"><b>www.cubirossi.com<\/b><\/a><\/p>\n<p><b>Advice Music <\/b><a href=\"http:\/\/www.advicemusic.com\"><b>www.advicemusic.com<\/b><\/a><\/p>\n","protected":false},"excerpt":{"rendered":"<p>Dopo il successo del precedente singolo \u201cNel Disordine\u201d, dal 28 maggio in radio il nuovo brano pop rock melodico che anticipa il tour estivo che porter\u00e0 i quattro musicisti in giro per tutta l\u2019Italia.\u00a0 \u201cBasta un Attimo\u201d \u00e8 una canzone che a\ufb00ronta il tema dell\u2019amore: \u00abL\u2019amore \u00e8 in s\u00e9 complicato e improvviso, a volte pu\u00f2 [&hellip;]<\/p>\n","protected":false},"author":4383,"featured_media":0,"comment_status":"open","ping_status":"open","sticky":false,"template":"","format":"standard","meta":{"footnotes":""},"categories":[12],"tags":[],"class_list":["post-42767","post","type-post","status-publish","format-standard","hentry","category-musica"],"_links":{"self":[{"href":"https:\/\/www.area-press.eu\/comunicatistampa\/wp-json\/wp\/v2\/posts\/42767","targetHints":{"allow":["GET"]}}],"collection":[{"href":"https:\/\/www.area-press.eu\/comunicatistampa\/wp-json\/wp\/v2\/posts"}],"about":[{"href":"https:\/\/www.area-press.eu\/comunicatistampa\/wp-json\/wp\/v2\/types\/post"}],"author":[{"embeddable":true,"href":"https:\/\/www.area-press.eu\/comunicatistampa\/wp-json\/wp\/v2\/users\/4383"}],"replies":[{"embeddable":true,"href":"https:\/\/www.area-press.eu\/comunicatistampa\/wp-json\/wp\/v2\/comments?post=42767"}],"version-history":[{"count":1,"href":"https:\/\/www.area-press.eu\/comunicatistampa\/wp-json\/wp\/v2\/posts\/42767\/revisions"}],"predecessor-version":[{"id":42770,"href":"https:\/\/www.area-press.eu\/comunicatistampa\/wp-json\/wp\/v2\/posts\/42767\/revisions\/42770"}],"wp:attachment":[{"href":"https:\/\/www.area-press.eu\/comunicatistampa\/wp-json\/wp\/v2\/media?parent=42767"}],"wp:term":[{"taxonomy":"category","embeddable":true,"href":"https:\/\/www.area-press.eu\/comunicatistampa\/wp-json\/wp\/v2\/categories?post=42767"},{"taxonomy":"post_tag","embeddable":true,"href":"https:\/\/www.area-press.eu\/comunicatistampa\/wp-json\/wp\/v2\/tags?post=42767"}],"curies":[{"name":"wp","href":"https:\/\/api.w.org\/{rel}","templated":true}]}}