{"id":42757,"date":"2019-07-25T17:59:20","date_gmt":"2019-07-25T15:59:20","guid":{"rendered":"https:\/\/www.area-press.eu\/comunicatistampa\/?p=42757"},"modified":"2019-07-25T17:59:20","modified_gmt":"2019-07-25T15:59:20","slug":"barcelo-hotel-group-apre-in-ungheria","status":"publish","type":"post","link":"https:\/\/www.area-press.eu\/comunicatistampa\/2019\/07\/25\/barcelo-hotel-group-apre-in-ungheria\/","title":{"rendered":"Barcel\u00f3 Hotel Group apre in Ungheria"},"content":{"rendered":"<p class=\"Default\"><b><i><span lang=\"ES\">Barcel\u00f3 Budapest, magnificamente situato nel centro storico della capitale ungherese, dispone di 179 camere, alcune delle quali con terrazza e splendida vista sulla citt\u00e0. <\/span><\/i><\/b><\/p>\n<p class=\"Default\"><b><i><span lang=\"ES\">Barcel\u00f3 Budapest, un hotel centrale e moderno che aprir\u00e0 le sue porte luned\u00ec 15 luglio prossimo.<\/span><\/i><\/b><\/p>\n<p class=\"Default\"><b><i><span lang=\"ES\">\u00a0<\/span><\/i><\/b>Il successo di Budapest, attribuito principalmente alla monumentalit\u00e0 dei suoi edifici storici, \u00e8 stato completato negli ultimi anni dalla nascita di un&#8217;atmosfera vibrante di una capitale che non smette mai di incorporare nuovi attori nel suo paesaggio urbano e cosmopolita. Alla lunga lista di ristoranti, bar e gallerie d&#8217;arte si aggiunger\u00e0, a partire da luned\u00ec 15 luglio prossimo, un nuovo design hotel di 179 camere, magnificamente situato nel centro storico, nel sesto distretto di Ter\u00e9zv\u00e1ros, molto vicino alla Cattedrale, alla famosa Sinagoga e al Parlamento di Budapest, ma anche alla sempre pi\u00f9 vivace riva del Danubio.<\/p>\n<p class=\"Default\">Questo \u00e8 <span lang=\"ES\"><a href=\"https:\/\/www.barcelo.com\/it\/barcelo-hotels\/alberghi\/ungheria\/budapest\/barcelo-budapest\/offerte\"><b><span lang=\"IT\">Barcel\u00f3 Budapest<\/span><\/b><\/a><\/span>, il primo stabilimento che Barcel\u00f3 Hotel Group ha aperto in Ungheria, nato con l&#8217;obiettivo di diventare un punto di riferimento per tutti coloro che desiderano godere appieno di quella che nel 2019 \u00e8 stata scelta come &#8220;migliore destinazione europea&#8221; nelle migliori destinazioni europee (EBD).<\/p>\n<p class=\"Default\">Sale spaziose e all&#8217;avanguardia, alcune con terrazza con vista sulla citt\u00e0, ristorante a buffet e lounge bar, 3 sale riunioni in grado di ospitare eventi fino a 210 persone e un centro fitness professionale aperto 24 ore al giorno, aiuteranno i suoi clienti leisure e business a vivere un&#8217;esperienza ricca di consigli indimenticabili.<\/p>\n","protected":false},"excerpt":{"rendered":"<p>Barcel\u00f3 Budapest, magnificamente situato nel centro storico della capitale ungherese, dispone di 179 camere, alcune delle quali con terrazza e splendida vista sulla citt\u00e0. Barcel\u00f3 Budapest, un hotel centrale e moderno che aprir\u00e0 le sue porte luned\u00ec 15 luglio prossimo. \u00a0Il successo di Budapest, attribuito principalmente alla monumentalit\u00e0 dei suoi edifici storici, \u00e8 stato completato [&hellip;]<\/p>\n","protected":false},"author":4629,"featured_media":0,"comment_status":"open","ping_status":"open","sticky":false,"template":"","format":"standard","meta":{"footnotes":""},"categories":[29],"tags":[],"class_list":["post-42757","post","type-post","status-publish","format-standard","hentry","category-comunicati"],"_links":{"self":[{"href":"https:\/\/www.area-press.eu\/comunicatistampa\/wp-json\/wp\/v2\/posts\/42757","targetHints":{"allow":["GET"]}}],"collection":[{"href":"https:\/\/www.area-press.eu\/comunicatistampa\/wp-json\/wp\/v2\/posts"}],"about":[{"href":"https:\/\/www.area-press.eu\/comunicatistampa\/wp-json\/wp\/v2\/types\/post"}],"author":[{"embeddable":true,"href":"https:\/\/www.area-press.eu\/comunicatistampa\/wp-json\/wp\/v2\/users\/4629"}],"replies":[{"embeddable":true,"href":"https:\/\/www.area-press.eu\/comunicatistampa\/wp-json\/wp\/v2\/comments?post=42757"}],"version-history":[{"count":1,"href":"https:\/\/www.area-press.eu\/comunicatistampa\/wp-json\/wp\/v2\/posts\/42757\/revisions"}],"predecessor-version":[{"id":42758,"href":"https:\/\/www.area-press.eu\/comunicatistampa\/wp-json\/wp\/v2\/posts\/42757\/revisions\/42758"}],"wp:attachment":[{"href":"https:\/\/www.area-press.eu\/comunicatistampa\/wp-json\/wp\/v2\/media?parent=42757"}],"wp:term":[{"taxonomy":"category","embeddable":true,"href":"https:\/\/www.area-press.eu\/comunicatistampa\/wp-json\/wp\/v2\/categories?post=42757"},{"taxonomy":"post_tag","embeddable":true,"href":"https:\/\/www.area-press.eu\/comunicatistampa\/wp-json\/wp\/v2\/tags?post=42757"}],"curies":[{"name":"wp","href":"https:\/\/api.w.org\/{rel}","templated":true}]}}