{"id":42599,"date":"2019-07-18T15:16:59","date_gmt":"2019-07-18T13:16:59","guid":{"rendered":"https:\/\/www.area-press.eu\/comunicatistampa\/?p=42599"},"modified":"2019-07-18T15:16:59","modified_gmt":"2019-07-18T13:16:59","slug":"buon-vino-e-buona-musica-con-al-bano-da-pam-panorama","status":"publish","type":"post","link":"https:\/\/www.area-press.eu\/comunicatistampa\/2019\/07\/18\/buon-vino-e-buona-musica-con-al-bano-da-pam-panorama\/","title":{"rendered":"Buon vino e buona musica con Al Bano da Pam Panorama"},"content":{"rendered":"<p><em><strong>Attenzione verso il cliente, prodotti di qualit\u00e0 e convenienza: sono i pilastri che da sempre caratterizzano la <\/strong><\/em><a title=\"Gruppo PAM, blog\" href=\"https:\/\/gruppopamsite.wordpress.com\/\"><em><strong>storia di Gruppo Pam<\/strong><\/em><\/a><em><strong>, realt\u00e0 guidata da Arturo Bastianello. Di recente Albano Carrisi \u00e8 stato ospite di Pam Panorama per offrire ai clienti un pomeriggio d&#8217;intrattenimento e degustazione. <\/strong><\/em><\/p>\n<p><a title=\"Gruppo PAM, blog wordpress\" href=\"https:\/\/gruppopamsite.wordpress.com\/\"><img loading=\"lazy\" decoding=\"async\" src=\"https:\/\/media.licdn.com\/dms\/image\/C560BAQH_3-UtAWYIcg\/company-logo_200_200\/0?e=2159024400&amp;v=beta&amp;t=67czjRcll93XZ8JerJ1iab1hkCMzA1zIpsryNEkmEKE\" alt=\"Gruppo Pam\" width=\"130\" height=\"130\" \/><\/a><\/p>\n<h2>Musica e degustazione: Al Bano ospite di Pam Panorama<\/h2>\n<p>Albano Carrisi ha passato un pomeriggio con i clienti di <strong>Pam<\/strong> Panorama presso l&#8217;ipermercato di Marghera, in Via S. Orsato. L&#8217;incontro si \u00e8 svolto il 16 giugno e ha offerto l&#8217;opportunit\u00e0 di degustare l&#8217;olio e i prestigiosi vini pugliesi prodotti nella Tenuta Carrisi di Cellino San Marco. Rossi, rosati e bianchi ricavati da vigneti tra i 40 e i 75 anni rappresentano la qualit\u00e0 di una produzione dalle forti tradizioni. In tale occasione, Albano Carrisi ha firmato le bottiglie della propria cantina da consegnare ai partecipanti durante l&#8217;incontro. <strong>Pam<\/strong> Panorama ha offerto cos\u00ec un&#8217;occasione unica, unendo la passione per la musica italiana alla degustazione. &#8220;I nostri negozi, oltre ad essere luoghi accoglienti dove fare la spesa, stanno diventando sempre pi\u00f9 location dove poter svolgere attivit\u00e0 come questa&#8221;, commenta Fulvio Faletra, Direttore Customer Engagement di <strong>Pam<\/strong> Panorama. <em>&#8220;Le famiglie dei nostri Clienti si possono intrattenere e trascorrere del tempo libero divertendosi. Siamo onorati di ospitare un grande artista come Al Bano e di permettere a tutti i presenti di vedere da vicino un vero e proprio mito della canzone italiana&#8221;<\/em>.<\/p>\n<h2>Gruppo Pam: una storia di qualit\u00e0 e attenzione per il cliente<\/h2>\n<p><strong><a title=\"Gruppo PAM - wordpress\" href=\"https:\/\/gruppopamsite.wordpress.com\/\">Gruppo Pam<\/a><\/strong>, attualmente sotto la guida di <strong>Arturo Bastianello<\/strong>, si avvale della collaborazione di pi\u00f9 di 9.500 professionisti e punta a un ulteriore e significativo sviluppo del business e dell&#8217;attuale rete di vendita. I pilastri sui quali si basa l&#8217;azienda non sono mai cambiati: al centro c&#8217;\u00e8 l&#8217;attenzione verso il cliente, la qualit\u00e0 dei prodotti, l&#8217;ampiezza e la convenienza dell&#8217;offerta, confermata anche dall&#8217;acronimo &#8220;Pi\u00f9 a Meno&#8221;. Nato nel 1958 a Padova, in un&#8217;area che era precedentemente occupata da una sala cinematografica, <strong>Gruppo Pam<\/strong> cresce velocemente grazie ad acquisizioni e a una spiccata capacit\u00e0 di adattamento ai mutamenti del mercato. Oggi \u00e8 presente in 14 regioni con oltre 1.000 punti vendita: nel tempo il Gruppo ha infatti sviluppato diversi formati ed insegne, tra cui i supermercati e superstore Pam, gli ipermercati Panorama, i convenience store Pam local, i discount In&#8217;s, e la rete in franchising.<\/p>\n","protected":false},"excerpt":{"rendered":"<p>Attenzione verso il cliente, prodotti di qualit\u00e0 e convenienza: sono i pilastri che da sempre caratterizzano la storia di Gruppo Pam, realt\u00e0 guidata da Arturo Bastianello. Di recente Albano Carrisi \u00e8 stato ospite di Pam Panorama per offrire ai clienti un pomeriggio d&#8217;intrattenimento e degustazione. Musica e degustazione: Al Bano ospite di Pam Panorama Albano [&hellip;]<\/p>\n","protected":false},"author":40,"featured_media":0,"comment_status":"open","ping_status":"open","sticky":false,"template":"","format":"standard","meta":{"footnotes":""},"categories":[5],"tags":[13086,24143],"class_list":["post-42599","post","type-post","status-publish","format-standard","hentry","category-aziendali","tag-arturo-bastianello","tag-pam-panorama"],"_links":{"self":[{"href":"https:\/\/www.area-press.eu\/comunicatistampa\/wp-json\/wp\/v2\/posts\/42599","targetHints":{"allow":["GET"]}}],"collection":[{"href":"https:\/\/www.area-press.eu\/comunicatistampa\/wp-json\/wp\/v2\/posts"}],"about":[{"href":"https:\/\/www.area-press.eu\/comunicatistampa\/wp-json\/wp\/v2\/types\/post"}],"author":[{"embeddable":true,"href":"https:\/\/www.area-press.eu\/comunicatistampa\/wp-json\/wp\/v2\/users\/40"}],"replies":[{"embeddable":true,"href":"https:\/\/www.area-press.eu\/comunicatistampa\/wp-json\/wp\/v2\/comments?post=42599"}],"version-history":[{"count":1,"href":"https:\/\/www.area-press.eu\/comunicatistampa\/wp-json\/wp\/v2\/posts\/42599\/revisions"}],"predecessor-version":[{"id":42602,"href":"https:\/\/www.area-press.eu\/comunicatistampa\/wp-json\/wp\/v2\/posts\/42599\/revisions\/42602"}],"wp:attachment":[{"href":"https:\/\/www.area-press.eu\/comunicatistampa\/wp-json\/wp\/v2\/media?parent=42599"}],"wp:term":[{"taxonomy":"category","embeddable":true,"href":"https:\/\/www.area-press.eu\/comunicatistampa\/wp-json\/wp\/v2\/categories?post=42599"},{"taxonomy":"post_tag","embeddable":true,"href":"https:\/\/www.area-press.eu\/comunicatistampa\/wp-json\/wp\/v2\/tags?post=42599"}],"curies":[{"name":"wp","href":"https:\/\/api.w.org\/{rel}","templated":true}]}}