{"id":42585,"date":"2019-07-18T01:39:07","date_gmt":"2019-07-17T23:39:07","guid":{"rendered":"https:\/\/www.area-press.eu\/comunicatistampa\/?p=42585"},"modified":"2020-08-09T23:35:39","modified_gmt":"2020-08-09T21:35:39","slug":"zuin-hannah-baker-lultimo-singolo-estratto-dallalbum-per-tutti-questi-anni","status":"publish","type":"post","link":"https:\/\/www.area-press.eu\/comunicatistampa\/2019\/07\/18\/zuin-hannah-baker-lultimo-singolo-estratto-dallalbum-per-tutti-questi-anni\/","title":{"rendered":"ZUIN \u201cHANNAH BAKER\u201d l\u2019ultimo singolo estratto dall\u2019album \u201cPer tutti questi anni\u201d"},"content":{"rendered":"<p><img loading=\"lazy\" decoding=\"async\" class=\"aligncenter size-full wp-image-301653\" src=\"https:\/\/www.joyfreepress.com\/wp-content\/uploads\/2019\/06\/zuin_hannah_baker_2019.jpg___th_320_0.jpg\" alt=\"\" width=\"320\" height=\"327\" \/><\/p>\n<p><i><span style=\"font-weight: 400\">Se cura e dolore sanno essere due volti di una stessa medaglia, il cantautore rock lancia questo brano come una moneta che resta in bilico fra un groove risoluto e una schiva malinconia.<\/span><\/i><\/p>\n<p>&nbsp;<\/p>\n<p><b>Ph: Chiara Muscar\u00e0<\/b><\/p>\n<p>&nbsp;<\/p>\n<p><span style=\"font-weight: 400\">Hanna Baker \u00e8 <\/span><b>un personaggio, un simbolo, uno stato d&#8217;animo.<\/b><\/p>\n<p><span style=\"font-weight: 400\">\u00c8 quando l&#8217;amore non ti fa pensare ad altro, quando ti fa stare cos\u00ec bene e cos\u00ec male allo stesso tempo da sentirti malato, dal sentire la necessit\u00e0 di una cura, di qualcuno che ti aiuti.<\/span><\/p>\n<p><span style=\"font-weight: 400\">Di notte, di giorno, nei momenti tristi e in quelli felici l&#8217;unica cura \u00e8 lei o pi\u00f9 semplicemente te stesso.<\/span><\/p>\n<p><span style=\"font-weight: 400\">A volte la solitudine \u00e8 l&#8217;unico modo per riscoprirsi.<\/span><\/p>\n<p><iframe loading=\"lazy\" title=\"Zuin - Hannah Baker * [OFFICIAL VIDEO 2019]\" width=\"500\" height=\"281\" src=\"https:\/\/www.youtube.com\/embed\/IzTgqguId1w?feature=oembed\" frameborder=\"0\" allow=\"accelerometer; autoplay; clipboard-write; encrypted-media; gyroscope; picture-in-picture; web-share\" referrerpolicy=\"strict-origin-when-cross-origin\" allowfullscreen><\/iframe><\/p>\n<p>&nbsp;<\/p>\n<p>&nbsp;<\/p>\n<p><span style=\"font-weight: 400\">Il singolo \u00e8 l\u2019ultimo estratto dall\u2019album <\/span><b>Per Tutti Questi Anni:<\/b><\/p>\n<p>&nbsp;<\/p>\n<p><i><span style=\"font-weight: 400\">\u00abQuesto disco racchiude i miei primi 30 anni di vita, i ricordi di infanzia, il rapporto con la mia famiglia, parla di sogni, di amicizia, di amore e di paure, \u00e8 il disco pi\u00f9 personale che potevo scrivere.<\/span><\/i><\/p>\n<p><i><span style=\"font-weight: 400\">Ho iniziato a scrivere queste canzoni in un momento di spaccatura, di cambiamento nella mia vita, il momento giusto per mettermi a nudo ed esorcizzare le mie paure, per prendere forza dalle mie insicurezze. Per questo motivo ho voluto tenere un approccio molto spontaneo alla struttura, agli arrangiamenti, alle liriche, per permettere alle persone che lo ascoltano un facile accesso alle mie esperienze nella speranza ritrovino qualcosa di loro stessi nelle mie canzoni.\u00bb <\/span><\/i><b>Zuin<\/b><\/p>\n<p>&nbsp;<\/p>\n<p><b>DICONO DI LUI<\/b><\/p>\n<p>&nbsp;<\/p>\n<p><i><span style=\"font-weight: 400\">\u201cPer Tutti Questi Anni \u00e8 un lavoro all\u2019insegna di una ben misurata alternanza tra dolcezza e rabbia, quest\u2019ultima ben espressa da una voce graffiante, messa al servizio di brani ricchi di vigore e pathos\u201d. <\/span><\/i><b>Rumore<\/b><\/p>\n<p>&nbsp;<\/p>\n<p><i><span style=\"font-weight: 400\">\u201cOscillando tra un sogno e una paura, si delinea l\u2019evoluzione di un ragazzo adolescente che diventa uomo, senza pi\u00f9 alcuna ferita sulle mani, ma pieno di squarci sul cuore\u201d.<\/span><\/i><b><i> ExitWell<\/i><\/b><\/p>\n<p>&nbsp;<\/p>\n<p><i><span style=\"font-weight: 400\">\u201cZuin ci offre quindi un bel disco di canzoni come non se ne ascoltavano da un po\u2019, si muove sulle linee del rock e del folk, affondando le mani nel cantautorato, ma risultando moderno senza bisogno di avvicinarsi alle mode del momento e per questo ha tutte le carte in regola per durare nel tempo\u201d. <\/span><\/i><b>Nonsense Mag <\/b><\/p>\n<p>&nbsp;<\/p>\n<p><i><span style=\"font-weight: 400\">\u201cUn disco che ha un ruolo importante: \u00e8 una guida, \u00e8 come un fratello maggiore con cui possiamo aprirci e raccontarci con sincerit\u00e0, perch\u00e9 sappiamo che non ci giudicher\u00e0\u201d. <\/span><\/i><b>LaMusicaRock.com<\/b><\/p>\n<p>&nbsp;<\/p>\n<p><i><span style=\"font-weight: 400\">\u201cGraffiante e capace di trasgredire al clich\u00e9 di questa tendenza omologante che troviamo facilmente in tutti questi nuovi cantautori della scena italiana<\/span><\/i><b><i>\u201d. <\/i><\/b><b>Blog della Musica<\/b><\/p>\n<p>&nbsp;<\/p>\n<p><b>RADIO DATE: 24 MAGGIO 2019 <\/b><\/p>\n<p><b>PUBBLICAZIONE ALBUM: 23 novembre 2018<\/b><\/p>\n<p>&nbsp;<\/p>\n<p><b>ETICHETTA: Volume!<\/b><\/p>\n<p><span style=\"font-weight: 400\">\u00a0<\/span><\/p>\n<p><b>BIO<\/b><\/p>\n<p><span style=\"font-weight: 400\">Zuin \u00e8 un progetto nato nel 2016 con la voglia di raccontare storie, sentimenti e sensazioni. Fin da subito per Zuin inizia un never-endig tour, chitarra e voce, che lo porta a suonare su palchi importanti e come supporter di artisti di punta della scena musicale indipendente italiana. Nell\u2019aprile 2017 partecipa alla finale di <\/span><b>Special Stage<\/b><span style=\"font-weight: 400\"> di <\/span><b>Officine Buone<\/b><span style=\"font-weight: 400\">, ricevendo il <\/span><b>Premio Social<\/b><span style=\"font-weight: 400\">, fino ad arrivare nel 2018 al prestigioso palco del <\/span><b>Primo Maggio a Roma<\/b><span style=\"font-weight: 400\"> come uno dei tre vincitori del contest <\/span><b>1MNext<\/b><span style=\"font-weight: 400\">.<\/span><\/p>\n<p><span style=\"font-weight: 400\">Con l&#8217;etichetta <\/span><b>VOLUME!<\/b><span style=\"font-weight: 400\"> pubblica tre singoli: <\/span><i><span style=\"font-weight: 400\">Fantasmi<\/span><\/i><span style=\"font-weight: 400\"> (maggio 2017), <\/span><i><span style=\"font-weight: 400\">Oh mio Dio! <\/span><\/i><span style=\"font-weight: 400\">(novembre) e a giugno 2018 <\/span><i><span style=\"font-weight: 400\">Io non ho paura<\/span><\/i><span style=\"font-weight: 400\">, title track dell\u2019ep eponimo contenente i tre brani pubblicati pi\u00f9 l\u2019inedito <\/span><i><span style=\"font-weight: 400\">Credimi<\/span><\/i><span style=\"font-weight: 400\">. Tutti i brani sono realizzati con la collaborazione artistica di Claudio Cupelli (produttore artistico e co-arrangiatore dei brani), e i tre singoli sono accompagnati dai relativi video in premiere su prestigiosi portali e raggiungono la <\/span><b>TOP 20 della Indie Music Like<\/b><span style=\"font-weight: 400\">, classifica di gradimento delle radio indipendenti italiane. Il 20 novembre esce <\/span><i><span style=\"font-weight: 400\">Bianco (cantata in coppia con Daniela D\u2019Angelo) <\/span><\/i><span style=\"font-weight: 400\">che anticipa di qualche giorno l\u2019uscita del disco d\u2019esordio <\/span><b>PER TUTTI QUESTI ANNI<\/b><span style=\"font-weight: 400\"> sempre con l\u2019etichetta <\/span><b>VOLUME! <\/b><span style=\"font-weight: 400\">Dopo \u201cMonza Saronno\u201d, il nuovo singolo \u00e8 \u201cHanna Baker\u201d. <\/span><\/p>\n<p>&nbsp;<\/p>\n<p><b>Contatti e social<\/b><\/p>\n<p><b>Zuin<\/b><\/p>\n<p><span style=\"font-weight: 400\">Facebook <\/span><a href=\"https:\/\/www.facebook.com\/zuinofficial\"><span style=\"font-weight: 400\">www.facebook.com\/zuinofficial<\/span><\/a><\/p>\n<p><span style=\"font-weight: 400\">Instagram @zuin_zuin<\/span><\/p>\n<p><span style=\"font-weight: 400\">YouTube <\/span><a href=\"https:\/\/www.youtube.com\/channel\/UCt-lVA05D5W21IitCjeaB2Q\"><span style=\"font-weight: 400\">https:\/\/bit.ly\/2TwLHU4<\/span><\/a><\/p>\n<p><b>Volume!<\/b><\/p>\n<p><span style=\"font-weight: 400\">Facebook <\/span><a href=\"https:\/\/www.facebook.com\/volumedm\/\"><span style=\"font-weight: 400\">www.facebook.com\/volumedm<\/span><\/a><\/p>\n<p><span style=\"font-weight: 400\">Instagram <\/span><span style=\"font-weight: 400\">volume_label<\/span><\/p>\n<p><span style=\"font-weight: 400\">\u00a0PH by Chiara Muscar\u00e0: <\/span><span style=\"font-weight: 400\">https:\/\/www.chiara-meierhofer-muscara.com\/<\/span><\/p>\n","protected":false},"excerpt":{"rendered":"<p>Se cura e dolore sanno essere due volti di una stessa medaglia, il cantautore rock lancia questo brano come una moneta che resta in bilico fra un groove risoluto e una schiva malinconia. &nbsp; Ph: Chiara Muscar\u00e0 &nbsp; Hanna Baker \u00e8 un personaggio, un simbolo, uno stato d&#8217;animo. \u00c8 quando l&#8217;amore non ti fa pensare [&hellip;]<\/p>\n","protected":false},"author":4383,"featured_media":0,"comment_status":"open","ping_status":"open","sticky":false,"template":"","format":"standard","meta":{"footnotes":""},"categories":[12],"tags":[],"class_list":["post-42585","post","type-post","status-publish","format-standard","hentry","category-musica"],"_links":{"self":[{"href":"https:\/\/www.area-press.eu\/comunicatistampa\/wp-json\/wp\/v2\/posts\/42585","targetHints":{"allow":["GET"]}}],"collection":[{"href":"https:\/\/www.area-press.eu\/comunicatistampa\/wp-json\/wp\/v2\/posts"}],"about":[{"href":"https:\/\/www.area-press.eu\/comunicatistampa\/wp-json\/wp\/v2\/types\/post"}],"author":[{"embeddable":true,"href":"https:\/\/www.area-press.eu\/comunicatistampa\/wp-json\/wp\/v2\/users\/4383"}],"replies":[{"embeddable":true,"href":"https:\/\/www.area-press.eu\/comunicatistampa\/wp-json\/wp\/v2\/comments?post=42585"}],"version-history":[{"count":1,"href":"https:\/\/www.area-press.eu\/comunicatistampa\/wp-json\/wp\/v2\/posts\/42585\/revisions"}],"predecessor-version":[{"id":42587,"href":"https:\/\/www.area-press.eu\/comunicatistampa\/wp-json\/wp\/v2\/posts\/42585\/revisions\/42587"}],"wp:attachment":[{"href":"https:\/\/www.area-press.eu\/comunicatistampa\/wp-json\/wp\/v2\/media?parent=42585"}],"wp:term":[{"taxonomy":"category","embeddable":true,"href":"https:\/\/www.area-press.eu\/comunicatistampa\/wp-json\/wp\/v2\/categories?post=42585"},{"taxonomy":"post_tag","embeddable":true,"href":"https:\/\/www.area-press.eu\/comunicatistampa\/wp-json\/wp\/v2\/tags?post=42585"}],"curies":[{"name":"wp","href":"https:\/\/api.w.org\/{rel}","templated":true}]}}