{"id":42561,"date":"2019-07-18T01:38:28","date_gmt":"2019-07-17T23:38:28","guid":{"rendered":"https:\/\/www.area-press.eu\/comunicatistampa\/?p=42561"},"modified":"2020-08-09T23:42:33","modified_gmt":"2020-08-09T21:42:33","slug":"tonino-carotone-e-il-coro-dellantoniano-solcando-le-onde","status":"publish","type":"post","link":"https:\/\/www.area-press.eu\/comunicatistampa\/2019\/07\/18\/tonino-carotone-e-il-coro-dellantoniano-solcando-le-onde\/","title":{"rendered":"Tonino Carotone e il Coro dell&#8217;Antoniano \u201cSolcando le onde\u201d"},"content":{"rendered":"<p><img loading=\"lazy\" decoding=\"async\" class=\"alignnone aligncenter\" src=\"https:\/\/lh6.googleusercontent.com\/U_kPCAi8o71E9G63UiMkysNy_jQ2aG23_JC5mjgM8xY4R-pkJfRLXal47FiTJn3gTfehtX-z4bmLPrv22nl8FxEc-HK_6vtt9AafSmFA6I-BXUbyQZVb1i-bmrvXNGNLXlaUPVQcfYUxEfLRyQ\" width=\"350\" height=\"350\" \/><\/p>\n<p><i><span style=\"font-weight: 400\">L\u2019artista internazionale e il complesso infantile fra i pi\u00f9 celebri al mondo danno vita ad un brano che disegna in musica, attraverso il linguaggio puro e colorato dei bambini, il tema sociale dell\u2019immigrazione.<\/span><\/i><\/p>\n<p><b>\u201cSolcando le onde\u201d<\/b><span style=\"font-weight: 400\"> \u00e8 il nuovo singolo di <\/span><b>Tonino Carotone<\/b><span style=\"font-weight: 400\"> accompagnato dal <\/span><b>Piccolo Coro &#8220;Mariele Ventre&#8221; dell&#8217;Antoniano<\/b><span style=\"font-weight: 400\">, diretto da Sabrina Simoni. Una canzone che affronta l&#8217;argomento migranti, con un focus particolare sul Mediterraneo. Un testo adatto anche ai bambini che racchiude poetica ed umanit\u00e0.<\/span><\/p>\n<p><i><span style=\"font-weight: 400\">\u00abNon potr\u00f2 mai dimenticare e mai dimenticher\u00f2 quelle tristi, orribili e spaventose immagini trasmesse dal telegiornale. Centinaia di migliaia di persone seppellite da escavatori in fosse comuni. Sono seguiti milioni di rifugiati, in fuga senza niente pur di avere salva la vita. Era il 1994 in Ruanda dove guerra civile tra le etnie Hutu e Tutsi si trasform\u00f2 in uno enorme genocidio. Per la prima volta nella storia venivano trasmesse questo tipo di immagini ed io osservavo quella tragedia dalla piccola televisione nella mia cella; ero in galera condannato per antimilitarismo, per aver disertato la leva e lottato insieme ai miei compagni per il movimento pacifista. Venticinque anni dopo tante persone, tanti esseri umani disperati stanno fuggendo dalla fame, dalla morte, dalla guerra, lasciandosi indietro tutto, per un po&#8217; di speranza, con il rischio di affogare, non solo in mare ma anche nell&#8217;inumana indifferenza della nostra societ\u00e0 \u201ccivilizzata\u201d, troppo abituata a vedere questo tipo di tragedie in televisione. La solidariet\u00e0 \u00e8 un importantissimo valore che rende pi\u00f9&#8217; grande un popolo e l&#8217;umanit\u00e0 tutta\u00bb. <\/span><\/i><b>Tonino Carotone<\/b><\/p>\n<p>&nbsp;<\/p>\n<p><b><i>Gli appuntamenti Live in programma:<\/i><\/b><\/p>\n<p><span style=\"font-weight: 400\">08\/06\/2019 &#8211; Milano &#8211; Legend<\/span><\/p>\n<p><span style=\"font-weight: 400\">24\/06\/2019 &#8211; Sora (FR) &#8211; Piazza<\/span><\/p>\n<p><span style=\"font-weight: 400\">19\/07\/2019 &#8211; Vicenza &#8211; JamRock Festival<\/span><\/p>\n<p><span style=\"font-weight: 400\">03\/08\/2019 &#8211; Monte Scaglioso (MT) &#8211;\u00a0St. Rock Festival<\/span><\/p>\n<p><span style=\"font-weight: 400\">15\/08\/2019 &#8211; Montemilone (PZ) &#8211; Ndruzz Festival<\/span><\/p>\n<p><span style=\"font-weight: 400\">19\/10\/2019 &#8211; Bologna &#8211; Estragon &#8211; Partir\u00f2\u2019 per Bologna<\/span><\/p>\n<p><span style=\"font-weight: 400\">12\/12\/2019 &#8211; Athene (Grecia) &#8211; Christmas Theatre<\/span><\/p>\n<p>&nbsp;<\/p>\n<p><b>CREDITS<\/b><\/p>\n<p><span style=\"font-weight: 400\">Radio date: 31 maggio 2019<\/span><\/p>\n<p><span style=\"font-weight: 400\">Artista: Tonino Carotone e il Coro Dell&#8217;antoniano<\/span><span style=\"font-weight: 400\"><br \/>\n<\/span><span style=\"font-weight: 400\">Titolo Brano: Solcando Le Onde<\/span><span style=\"font-weight: 400\"><br \/>\n<\/span><span style=\"font-weight: 400\">Etichetta: Maninalto!<\/span><\/p>\n<p><span style=\"font-weight: 400\">Distribuzione: Digital Stores<\/span><span style=\"font-weight: 400\"><br \/>\n<\/span><span style=\"font-weight: 400\">Durata: 2&#8242; 58&#8221;<\/span><span style=\"font-weight: 400\"><br \/>\n<\/span><span style=\"font-weight: 400\">Prodotto da: Giuliano Ciabatta<\/span><\/p>\n<p><span style=\"font-weight: 400\">Testo: Tonino Carotone e Giuliano Ciabatta<\/span><\/p>\n<p><span style=\"font-weight: 400\">Musica: Giuliano Ciabatta<\/span><\/p>\n<p><span style=\"font-weight: 400\">Edizioni: Edizioni Musicali Antoniano dei Frati minori<\/span><span style=\"font-weight: 400\"><br \/>\n<\/span><span style=\"font-weight: 400\">Edizioni: Associazione Culturale Baldoria Edizioni Musicali<\/span><\/p>\n<p><span style=\"font-weight: 400\">Foto di copertina: Mario Rota<\/span><\/p>\n<p>&nbsp;<\/p>\n<p><b>BIO \u2013 TONINO CAROTONE<\/b><b><br \/>\n<\/b><\/p>\n<p><span style=\"font-weight: 400\">Antonio De La Cuesta in arte Tonino Carotone \u00e8 un artista internazionale gi\u00e0 culto. Nasce a Burgos nei Paesi Baschi e cresce in un sobborgo di Pamplona ascoltando la Radio e guardando la TV. Assorbe cosi le melodie dei variet\u00e0 e delle pubblicit\u00e0, scoprendo la musica di Luis Aguila, Trini Lopez, Peret, ed anche di Mina, Rita Pavone, Albano &amp; Romina, Adriano Celentano. Prende il look da Fred Buscaglione ed il cognome d&#8217;arte da Renato Carosone con il quale ha registrato una indimenticabile versione di \u201cTu vu\u00f2 fa l&#8217;americano\u201d. Arriva in Italia per la prima volta nel 1995 ma raggiunge il successo del grande pubblico solo nel 2000 con l&#8217;album \u201cMondo difficile\u201d che diventa subito Disco D&#8217;Oro. Negli anni ha collaborato con Manu Chao, Eugene H\u00f9tz (Gogol Bordello), Erriquez (Bandabard\u00f2), Pietra Montecorvino, Locomondo, Arpioni, Zibba, Vallanzaska, Piotta, Pietra Montecorvino, Roy Paci e tanti altri. Nel 2003 pubblica \u201cSenza Ritorno\u201d. Ha partecipato come ospite in diverse trasmissioni televisive, da \u201cParla con me\u201d di Serena Dandini al \u201cFestivalbar\u201d da \u201cChiambretti Night\u201d di Piero Chiambretti a \u201cFrancamente me ne infischio\u201d di Adriano Celentano. Su di lui e con lui nel 2006 Federico Traversa scrive il libro \u201cIl maestro dell&#8217;ora brava\u201d per le Edizioni Chinaski. Riceve il premio come miglior artista straniero al Premio Carosone al teatro Politeama di Napoli. Nel 2008 pubblica l&#8217;album \u201cCiao Mortali\u201d. Nel 2009 partecipa al Concertone del 1\u00b0 Maggio a Roma con la Bandabard\u00f2. Si esibisce spesso in Italia, Spagna, Grecia, Cile, Argentina (durante il tour degli stadi con Manu Chao), Messico, Russia. In Grecia ha un ottimo successo come in Italia e canta addirittura allo Stadio Olimpico di Atene. Riceve l&#8217;invito da Emir Kusturica a partecipare al suo \u201cFilm &amp; Music Festival\u201d. Dal 2014 firma con Maninalto! Nel 2015 \u00e8 premiato al Festival del cinema dell&#8217;Havana per delle sonorizzazioni. Suoi i brani nel film \u201cIl Ricco, il povero e il maggiordomo\u201d di Aldo, Giovanni e Giacomo. Nel 2018 pubblica due nuovi brani: \u201cL&#8217;amore non Paga\u201d e \u201cVita Clandestina\u201d. Quest&#8217;ultimo vede tra gli autori Nina Zilli ed entrambi sono prodotti artisticamente da Alborosie nel suo studio in Jamaica. Partecipa al film \u201cIl cobra non \u00e8\u201d di Mauro Russo, con cui gira anche il videoclip \u201cL&#8217;amore non paga\u201d. E&#8217; ospite del suo amico Vinicio Capossela allo \u201cSponz Festival\u201d. Nel 2017 viene battezzato \u201ccittadino romagnolo nel Mondo\u201d proprio dalla famiglia Casadei, per l&#8217;interpretazione in spagnolo del celebre successo \u201cRomagna Mia\u201d. Da sempre sensibile alle problematiche dei diritti umani e civili \u00e8 stato uno dei primi renitenti alla leva nei Paesi Baschi, subendone purtroppo tutte le conseguenze. Nel 2018 per\u00f2 a Pamplona, pi\u00f9 di venti anni dopo, viene intitolato a lui ed a tutti gli obiettori di coscienza un monumento ed un parco che ricorda i combattenti per la pace, considerato unico al Mondo nel suo genere. E&#8217; ospite nel nuovo disco di Elisa con una introduzione del brano \u201cL&#8217;Estate e&#8217; gia&#8217; fuori\u201d. Nel 2019 per Maninalto! pubblica \u201cSolcando le onde\u201d che canta insieme al Coro dell&#8217;Antoniano. E&#8217; in lavorazione il suo ultimo album che vedr\u00e0 la luce nel autunno 2019.<\/span><\/p>\n<p><b>IL CORO DELL\u2019ANTONIANO<\/b><\/p>\n<p><span style=\"font-weight: 400\">Il Piccolo Coro \u201cMariele Ventre\u201d, complesso corale infantile tra i pi\u00f9 celebri del mondo, \u00e8 l\u2019istituzione pi\u00f9 nota e caratterizzante dell\u2019Antoniano di Bologna. Fondato da Mariele Ventre nel 1963 a Bologna, festeggia nel 2019 cinquantaseianni di attivit\u00e0 annoverando tra le sue esperienze 61edizioni dello Zecchino d\u2019Oro, incontri con i pi\u00f9 importanti protagonisti della scena musicale nazionale ed internazionale quali Luciano Pavarotti, Andrea Bocelli, Richard Attemborough, Peter Ustinov, gli Stadio, Irene Grandi, i Nomadi, Zucchero, Giorgio Gaber, Iva Zanicchi, Massimo Ranieri, Albano,KatiaRicciarelli,Red Canzian, Raffaella Carr\u00e0 e J-Axoltre a un\u2019intensa attivit\u00e0 discografica e concertistica in Italia e all\u2019estero, con partecipazioni a trasmissioni televisive e produzioni audiovisive.<\/span><\/p>\n<p>&nbsp;<\/p>\n<p><b>Contatti e social<\/b><\/p>\n<p>&nbsp;<\/p>\n<p><b>Tonino Carotone sul Web:<\/b><\/p>\n<p><b>Facebook: <\/b><a href=\"https:\/\/www.facebook.com\/toninocarotoneofcial\"><b>https:\/\/www.facebook.com\/toninocarotoneofcial<\/b><\/a><\/p>\n<p><b>Instagram: <\/b><a href=\"https:\/\/www.instagram.com\/tonino_carotone_official\/\"><b>https:\/\/www.instagram.com\/tonino_carotone_official\/<\/b><b><br \/>\n<\/b><\/a><\/p>\n<p><b>Management &amp; Booking<\/b><b><br \/>\n<\/b><b>Maninalto! &#8211; info@maninalto.org &#8211; <\/b><a href=\"http:\/\/www.maninalto.org\/\"><b>www.maninalto.org<\/b><\/a><\/p>\n","protected":false},"excerpt":{"rendered":"<p>L\u2019artista internazionale e il complesso infantile fra i pi\u00f9 celebri al mondo danno vita ad un brano che disegna in musica, attraverso il linguaggio puro e colorato dei bambini, il tema sociale dell\u2019immigrazione. \u201cSolcando le onde\u201d \u00e8 il nuovo singolo di Tonino Carotone accompagnato dal Piccolo Coro &#8220;Mariele Ventre&#8221; dell&#8217;Antoniano, diretto da Sabrina Simoni. Una [&hellip;]<\/p>\n","protected":false},"author":4383,"featured_media":0,"comment_status":"open","ping_status":"open","sticky":false,"template":"","format":"standard","meta":{"footnotes":""},"categories":[12],"tags":[],"class_list":["post-42561","post","type-post","status-publish","format-standard","hentry","category-musica"],"_links":{"self":[{"href":"https:\/\/www.area-press.eu\/comunicatistampa\/wp-json\/wp\/v2\/posts\/42561","targetHints":{"allow":["GET"]}}],"collection":[{"href":"https:\/\/www.area-press.eu\/comunicatistampa\/wp-json\/wp\/v2\/posts"}],"about":[{"href":"https:\/\/www.area-press.eu\/comunicatistampa\/wp-json\/wp\/v2\/types\/post"}],"author":[{"embeddable":true,"href":"https:\/\/www.area-press.eu\/comunicatistampa\/wp-json\/wp\/v2\/users\/4383"}],"replies":[{"embeddable":true,"href":"https:\/\/www.area-press.eu\/comunicatistampa\/wp-json\/wp\/v2\/comments?post=42561"}],"version-history":[{"count":2,"href":"https:\/\/www.area-press.eu\/comunicatistampa\/wp-json\/wp\/v2\/posts\/42561\/revisions"}],"predecessor-version":[{"id":42576,"href":"https:\/\/www.area-press.eu\/comunicatistampa\/wp-json\/wp\/v2\/posts\/42561\/revisions\/42576"}],"wp:attachment":[{"href":"https:\/\/www.area-press.eu\/comunicatistampa\/wp-json\/wp\/v2\/media?parent=42561"}],"wp:term":[{"taxonomy":"category","embeddable":true,"href":"https:\/\/www.area-press.eu\/comunicatistampa\/wp-json\/wp\/v2\/categories?post=42561"},{"taxonomy":"post_tag","embeddable":true,"href":"https:\/\/www.area-press.eu\/comunicatistampa\/wp-json\/wp\/v2\/tags?post=42561"}],"curies":[{"name":"wp","href":"https:\/\/api.w.org\/{rel}","templated":true}]}}